{"id":1217,"date":"2022-11-06T20:11:10","date_gmt":"2022-11-06T20:11:10","guid":{"rendered":"http:\/\/elpuclitico.cl\/?p=1217"},"modified":"2023-01-04T20:48:20","modified_gmt":"2023-01-04T20:48:20","slug":"comenzar-desde-lo-mas-sencillo","status":"publish","type":"post","link":"https:\/\/elpuclitico.cl\/index.php\/2022\/11\/06\/comenzar-desde-lo-mas-sencillo\/","title":{"rendered":"Comenzar desde lo m\u00e1s sencillo"},"content":{"rendered":"\n<p>Hace unas semanas la recientemente electa consejera superior Camila Rojas comentaba que \u201cEste a\u00f1o de retorno se ha caracterizado por nuestras experiencias de soledad\u201d, y no se equivocaba, y es que, a d\u00eda de hoy solo basta dar una vuelta por los patios para ver un mont\u00f3n de estudiantes novatos y no tan novatos en soledad, en muchos casos, porque son t\u00edmidos, introvertidos, no han tenido la suerte de convivir con otros compa\u00f1eros o por simple decisi\u00f3n propia.<br>M\u00e1s all\u00e1 de la raz\u00f3n de esa soledad creo que es importante combatirla, m\u00e1s a\u00fan ahora que la salud mental ha empeorado dentro de la comunidad, puesto que es altamente probable que aquellos que viven su vida universitaria sin apoyo social no tengan ninguna herramienta con la que enfrentar el estr\u00e9s y sus derivados. Por este motivo, siento que es fundamental crear espacios de convivencia como los que ya se suelen realizar para aquellos estudiantes miembros de colectivos o que han ingresado mediante admisi\u00f3n especial, pero de modo general para novatos y no tan novatos.<br>Cierto es que si queremos mejorar la salud mental dentro de la universidad es importante comenzar desde lo m\u00e1s sencillo; fomentar la sociabilidad entre estudiantes para combatir el estr\u00e9s.<\/p>\n\n\n\n<p><br>\u00c1ngel C\u00e1ceres, College Ciencias Sociales.<\/p>\n","protected":false},"excerpt":{"rendered":"<p>Hace unas semanas la recientemente electa consejera superior Camila Rojas comentaba que \u201cEste a\u00f1o de retorno se ha caracterizado por nuestras experiencias de soledad\u201d, y no se equivocaba, y es que, a d\u00eda de hoy solo basta dar una vuelta por los patios para ver un mont\u00f3n de estudiantes novatos y no tan novatos en [&hellip;]<\/p>\n","protected":false},"author":1,"featured_media":1215,"comment_status":"open","ping_status":"open","sticky":false,"template":"","format":"standard","meta":{"_eb_attr":"","_gspb_post_css":"","om_disable_all_campaigns":false,"_monsterinsights_skip_tracking":false,"_monsterinsights_sitenote_active":false,"_monsterinsights_sitenote_note":"","_monsterinsights_sitenote_category":0,"footnotes":""},"categories":[12,21],"tags":[],"class_list":["post-1217","post","type-post","status-publish","format-standard","has-post-thumbnail","hentry","category-columnas-de-opinion","category-opinion"],"blocksy_meta":[],"aioseo_notices":[],"_links":{"self":[{"href":"https:\/\/elpuclitico.cl\/index.php\/wp-json\/wp\/v2\/posts\/1217","targetHints":{"allow":["GET"]}}],"collection":[{"href":"https:\/\/elpuclitico.cl\/index.php\/wp-json\/wp\/v2\/posts"}],"about":[{"href":"https:\/\/elpuclitico.cl\/index.php\/wp-json\/wp\/v2\/types\/post"}],"author":[{"embeddable":true,"href":"https:\/\/elpuclitico.cl\/index.php\/wp-json\/wp\/v2\/users\/1"}],"replies":[{"embeddable":true,"href":"https:\/\/elpuclitico.cl\/index.php\/wp-json\/wp\/v2\/comments?post=1217"}],"version-history":[{"count":3,"href":"https:\/\/elpuclitico.cl\/index.php\/wp-json\/wp\/v2\/posts\/1217\/revisions"}],"predecessor-version":[{"id":1474,"href":"https:\/\/elpuclitico.cl\/index.php\/wp-json\/wp\/v2\/posts\/1217\/revisions\/1474"}],"wp:featuredmedia":[{"embeddable":true,"href":"https:\/\/elpuclitico.cl\/index.php\/wp-json\/wp\/v2\/media\/1215"}],"wp:attachment":[{"href":"https:\/\/elpuclitico.cl\/index.php\/wp-json\/wp\/v2\/media?parent=1217"}],"wp:term":[{"taxonomy":"category","embeddable":true,"href":"https:\/\/elpuclitico.cl\/index.php\/wp-json\/wp\/v2\/categories?post=1217"},{"taxonomy":"post_tag","embeddable":true,"href":"https:\/\/elpuclitico.cl\/index.php\/wp-json\/wp\/v2\/tags?post=1217"}],"curies":[{"name":"wp","href":"https:\/\/api.w.org\/{rel}","templated":true}]}}