{"id":1252,"date":"2022-12-31T00:56:37","date_gmt":"2022-12-31T00:56:37","guid":{"rendered":"http:\/\/elpuclitico.cl\/?p=1252"},"modified":"2023-05-25T00:41:30","modified_gmt":"2023-05-25T00:41:30","slug":"las-postales-que-marcaron-el-2022-en-la-uc","status":"publish","type":"post","link":"https:\/\/elpuclitico.cl\/index.php\/2022\/12\/31\/las-postales-que-marcaron-el-2022-en-la-uc\/","title":{"rendered":"Las postales que marcaron el 2022 en la UC"},"content":{"rendered":"\t\t<div data-elementor-type=\"wp-post\" data-elementor-id=\"1252\" class=\"elementor elementor-1252\" data-elementor-post-type=\"post\">\n\t\t\t\t\t\t<section data-particle_enable=\"false\" data-particle-mobile-disabled=\"false\" class=\"elementor-section elementor-top-section elementor-element elementor-element-6d0e1ba elementor-section-boxed elementor-section-height-default elementor-section-height-default\" data-id=\"6d0e1ba\" data-element_type=\"section\">\n\t\t\t\t\t\t<div class=\"elementor-container elementor-column-gap-default\">\n\t\t\t\t\t<div class=\"elementor-column elementor-col-100 elementor-top-column elementor-element elementor-element-1930c5f\" data-id=\"1930c5f\" data-element_type=\"column\">\n\t\t\t<div class=\"elementor-widget-wrap elementor-element-populated\">\n\t\t\t\t\t\t<div class=\"elementor-element elementor-element-16c222c elementor-widget elementor-widget-text-editor\" data-id=\"16c222c\" data-element_type=\"widget\" data-widget_type=\"text-editor.default\">\n\t\t\t\t<div class=\"elementor-widget-container\">\n\t\t\t\t\t\t\t\t\t<p>El a\u00f1o 2022 ser\u00e1 un a\u00f1o para recordar. A nivel nacional e internacional se vio marcado por el t\u00e9rmino de un proceso constituyente que culmin\u00f3 en un categ\u00f3rico Rechazo a la propuesta, el cambio de gobierno encabezado por la presidencia de Gabriel Boric, el conflicto entre Rusia y Ucrania, entre muchas otras cosas. No obstante lo anterior, la casa de estudios de la Santa Sede en Santiago no estuvo exenta de movimiento, sorpresas y sucesos que -para bien o para mal- marcaron este a\u00f1o y lograron generar un impacto significativo en la comunidad universitaria.<\/p><p>De esta manera, desde El PUCl\u00edtico traemos una recopilaci\u00f3n de una serie de momentos significativos y relevantes que fueron parte de este a\u00f1o en la UC y que marcaron las vivencias universitarias de este 2022.\u00a0<\/p>\t\t\t\t\t\t\t\t<\/div>\n\t\t\t\t<\/div>\n\t\t\t\t\t<\/div>\n\t\t<\/div>\n\t\t\t\t\t<\/div>\n\t\t<\/section>\n\t\t\t\t<section data-particle_enable=\"false\" data-particle-mobile-disabled=\"false\" class=\"elementor-section elementor-top-section elementor-element elementor-element-78a01d1 elementor-section-boxed elementor-section-height-default elementor-section-height-default\" data-id=\"78a01d1\" data-element_type=\"section\">\n\t\t\t\t\t\t<div class=\"elementor-container elementor-column-gap-default\">\n\t\t\t\t\t<div class=\"elementor-column elementor-col-100 elementor-top-column elementor-element elementor-element-18b326a\" data-id=\"18b326a\" data-element_type=\"column\">\n\t\t\t<div class=\"elementor-widget-wrap elementor-element-populated\">\n\t\t\t\t\t\t<div class=\"elementor-element elementor-element-c778614 elementor-widget elementor-widget-accordion\" data-id=\"c778614\" data-element_type=\"widget\" data-widget_type=\"accordion.default\">\n\t\t\t\t<div class=\"elementor-widget-container\">\n\t\t\t\t\t\t\t<div class=\"elementor-accordion\">\n\t\t\t\t\t\t\t<div class=\"elementor-accordion-item\">\n\t\t\t\t\t<div id=\"elementor-tab-title-2091\" class=\"elementor-tab-title\" data-tab=\"1\" role=\"button\" aria-controls=\"elementor-tab-content-2091\" aria-expanded=\"false\">\n\t\t\t\t\t\t\t\t\t\t\t\t\t<span class=\"elementor-accordion-icon elementor-accordion-icon-left\" aria-hidden=\"true\">\n\t\t\t\t\t\t\t\t\t\t\t\t\t\t\t<span class=\"elementor-accordion-icon-closed\"><i class=\"fas fa-plus\"><\/i><\/span>\n\t\t\t\t\t\t\t\t<span class=\"elementor-accordion-icon-opened\"><i class=\"fas fa-minus\"><\/i><\/span>\n\t\t\t\t\t\t\t\t\t\t\t\t\t\t<\/span>\n\t\t\t\t\t\t\t\t\t\t\t\t<a class=\"elementor-accordion-title\" tabindex=\"0\">1. Vuelta a la presencialidad<\/a>\n\t\t\t\t\t<\/div>\n\t\t\t\t\t<div id=\"elementor-tab-content-2091\" class=\"elementor-tab-content elementor-clearfix\" data-tab=\"1\" role=\"region\" aria-labelledby=\"elementor-tab-title-2091\"><p dir=\"ltr\" style=\"line-height: 1.38; text-align: justify; margin-top: 0pt; margin-bottom: 0pt;\"><img fetchpriority=\"high\" decoding=\"async\" style=\"background-color: transparent; color: #000000; font-family: Verdana; font-size: 12pt; font-weight: bold; white-space: pre-wrap; letter-spacing: inherit; margin-left: 0px; margin-top: 0px;\" src=\"https:\/\/lh5.googleusercontent.com\/ahuaI_7W2LCTvbmPHU6NEURYWg5s-tvO0E0G2nTgHXoMlbc3SjxBle-XSBUMZUFmjX95RUelIb8ieQLm3I6mD65m_3NbCXm246DdEoUoVK6kptUDLFQ90gnOe2hj1pbcpqUEG8Op8WECydwcfiXW_curLNqpEmTPqA7CHl3LBIgNAztxFeWt2YcOtwex_Q\" width=\"602\" height=\"457\" \/><\/p><p dir=\"ltr\" style=\"line-height: 1.38; margin-top: 0pt; margin-bottom: 0pt;\"><span style=\"background-color: transparent; color: #000000; font-family: Verdana; font-size: 8pt; font-style: italic; font-weight: var( --e-global-typography-text-font-weight ); letter-spacing: inherit; white-space: pre-wrap;\">Fotograf\u00eda extra\u00edda de: https:\/\/www.uc.cl\/noticias\/en-2022-la-uc-vuelve-a-la-presencialidad-total\/<\/span><\/p><p dir=\"ltr\" style=\"line-height: 1.38; margin-top: 0pt; margin-bottom: 0pt;\"><span style=\"background-color: transparent; color: #000000; font-family: Verdana; font-size: 8pt; font-style: italic; white-space: pre-wrap; letter-spacing: inherit;\">\u00a0<\/span><\/p><p dir=\"ltr\" style=\"line-height: 1.38; text-align: justify; margin-top: 0pt; margin-bottom: 0pt;\"><span style=\"font-size: 12pt; font-family: Verdana; color: #000000; background-color: transparent; font-weight: bold; font-style: normal; font-variant: normal; text-decoration: none; vertical-align: baseline; white-space: pre-wrap;\">Vuelta a la presencialidad<\/span><\/p><p dir=\"ltr\" style=\"line-height: 1.38; text-align: justify; margin-top: 0pt; margin-bottom: 0pt;\"><span style=\"font-size: 12pt; font-family: Verdana; color: #000000; background-color: transparent; font-weight: bold; font-style: normal; font-variant: normal; text-decoration: none; vertical-align: baseline; white-space: pre-wrap;\">\u00a0<\/span><\/p><p dir=\"ltr\" style=\"line-height: 1.38; text-align: justify; margin-top: 0pt; margin-bottom: 0pt;\"><span style=\"font-size: 12pt; font-family: Verdana; color: #000000; background-color: transparent; font-weight: 400; font-style: normal; font-variant: normal; text-decoration: none; vertical-align: baseline; white-space: pre-wrap;\">Partimos con uno de los hitos m\u00e1s ic\u00f3nicos y esperados por la comunidad universitaria: la vuelta a la presencialidad despu\u00e9s de dos a\u00f1os de clases y actividades totalmente remotas. Sin aforo en las salas y con sonrisas tapadas por la mascarilla, el estudiantado volvi\u00f3 a encontrarse en los patios y salas de clase, adem\u00e1s de actividades realizadas en los campus y fuera de ellos, permitiendo as\u00ed el retorno de lo que se hab\u00eda perdido por las cuarentenas y el COVID-19: la vida universitaria presencial y una comunidad UC en los campus de su universidad. Ya con la posterior eliminaci\u00f3n obligatoria del uso de mascarillas en los campus, hoy en d\u00eda se puede ver en Casa Central, San Joaqu\u00edn, Oriente, Villarrica y Lo Contador el movimiento que se ve\u00eda en 2019, con la comunidad reencontr\u00e1ndose para continuar viviendo la Universidad.<\/span><\/p><\/div>\n\t\t\t\t<\/div>\n\t\t\t\t\t\t\t<div class=\"elementor-accordion-item\">\n\t\t\t\t\t<div id=\"elementor-tab-title-2092\" class=\"elementor-tab-title\" data-tab=\"2\" role=\"button\" aria-controls=\"elementor-tab-content-2092\" aria-expanded=\"false\">\n\t\t\t\t\t\t\t\t\t\t\t\t\t<span class=\"elementor-accordion-icon elementor-accordion-icon-left\" aria-hidden=\"true\">\n\t\t\t\t\t\t\t\t\t\t\t\t\t\t\t<span class=\"elementor-accordion-icon-closed\"><i class=\"fas fa-plus\"><\/i><\/span>\n\t\t\t\t\t\t\t\t<span class=\"elementor-accordion-icon-opened\"><i class=\"fas fa-minus\"><\/i><\/span>\n\t\t\t\t\t\t\t\t\t\t\t\t\t\t<\/span>\n\t\t\t\t\t\t\t\t\t\t\t\t<a class=\"elementor-accordion-title\" tabindex=\"0\">2. Lucha BAES: la b\u00fasqueda de reactivar la movilizaci\u00f3n estudiantil<\/a>\n\t\t\t\t\t<\/div>\n\t\t\t\t\t<div id=\"elementor-tab-content-2092\" class=\"elementor-tab-content elementor-clearfix\" data-tab=\"2\" role=\"region\" aria-labelledby=\"elementor-tab-title-2092\"><p><img decoding=\"async\" style=\"background-color: transparent; color: #000000; font-family: Verdana; font-size: 12pt; white-space: pre-wrap; text-align: justify; letter-spacing: inherit; margin-left: 0px; margin-top: 0px;\" src=\"https:\/\/lh3.googleusercontent.com\/LxbwllQoynUkB8cmc2mNNa0HpGrBX5fvf9jQ9v-geBzRQEniOQTbtkhsV_DaiJs0spiMtKpa-G55XcCsyJuJd-r6ZG9rLXmtlqfIF1RGD7x3ODcok-RjeC7LlZYoywRJ2Sp47CFbJ0NE4yLychEGNmdywAp-y5Gyk8NpGAvVACtKsvefzfzNFuVU7yAG3Q\" width=\"451\" height=\"217\" \/><span style=\"background-color: transparent; color: #000000; font-family: Verdana; font-size: 8pt; white-space: pre-wrap; text-align: justify; letter-spacing: inherit;\">Fuente foto: Radio JGM.<\/span><\/p><p dir=\"ltr\" style=\"line-height: 1.38; text-align: justify; margin-top: 0pt; margin-bottom: 0pt;\"><span style=\"font-size: 12pt; font-family: Verdana; color: #000000; background-color: transparent; font-weight: bold; font-style: normal; font-variant: normal; text-decoration: none; vertical-align: baseline; white-space: pre-wrap;\">Lucha BAES: la b\u00fasqueda de reactivar la movilizaci\u00f3n estudiantil<\/span><\/p><p dir=\"ltr\" style=\"line-height: 1.38; text-align: justify; margin-top: 0pt; margin-bottom: 0pt;\"><span style=\"font-size: 12pt; font-family: Verdana; color: #000000; background-color: transparent; font-weight: bold; font-style: normal; font-variant: normal; text-decoration: none; vertical-align: baseline; white-space: pre-wrap;\">\u00a0<\/span><\/p><p dir=\"ltr\" style=\"line-height: 1.38; text-align: justify; margin-top: 0pt; margin-bottom: 0pt;\"><span style=\"font-size: 12pt; font-family: Verdana; color: #000000; background-color: transparent; font-weight: 400; font-style: normal; font-variant: normal; text-decoration: none; vertical-align: baseline; white-space: pre-wrap;\">La Beca de Alimentaci\u00f3n para la Educaci\u00f3n Superior (BAES) se trata de un monto espec\u00edfico que se le entrega al estudiante para cubrir sus necesidades alimenticias mes a mes. No obstante, este monto no hab\u00eda sido modificado desde el a\u00f1o 2012, cuando la canasta b\u00e1sica de alimentos era de 32.000 pesos por persona. Ahora, diez a\u00f1os despu\u00e9s, el costo de la vida increment\u00f3 considerablemente, pues la misma canasta para marzo de este a\u00f1o costaba alrededor de 55.00 pesos. Lo anterior desencaden\u00f3 una acusaci\u00f3n desde la CONFECh que el monto entregado por esta beca no era suficiente para cubrir las necesidades b\u00e1sicas de los beneficiarios.\u00a0<\/span><\/p><p dir=\"ltr\" style=\"line-height: 1.38; text-align: justify; margin-top: 0pt; margin-bottom: 0pt;\"><span style=\"font-size: 12pt; font-family: Verdana; color: #000000; background-color: transparent; font-weight: 400; font-style: normal; font-variant: normal; text-decoration: none; vertical-align: baseline; white-space: pre-wrap;\">\u00a0<\/span><\/p><p dir=\"ltr\" style=\"line-height: 1.38; text-align: justify; margin-top: 0pt; margin-bottom: 0pt;\"><span style=\"font-size: 12pt; font-family: Verdana; color: #000000; background-color: transparent; font-weight: 400; font-style: normal; font-variant: normal; text-decoration: none; vertical-align: baseline; white-space: pre-wrap;\">Es por esto que el d\u00eda 25 de marzo, miles de estudiantes a nivel nacional se movilizaron, convocados por la Lucha Baes y la Confederaci\u00f3n de Estudiantes de Chile, donde el petitorio fue: el aumento del monto a 63.376, la extensi\u00f3n de la BAES a los meses de enero y febrero y la diversificaci\u00f3n de la oferta que cubre la beca. Este suceso fue considerado por muchos un intento de reactivaci\u00f3n de la movilizaci\u00f3n estudiantil ante la b\u00fasqueda de alcanzar visibilidad medi\u00e1tica dadas las demandas expuestas por distintas federaciones estudiantiles y organizaciones de estudiantes secundarios.<\/span><\/p><p dir=\"ltr\" style=\"line-height: 1.38; text-align: justify; margin-top: 0pt; margin-bottom: 0pt;\"><span style=\"font-size: 12pt; font-family: Verdana; color: #000000; background-color: transparent; font-weight: 400; font-style: normal; font-variant: normal; text-decoration: none; vertical-align: baseline; white-space: pre-wrap;\">\u00a0<\/span><\/p><p dir=\"ltr\" style=\"line-height: 1.38; text-align: justify; margin-top: 0pt; margin-bottom: 0pt;\"><span style=\"font-size: 12pt; font-family: Verdana; color: #000000; background-color: transparent; font-weight: 400; font-style: normal; font-variant: normal; text-decoration: none; vertical-align: baseline; white-space: pre-wrap;\">Unos d\u00edas despu\u00e9s, el 7 de abril, el Presidente Gabriel Boric, anunci\u00f3 el reajuste de la BAES, no en el monto demandado, pero s\u00ed en un 15%, equivalente a 4.800 pesos m\u00e1s.<\/span><\/p><\/div>\n\t\t\t\t<\/div>\n\t\t\t\t\t\t\t<div class=\"elementor-accordion-item\">\n\t\t\t\t\t<div id=\"elementor-tab-title-2093\" class=\"elementor-tab-title\" data-tab=\"3\" role=\"button\" aria-controls=\"elementor-tab-content-2093\" aria-expanded=\"false\">\n\t\t\t\t\t\t\t\t\t\t\t\t\t<span class=\"elementor-accordion-icon elementor-accordion-icon-left\" aria-hidden=\"true\">\n\t\t\t\t\t\t\t\t\t\t\t\t\t\t\t<span class=\"elementor-accordion-icon-closed\"><i class=\"fas fa-plus\"><\/i><\/span>\n\t\t\t\t\t\t\t\t<span class=\"elementor-accordion-icon-opened\"><i class=\"fas fa-minus\"><\/i><\/span>\n\t\t\t\t\t\t\t\t\t\t\t\t\t\t<\/span>\n\t\t\t\t\t\t\t\t\t\t\t\t<a class=\"elementor-accordion-title\" tabindex=\"0\">3. Primeras decanas electas en facultades de Ingenier\u00eda e HGyCP<\/a>\n\t\t\t\t\t<\/div>\n\t\t\t\t\t<div id=\"elementor-tab-content-2093\" class=\"elementor-tab-content elementor-clearfix\" data-tab=\"3\" role=\"region\" aria-labelledby=\"elementor-tab-title-2093\"><p dir=\"ltr\" style=\"line-height: 1.38; text-align: justify; margin-top: 0pt; margin-bottom: 0pt;\"><img decoding=\"async\" style=\"background-color: transparent; color: #000000; font-family: Verdana; font-size: 12pt; font-weight: bold; white-space: pre-wrap; letter-spacing: inherit; margin-left: 0px; margin-top: 0px;\" src=\"https:\/\/lh3.googleusercontent.com\/ZpZ0_5XFveK2govEb1e9ni2hxPA2o8wR7Whd5xUm2PMLGEsSH5r6V6t3U_F5w0UAzQfUu_Je37CE_-RLwRiRrOM9onRD3lY5RG2T_ZHeAbVbSC71V7E9xTCIk9f_dAymYvGYJDnNvVc94qLB4SGafwzkHqYLd0qb4rthlayuFS7ues_BqeBcnxmHHqsVcg\" width=\"602\" height=\"601\" \/><\/p><p><span id=\"docs-internal-guid-f06a6a4e-7fff-e0c2-e84f-d84988865251\"><span style=\"font-size: 8pt; font-family: Verdana; color: #000000; background-color: transparent; font-style: italic; font-variant-numeric: normal; font-variant-east-asian: normal; vertical-align: baseline; white-space: pre-wrap;\">Fuente fotos: noticias UC<\/span><\/span><\/p><p><span id=\"docs-internal-guid-cbfb9852-7fff-ab7e-ab74-543bc2b6a5d7\"><span style=\"font-size: 12pt; font-family: Verdana; color: #000000; background-color: transparent; font-weight: bold; font-variant-numeric: normal; font-variant-east-asian: normal; vertical-align: baseline; white-space: pre-wrap;\">Primeras decanas electas en las Facultades de Ingenier\u00eda y HGyCP<\/span><\/span><b style=\"font-weight: normal;\"><br \/><\/b><\/p><p dir=\"ltr\" style=\"line-height: 1.38; text-align: justify; margin-top: 0pt; margin-bottom: 0pt;\"><span style=\"font-size: 12pt; font-family: Verdana; color: #000000; background-color: transparent; font-weight: 400; font-style: normal; font-variant: normal; text-decoration: none; vertical-align: baseline; white-space: pre-wrap;\">El 2022 fue un avance en la representaci\u00f3n de la mujer en cargos p\u00fablicos y acad\u00e9micos. En la Universidad Cat\u00f3lica se reflej\u00f3 aquello en el nombramiento de las decanas Loreto Valenzuela de la Facultad de Ingenier\u00eda, y Valeria Palanza de la Facultad de Historia, Geograf\u00eda y Ciencia Pol\u00edtica, respectivamente.<\/span><\/p><p dir=\"ltr\" style=\"line-height: 1.38; text-align: justify; margin-top: 0pt; margin-bottom: 0pt;\"><span style=\"font-size: 12pt; font-family: Verdana; color: #000000; background-color: transparent; font-weight: 400; font-style: normal; font-variant: normal; text-decoration: none; vertical-align: baseline; white-space: pre-wrap;\">\u00a0<\/span><\/p><p dir=\"ltr\" style=\"line-height: 1.38; text-align: justify; margin-top: 0pt; margin-bottom: 0pt;\"><span style=\"font-size: 12pt; font-family: Verdana; color: #000000; background-color: transparent; font-weight: 400; font-style: normal; font-variant: normal; text-decoration: none; vertical-align: baseline; white-space: pre-wrap;\">Valenzuela, quien cuenta con un Mag\u00edster en la UC y un Ph.D. en Estados Unidos, asume como la primera decana mujer en la historia de la facultad en 130 a\u00f1os. Ella tiene una carrera llena de reconocimientos internacionales, adem\u00e1s de estar dentro de las 100 Mujeres L\u00edderes del 2019.<\/span><\/p><p dir=\"ltr\" style=\"line-height: 1.38; text-align: justify; margin-top: 0pt; margin-bottom: 0pt;\"><span style=\"font-size: 12pt; font-family: Verdana; color: #000000; background-color: transparent; font-weight: 400; font-style: normal; font-variant: normal; text-decoration: none; vertical-align: baseline; white-space: pre-wrap;\">\u00a0<\/span><\/p><p dir=\"ltr\" style=\"line-height: 1.38; text-align: justify; margin-top: 0pt; margin-bottom: 0pt;\"><span style=\"font-size: 12pt; font-family: Verdana; color: #000000; background-color: transparent; font-weight: 400; font-style: normal; font-variant: normal; text-decoration: none; vertical-align: baseline; white-space: pre-wrap;\">Por su parte, la Dra. Palanza, cientista pol\u00edtica experta en procesos democr\u00e1ticos y acad\u00e9mica premiada por su libro \u00abChecking Presidential Power\u00bb -entre otros-, es la primera mujer en liderar la Facultad de Historia Geograf\u00eda y Ciencia Pol\u00edtica. Palanza tambi\u00e9n participa en el proyecto acad\u00e9mico y feminista Red de Polit\u00f3logas, la cual tiene cobertura continental.<\/span><\/p><p>\u00a0<\/p><p dir=\"ltr\" style=\"line-height: 1.38; text-align: justify; margin-top: 0pt; margin-bottom: 0pt;\"><span style=\"font-size: 12pt; font-family: Verdana; color: #000000; background-color: transparent; font-weight: 400; font-style: normal; font-variant: normal; text-decoration: none; vertical-align: baseline; white-space: pre-wrap;\">\u00a1Le deseamos el mejor de los \u00e9xitos a ambas!<\/span><\/p><\/div>\n\t\t\t\t<\/div>\n\t\t\t\t\t\t\t<div class=\"elementor-accordion-item\">\n\t\t\t\t\t<div id=\"elementor-tab-title-2094\" class=\"elementor-tab-title\" data-tab=\"4\" role=\"button\" aria-controls=\"elementor-tab-content-2094\" aria-expanded=\"false\">\n\t\t\t\t\t\t\t\t\t\t\t\t\t<span class=\"elementor-accordion-icon elementor-accordion-icon-left\" aria-hidden=\"true\">\n\t\t\t\t\t\t\t\t\t\t\t\t\t\t\t<span class=\"elementor-accordion-icon-closed\"><i class=\"fas fa-plus\"><\/i><\/span>\n\t\t\t\t\t\t\t\t<span class=\"elementor-accordion-icon-opened\"><i class=\"fas fa-minus\"><\/i><\/span>\n\t\t\t\t\t\t\t\t\t\t\t\t\t\t<\/span>\n\t\t\t\t\t\t\t\t\t\t\t\t<a class=\"elementor-accordion-title\" tabindex=\"0\">4. Zelenski en la UC<\/a>\n\t\t\t\t\t<\/div>\n\t\t\t\t\t<div id=\"elementor-tab-content-2094\" class=\"elementor-tab-content elementor-clearfix\" data-tab=\"4\" role=\"region\" aria-labelledby=\"elementor-tab-title-2094\"><p dir=\"ltr\" style=\"line-height: 1.38; text-align: justify; margin-top: 0pt; margin-bottom: 0pt;\"><img loading=\"lazy\" decoding=\"async\" style=\"background-color: transparent; color: #000000; font-family: Verdana; font-size: 12pt; font-weight: bold; white-space: pre-wrap; letter-spacing: inherit; margin-left: 0px; margin-top: 0px;\" src=\"https:\/\/lh3.googleusercontent.com\/rGYAk3-bVdkLgOxXXyqryJSyG9XzwLXdjSVWzISc3WFo-vTxv0MqZz23ZIliXSp05kojwt3qulKcSihGZoaqDWqr_OWlYrd7sDtkb_uwW1O-r_mJ28-g9bdsvDk6IlE_AX8Tl2BbbiEZhc5k909e0_gLl6VLLvI-_6UQH4FHEMMujsWSXCrgU2W6qzHjLg\" width=\"602\" height=\"457\" \/><\/p><p dir=\"ltr\" style=\"line-height: 1.38; text-align: justify; margin-top: 0pt; margin-bottom: 0pt;\"><span style=\"font-size: 12pt; font-family: Verdana; color: #000000; background-color: transparent; font-weight: bold; font-style: normal; font-variant: normal; text-decoration: none; vertical-align: baseline; white-space: pre-wrap;\"><span style=\"background-color: transparent; font-size: 8pt; font-style: italic; font-weight: var( --e-global-typography-text-font-weight ); text-align: left; letter-spacing: inherit;\">Fuente foto: noticias UC<\/span><\/span><\/p><p dir=\"ltr\" style=\"line-height: 1.38; text-align: justify; margin-top: 0pt; margin-bottom: 0pt;\"><span style=\"font-size: 12pt; font-family: Verdana; color: #000000; background-color: transparent; font-weight: bold; font-style: normal; font-variant: normal; text-decoration: none; vertical-align: baseline; white-space: pre-wrap;\">\u00a0<\/span><\/p><p dir=\"ltr\" style=\"line-height: 1.38; text-align: justify; margin-top: 0pt; margin-bottom: 0pt;\"><span style=\"font-size: 12pt; font-family: Verdana; color: #000000; background-color: transparent; font-weight: bold; font-style: normal; font-variant: normal; text-decoration: none; vertical-align: baseline; white-space: pre-wrap;\">Zelenski en la UC<\/span><\/p><p dir=\"ltr\" style=\"line-height: 1.38; text-align: justify; margin-top: 0pt; margin-bottom: 0pt;\"><span style=\"font-size: 12pt; font-family: Verdana; color: #000000; background-color: transparent; font-weight: bold; font-style: normal; font-variant: normal; text-decoration: none; vertical-align: baseline; white-space: pre-wrap;\">\u00a0<\/span><\/p><p dir=\"ltr\" style=\"line-height: 1.38; text-align: justify; margin-top: 0pt; margin-bottom: 0pt;\"><span style=\"font-size: 12pt; font-family: Verdana; color: #000000; background-color: transparent; font-weight: 400; font-style: normal; font-variant: normal; text-decoration: none; vertical-align: baseline; white-space: pre-wrap;\">Sin duda alguna, la presencia de una figura internacional en la casa de estudios fue un hito que no qued\u00f3 atr\u00e1s.\u00a0<\/span><\/p><p dir=\"ltr\" style=\"line-height: 1.38; text-align: justify; margin-top: 0pt; margin-bottom: 0pt;\"><span style=\"font-size: 12pt; font-family: Verdana; color: #000000; background-color: transparent; font-weight: 400; font-style: normal; font-variant: normal; text-decoration: none; vertical-align: baseline; white-space: pre-wrap;\">Volodimir Zelenski, presidente de Ucrania, decidi\u00f3 escoger a la UC para realizar una videoconferencia en la que se dirig\u00eda a Latinoam\u00e9rica en el marco de la guerra que su pa\u00eds estaba enfrentando con Rusia.<\/span><\/p><p>\u00a0<\/p><p dir=\"ltr\" style=\"line-height: 1.38; text-align: justify; margin-top: 0pt; margin-bottom: 0pt;\"><span style=\"font-size: 12pt; font-family: Verdana; color: #000000; background-color: transparent; font-weight: 400; font-style: normal; font-variant: normal; text-decoration: none; vertical-align: baseline; white-space: pre-wrap;\">El m\u00e1ximo mandatario ucraniano destac\u00f3 en su discurso la destrucci\u00f3n de su pa\u00eds y el \u00abexterminio de su gente\u00bb por parte del ej\u00e9rcito ruso. Es por esto que aprovech\u00f3 en conformar un lazo con la UC para poder realizar intercambios a su pa\u00eds en orden de reconstruirlo y denunciar \u201ccr\u00edmenes desatados\u201d ocurridos en las distintas ciudades ucranianas.<\/span><\/p><\/div>\n\t\t\t\t<\/div>\n\t\t\t\t\t\t\t<div class=\"elementor-accordion-item\">\n\t\t\t\t\t<div id=\"elementor-tab-title-2095\" class=\"elementor-tab-title\" data-tab=\"5\" role=\"button\" aria-controls=\"elementor-tab-content-2095\" aria-expanded=\"false\">\n\t\t\t\t\t\t\t\t\t\t\t\t\t<span class=\"elementor-accordion-icon elementor-accordion-icon-left\" aria-hidden=\"true\">\n\t\t\t\t\t\t\t\t\t\t\t\t\t\t\t<span class=\"elementor-accordion-icon-closed\"><i class=\"fas fa-plus\"><\/i><\/span>\n\t\t\t\t\t\t\t\t<span class=\"elementor-accordion-icon-opened\"><i class=\"fas fa-minus\"><\/i><\/span>\n\t\t\t\t\t\t\t\t\t\t\t\t\t\t<\/span>\n\t\t\t\t\t\t\t\t\t\t\t\t<a class=\"elementor-accordion-title\" tabindex=\"0\">5. Hist\u00f3rico acuerdo transversal: Consejo FEUC se opone a restricci\u00f3n pol\u00edtica de Rector\u00eda<\/a>\n\t\t\t\t\t<\/div>\n\t\t\t\t\t<div id=\"elementor-tab-content-2095\" class=\"elementor-tab-content elementor-clearfix\" data-tab=\"5\" role=\"region\" aria-labelledby=\"elementor-tab-title-2095\"><p dir=\"ltr\" style=\"line-height: 1.38; text-align: justify; margin-top: 0pt; margin-bottom: 0pt;\"><img loading=\"lazy\" decoding=\"async\" style=\"background-color: transparent; color: #000000; font-family: Verdana; font-size: 12pt; font-weight: var( --e-global-typography-text-font-weight ); white-space: pre-wrap; letter-spacing: inherit; text-align: left; margin-left: 0px; margin-top: 0px;\" src=\"https:\/\/lh4.googleusercontent.com\/Mz_TGy37nwxschLpsA4LfDbPdNm3UUbkzm601MgvRnoDpKS-ymK-2AneVhQGlDPnxcxjjgCcX2o_wrgJ23bBl1Dt2urYZc4l2MOCXieA5eSa1JbrcMzAS8_K4IpWEHOtuXXY7vah2acx_zuQHs8PN9lIuRHxw7YC0RGCKOX256q3UWoBn4_7YRLbyLX41Q\" width=\"560\" height=\"420\" \/> <span style=\"background-color: transparent; color: #000000; font-family: Verdana; font-weight: var( --e-global-typography-text-font-weight ); white-space: pre-wrap; letter-spacing: inherit; font-size: 8pt; font-style: italic;\">Fuente: FEUC 2022<\/span><\/p><p dir=\"ltr\" style=\"line-height: 1.38; text-align: justify; margin-top: 0pt; margin-bottom: 0pt;\"><span style=\"background-color: transparent; color: #000000; font-family: Verdana; font-size: 12pt; font-weight: bold; letter-spacing: inherit; white-space: pre-wrap;\">\u00a0<\/span><\/p><p dir=\"ltr\" style=\"line-height: 1.38; text-align: justify; margin-top: 0pt; margin-bottom: 0pt;\"><span style=\"background-color: transparent; color: #000000; font-family: Verdana; font-size: 12pt; font-weight: bold; letter-spacing: inherit; white-space: pre-wrap;\">Hist\u00f3rico acuerdo transversal: Consejo FEUC se opone a restricci\u00f3n pol\u00edtica de Rector\u00eda<\/span><\/p><p dir=\"ltr\" style=\"line-height: 1.38; text-align: justify; margin-top: 0pt; margin-bottom: 0pt;\"><span style=\"background-color: transparent; color: #000000; font-family: Verdana; font-size: 12pt; font-weight: var( --e-global-typography-text-font-weight ); letter-spacing: inherit; white-space: pre-wrap;\">\u00a0<\/span><\/p><p dir=\"ltr\" style=\"line-height: 1.38; text-align: justify; margin-top: 0pt; margin-bottom: 0pt;\"><span style=\"background-color: transparent; color: #000000; font-family: Verdana; font-size: 12pt; font-weight: var( --e-global-typography-text-font-weight ); letter-spacing: inherit; white-space: pre-wrap;\">Bien son conocidas las diferencias pol\u00edticas e ideol\u00f3gicas entre los representantes, movimientos y colectivos pol\u00edticos de la UC, las cuales se hicieron mucho m\u00e1s patentes a medida que se acercaba el plebiscito de salida, en donde cada movimiento y colectivo tomaba posici\u00f3n en torno a la Propuesta de Nueva Constituci\u00f3n.<\/span><\/p><p dir=\"ltr\" style=\"line-height: 1.38; text-align: justify; margin-top: 0pt; margin-bottom: 0pt;\"><span style=\"letter-spacing: inherit; background-color: transparent; font-size: 12pt; font-family: Verdana; color: #000000; font-variant-numeric: normal; font-variant-east-asian: normal; vertical-align: baseline; white-space: pre-wrap;\">\u00a0<\/span><\/p><p dir=\"ltr\" style=\"line-height: 1.38; text-align: justify; margin-top: 0pt; margin-bottom: 0pt;\"><span style=\"letter-spacing: inherit; background-color: transparent; font-size: 12pt; font-family: Verdana; color: #000000; font-variant-numeric: normal; font-variant-east-asian: normal; vertical-align: baseline; white-space: pre-wrap;\">No obstante lo anterior, dichas diferencias fueron dejadas de lado cuando todo el Consejo FEUC, de manera transversal y un\u00e1nime, se opone a una de las medidas m\u00e1s pol\u00e9micas tomadas desde Rector\u00eda: la restricci\u00f3n a la realizaci\u00f3n de propaganda y campa\u00f1a pol\u00edtica dentro de los campus hacia alguna de las opciones del plebiscito de salida. En efecto, tras comunicarse que \u201c<\/span><span style=\"letter-spacing: inherit; font-size: 12pt; font-family: Verdana; color: #121416; font-variant-numeric: normal; font-variant-east-asian: normal; vertical-align: baseline; white-space: pre-wrap;\">cualquier manifestaci\u00f3n o acto que haga propaganda a alguna de las opciones al interior de nuestros campus, no est\u00e1n autorizados<\/span><span style=\"letter-spacing: inherit; background-color: transparent; font-size: 12pt; font-family: Verdana; color: #000000; font-variant-numeric: normal; font-variant-east-asian: normal; vertical-align: baseline; white-space: pre-wrap;\">\u201d, <\/span><span style=\"font-family: Verdana; font-weight: var( --e-global-typography-text-font-weight ); font-size: 12pt; letter-spacing: inherit; background-color: transparent; color: #1155cc; font-variant-numeric: normal; font-variant-east-asian: normal; text-decoration-line: underline; text-decoration-skip-ink: none; vertical-align: baseline; white-space: pre-wrap;\"><a href=\"https:\/\/elpuclitico.cl\/index.php\/2022\/08\/09\/remezon-contra-rectoria-por-censura\/\">el malestar del Consejo FEUC fue categ\u00f3rico<\/a><\/span><span style=\"letter-spacing: inherit; background-color: transparent; font-size: 12pt; font-family: Verdana; color: #000000; font-variant-numeric: normal; font-variant-east-asian: normal; vertical-align: baseline; white-space: pre-wrap;\">.<\/span><\/p><p dir=\"ltr\" style=\"line-height: 1.38; text-align: justify; margin-top: 0pt; margin-bottom: 0pt;\"><span style=\"font-weight: var( --e-global-typography-text-font-weight ); text-align: left; letter-spacing: inherit; background-color: transparent; font-size: 12pt; font-family: Verdana; color: #000000; font-variant-numeric: normal; font-variant-east-asian: normal; vertical-align: baseline; white-space: pre-wrap;\">\u00a0<\/span><\/p><p dir=\"ltr\" style=\"line-height: 1.38; text-align: justify; margin-top: 0pt; margin-bottom: 0pt;\"><span style=\"font-weight: var( --e-global-typography-text-font-weight ); text-align: left; letter-spacing: inherit; background-color: transparent; font-size: 12pt; font-family: Verdana; color: #000000; font-variant-numeric: normal; font-variant-east-asian: normal; vertical-align: baseline; white-space: pre-wrap;\">Dado lo anterior, fue f\u00e1cil lograr el consenso para que todos los representantes, de izquierda a derecha, aprobaran una declaraci\u00f3n que expresaba el disgusto por la medida, y su inmediata derogaci\u00f3n, lo cual se logr\u00f3 tras una posterior reuni\u00f3n que la <\/span><span style=\"font-family: Verdana; font-weight: var( --e-global-typography-text-font-weight ); text-align: left; font-size: 12pt; letter-spacing: inherit; background-color: transparent; color: #1155cc; font-variant-numeric: normal; font-variant-east-asian: normal; text-decoration-line: underline; text-decoration-skip-ink: none; vertical-align: baseline; white-space: pre-wrap;\"><a href=\"https:\/\/elpuclitico.cl\/index.php\/2022\/08\/13\/rectoria-cede-se-permitira-propaganda-politica-sobre-el-plebiscito\/\">Directiva FEUC sostuvo con el Rector Ignacio S\u00e1nchez<\/a><\/span><span style=\"font-weight: var( --e-global-typography-text-font-weight ); text-align: left; letter-spacing: inherit; background-color: transparent; font-size: 12pt; font-family: Verdana; color: #000000; font-variant-numeric: normal; font-variant-east-asian: normal; vertical-align: baseline; white-space: pre-wrap;\">.<\/span><\/p><\/div>\n\t\t\t\t<\/div>\n\t\t\t\t\t\t\t<div class=\"elementor-accordion-item\">\n\t\t\t\t\t<div id=\"elementor-tab-title-2096\" class=\"elementor-tab-title\" data-tab=\"6\" role=\"button\" aria-controls=\"elementor-tab-content-2096\" aria-expanded=\"false\">\n\t\t\t\t\t\t\t\t\t\t\t\t\t<span class=\"elementor-accordion-icon elementor-accordion-icon-left\" aria-hidden=\"true\">\n\t\t\t\t\t\t\t\t\t\t\t\t\t\t\t<span class=\"elementor-accordion-icon-closed\"><i class=\"fas fa-plus\"><\/i><\/span>\n\t\t\t\t\t\t\t\t<span class=\"elementor-accordion-icon-opened\"><i class=\"fas fa-minus\"><\/i><\/span>\n\t\t\t\t\t\t\t\t\t\t\t\t\t\t<\/span>\n\t\t\t\t\t\t\t\t\t\t\t\t<a class=\"elementor-accordion-title\" tabindex=\"0\">6. Gana el Rechazo en la UC<\/a>\n\t\t\t\t\t<\/div>\n\t\t\t\t\t<div id=\"elementor-tab-content-2096\" class=\"elementor-tab-content elementor-clearfix\" data-tab=\"6\" role=\"region\" aria-labelledby=\"elementor-tab-title-2096\"><p dir=\"ltr\" style=\"line-height: 1.38; margin-top: 0pt; margin-bottom: 0pt;\"><img loading=\"lazy\" decoding=\"async\" style=\"background-color: transparent; color: #000000; font-family: Arial; font-size: 11pt; white-space: pre-wrap; letter-spacing: inherit; margin-left: 0px; margin-top: 0px;\" src=\"https:\/\/lh4.googleusercontent.com\/Jutb_HaE4wK3eWXXjOZ4UqkRbyD4340G_nhAm2Q8KOwRvENHf7jjRRMgfKywei0SFKzO2o1WH3eBIZIZLkW84BZ7LDHyiRkOt16yC47_E-C084F38FOddpy70tbOSyTgX1p685D5S8vGV78V32FxEtdSa9AHNLC1LXbPFUQmwpYNha9f7Xm-aXS7MeQ-zA\" width=\"600\" height=\"277\" \/><span style=\"background-color: transparent; color: #000000; white-space: pre-wrap; letter-spacing: inherit; font-size: 8pt; font-style: italic; font-family: Verdana;\">Fuente foto: El Mercurio.<\/span><\/p><p dir=\"ltr\" style=\"line-height: 1.38; margin-top: 0pt; margin-bottom: 0pt;\"><span style=\"background-color: transparent; color: #000000; font-family: Verdana; font-size: 12pt; font-weight: bold; letter-spacing: inherit; white-space: pre-wrap;\">Gana el Rechazo en la UC<\/span><\/p><p dir=\"ltr\" style=\"line-height: 1.38; margin-top: 0pt; margin-bottom: 0pt;\"><span style=\"font-size: 12pt; font-family: Verdana; color: #000000; background-color: transparent; font-weight: bold; font-style: normal; font-variant: normal; text-decoration: none; vertical-align: baseline; white-space: pre-wrap;\">\u00a0<\/span><\/p><p dir=\"ltr\" style=\"line-height: 1.38; text-align: justify; margin-top: 0pt; margin-bottom: 0pt;\"><span style=\"font-size: 12pt; font-family: Verdana; color: #000000; background-color: transparent; font-weight: 400; font-style: normal; font-variant: normal; text-decoration: none; vertical-align: baseline; white-space: pre-wrap;\">Ad portas de realizarse el Plebiscito Constitucional 2022 -en que el pa\u00eds decidir\u00eda si aprobar o rechazar la propuesta de Nueva Constituci\u00f3n presentada por la ya disuelta Convenci\u00f3n Constitucional- la UC se vuelve tambi\u00e9n un espacio de votaci\u00f3n en el cual se impulsaron una serie de\u00a0 en plebiscitos simb\u00f3licos en todos los territorios para definir la postura que el estudiantado tiene respecto del plebiscito de salida.\u00a0<\/span><\/p><p>\u00a0<\/p><p dir=\"ltr\" style=\"line-height: 1.38; text-align: justify; margin-top: 0pt; margin-bottom: 0pt;\"><span style=\"font-size: 12pt; font-family: Verdana; color: #000000; background-color: transparent; font-weight: 400; font-style: normal; font-variant: normal; text-decoration: none; vertical-align: baseline; white-space: pre-wrap;\">Con alta tensi\u00f3n e incertidumbre sobre el resultado, en el Consejo FEUC llevado a cabo el jueves 18 de agosto se revelaron las posiciones del estudiantado, imponi\u00e9ndose <a href=\"https:\/\/www.instagram.com\/p\/ChbBnb-jpvj\/?utm_source=ig_web_copy_link\">el Rechazo con un 52,4% de las preferencias<\/a>, mientras que el Apruebo obtuvo solamente el 47,6% de los votos. De esta manera, es definida la posici\u00f3n del estudiantado en la UC sobre la Propuesta de Nueva Constituci\u00f3n: un categ\u00f3rico Rechazo por el texto presentado.<\/span><\/p><\/div>\n\t\t\t\t<\/div>\n\t\t\t\t\t\t\t<div class=\"elementor-accordion-item\">\n\t\t\t\t\t<div id=\"elementor-tab-title-2097\" class=\"elementor-tab-title\" data-tab=\"7\" role=\"button\" aria-controls=\"elementor-tab-content-2097\" aria-expanded=\"false\">\n\t\t\t\t\t\t\t\t\t\t\t\t\t<span class=\"elementor-accordion-icon elementor-accordion-icon-left\" aria-hidden=\"true\">\n\t\t\t\t\t\t\t\t\t\t\t\t\t\t\t<span class=\"elementor-accordion-icon-closed\"><i class=\"fas fa-plus\"><\/i><\/span>\n\t\t\t\t\t\t\t\t<span class=\"elementor-accordion-icon-opened\"><i class=\"fas fa-minus\"><\/i><\/span>\n\t\t\t\t\t\t\t\t\t\t\t\t\t\t<\/span>\n\t\t\t\t\t\t\t\t\t\t\t\t<a class=\"elementor-accordion-title\" tabindex=\"0\">7. Recurso de reposici\u00f3n de SDD ante el TRICEL<\/a>\n\t\t\t\t\t<\/div>\n\t\t\t\t\t<div id=\"elementor-tab-content-2097\" class=\"elementor-tab-content elementor-clearfix\" data-tab=\"7\" role=\"region\" aria-labelledby=\"elementor-tab-title-2097\"><p dir=\"ltr\" style=\"line-height: 1.38; text-align: justify; margin-top: 0pt; margin-bottom: 0pt;\"><img loading=\"lazy\" decoding=\"async\" style=\"background-color: transparent; color: #000000; font-family: Verdana; font-size: 12pt; font-weight: bold; white-space: pre-wrap; letter-spacing: inherit; margin-left: 0px; margin-top: 0px;\" src=\"https:\/\/lh5.googleusercontent.com\/8UN0nu0qY-9T6tz2SQ6I3Vcs86oVjg6gxjxs_Yq5nY-GpuHy4bXIDTu498O2DhduYRtWdV2ozB21VpySM10Pu0d79DPW457Zsv3iXeTxzC1LJ1TY4fKItNR7zxWDLonQA6FljwMgt5XpDO5R5HWPtgk_IgP1p87nYp-QeQ5xt1djo86Y4UeiIgmyGPFp8Q\" width=\"602\" height=\"451\" \/><\/p><p dir=\"ltr\" style=\"line-height: 1.38; text-align: justify; margin-top: 0pt; margin-bottom: 0pt;\"><span style=\"font-size: 8pt; font-family: Verdana; color: #000000; background-color: transparent; font-weight: 400; font-style: italic; font-variant: normal; text-decoration: none; vertical-align: baseline; white-space: pre-wrap;\">Fuente: FEUC 2022<\/span><\/p><p dir=\"ltr\" style=\"line-height: 1.38; text-align: justify; margin-top: 0pt; margin-bottom: 0pt;\"><span style=\"font-size: 8pt; font-family: Verdana; color: #000000; background-color: transparent; font-weight: 400; font-style: italic; font-variant: normal; text-decoration: none; vertical-align: baseline; white-space: pre-wrap;\">\u00a0<\/span><\/p><p dir=\"ltr\" style=\"line-height: 1.38; text-align: justify; margin-top: 0pt; margin-bottom: 0pt;\"><span style=\"font-size: 12pt; font-family: Verdana; color: #000000; background-color: transparent; font-weight: bold; font-style: normal; font-variant: normal; text-decoration: none; vertical-align: baseline; white-space: pre-wrap;\">Recurso de reposici\u00f3n de SDD ante el TRICEL<\/span><\/p><p dir=\"ltr\" style=\"line-height: 1.38; text-align: justify; margin-top: 0pt; margin-bottom: 0pt;\"><span style=\"font-size: 12pt; font-family: Verdana; color: #000000; background-color: transparent; font-weight: bold; font-style: normal; font-variant: normal; text-decoration: none; vertical-align: baseline; white-space: pre-wrap;\">\u00a0<\/span><\/p><p dir=\"ltr\" style=\"line-height: 1.38; text-align: justify; margin-top: 0pt; margin-bottom: 0pt;\"><span style=\"font-size: 12pt; font-family: Verdana; color: #000000; background-color: transparent; font-weight: 400; font-style: normal; font-variant: normal; text-decoration: none; vertical-align: baseline; white-space: pre-wrap;\">Tras la primera noche de votaciones m\u00e1s importantes del a\u00f1o de la pol\u00edtica universitaria UC y asom\u00e1ndose el amanecer del 27 de octubre tras una marat\u00f3n de la democracia, se anunci\u00f3 que no se podr\u00eda cantar victoria para ninguna de las listas por un margen delicado de votos que se encontraban en revisi\u00f3n, y que podr\u00eda significar si la lista a Directiva FEUC de la Nueva Acci\u00f3n Universitaria pasaba a segunda vuelta con el movimiento de centroderecha, Solidaridad. D\u00edas posteriores, a pesar de ser anunciada la NAU! como lista ganadora, fue acogido por el TRICEL un recurso de reposici\u00f3n ante un presunto descuadre de votos en el territorio de Astrof\u00edsica, Matem\u00e1ticas y Estad\u00edstica (AFME) superior al 2% -umbral de descuadre que se consideraba como el m\u00e1ximo permitido para tolerar- dadas algunas irregularidades que comentaron pudieron haber ocurrido durante el conteo de votos y traslado de urnas.\u00a0<\/span><\/p><p dir=\"ltr\" style=\"line-height: 1.38; text-align: justify; margin-top: 0pt; margin-bottom: 0pt;\"><span style=\"font-size: 12pt; font-family: Verdana; color: #000000; background-color: transparent; font-weight: 400; font-style: normal; font-variant: normal; text-decoration: none; vertical-align: baseline; white-space: pre-wrap;\">\u00a0<\/span><\/p><p dir=\"ltr\" style=\"line-height: 1.38; text-align: justify; margin-top: 0pt; margin-bottom: 0pt;\"><span style=\"font-size: 12pt; font-family: Verdana; color: #000000; background-color: transparent; font-weight: 400; font-style: normal; font-variant: normal; text-decoration: none; vertical-align: baseline; white-space: pre-wrap;\">Este evento caus\u00f3 el inicio de una intensa trama dentro de los c\u00edrculos pol\u00edticos de la UC, en donde quedaba a manos del TRICEL decidir qu\u00e9 hacer con los votos de AFME, los cuales terminaron siendo invalidados, lo que conllev\u00f3 a repetir las votaciones en dicho territorio.<\/span><\/p><p dir=\"ltr\" style=\"line-height: 1.38; text-align: justify; margin-top: 0pt; margin-bottom: 0pt;\"><span style=\"background-color: transparent; color: #000000; font-family: Verdana; font-size: 12pt; white-space: pre-wrap; letter-spacing: inherit;\">En la imagen se puede ver la reuni\u00f3n que el TRICEL tuvo el viernes 28 de octubre, en donde fueron revisando los votos objetados de AFME.<\/span><\/p><\/div>\n\t\t\t\t<\/div>\n\t\t\t\t\t\t\t<div class=\"elementor-accordion-item\">\n\t\t\t\t\t<div id=\"elementor-tab-title-2098\" class=\"elementor-tab-title\" data-tab=\"8\" role=\"button\" aria-controls=\"elementor-tab-content-2098\" aria-expanded=\"false\">\n\t\t\t\t\t\t\t\t\t\t\t\t\t<span class=\"elementor-accordion-icon elementor-accordion-icon-left\" aria-hidden=\"true\">\n\t\t\t\t\t\t\t\t\t\t\t\t\t\t\t<span class=\"elementor-accordion-icon-closed\"><i class=\"fas fa-plus\"><\/i><\/span>\n\t\t\t\t\t\t\t\t<span class=\"elementor-accordion-icon-opened\"><i class=\"fas fa-minus\"><\/i><\/span>\n\t\t\t\t\t\t\t\t\t\t\t\t\t\t<\/span>\n\t\t\t\t\t\t\t\t\t\t\t\t<a class=\"elementor-accordion-title\" tabindex=\"0\">8. La NAU! gana en primera vuelta<\/a>\n\t\t\t\t\t<\/div>\n\t\t\t\t\t<div id=\"elementor-tab-content-2098\" class=\"elementor-tab-content elementor-clearfix\" data-tab=\"8\" role=\"region\" aria-labelledby=\"elementor-tab-title-2098\"><p dir=\"ltr\" style=\"line-height: 1.38; text-align: justify; margin-top: 0pt; margin-bottom: 0pt;\">\u00a0<\/p><p dir=\"ltr\" style=\"line-height: 1.38; text-align: justify; margin-top: 0pt; margin-bottom: 0pt;\"><img loading=\"lazy\" decoding=\"async\" style=\"background-color: transparent; color: #000000; font-family: Verdana; font-size: 12pt; white-space: pre-wrap; letter-spacing: inherit; margin-left: 0px; margin-top: 0px;\" src=\"https:\/\/lh4.googleusercontent.com\/gtGOpYcL9CViXYIoG5VDvlda930WhivzzuUsgtg9awPah8S3gJI8At4lh-E1HP9Gye9VB2d-Jg9dhpJ2q5xcfun_5QhFZNWemtx5LgiMzymEM-Ey-3UOp0SYu4ZtrdiR6S7eN12ggif7Vr0dEIl4Z2CN4B3Faqt9VNeu2ByMMx5jukgUGdhPu9bHQV9qQg\" width=\"602\" height=\"601\" \/><\/p><p dir=\"ltr\" style=\"line-height: 1.38; text-align: justify; margin-top: 0pt; margin-bottom: 0pt;\"><span style=\"font-size: 8pt; font-family: Verdana; color: #000000; background-color: transparent; font-weight: 400; font-style: normal; font-variant: normal; text-decoration: none; vertical-align: baseline; white-space: pre-wrap;\">Fuente foto: Radio UC<\/span><\/p><p dir=\"ltr\" style=\"line-height: 1.38; text-align: justify; margin-top: 0pt; margin-bottom: 0pt;\"><span style=\"font-size: 8pt; font-family: Verdana; color: #000000; background-color: transparent; font-weight: 400; font-style: normal; font-variant: normal; text-decoration: none; vertical-align: baseline; white-space: pre-wrap;\">\u00a0<\/span><\/p><p dir=\"ltr\" style=\"line-height: 1.38; text-align: justify; margin-top: 0pt; margin-bottom: 0pt;\"><span style=\"font-size: 12pt; font-family: Verdana; color: #000000; background-color: transparent; font-weight: bold; font-style: normal; font-variant: normal; text-decoration: none; vertical-align: baseline; white-space: pre-wrap;\">La NAU! gana en primera vuelta<\/span><\/p><p dir=\"ltr\" style=\"line-height: 1.38; text-align: justify; margin-top: 0pt; margin-bottom: 0pt;\"><span style=\"font-size: 12pt; font-family: Verdana; color: #000000; background-color: transparent; font-weight: bold; font-style: normal; font-variant: normal; text-decoration: none; vertical-align: baseline; white-space: pre-wrap;\">\u00a0<\/span><\/p><p dir=\"ltr\" style=\"line-height: 1.38; text-align: justify; margin-top: 0pt; margin-bottom: 0pt;\"><span style=\"font-size: 12pt; font-family: Verdana; color: #000000; background-color: transparent; font-weight: 400; font-style: normal; font-variant: normal; text-decoration: none; vertical-align: baseline; white-space: pre-wrap;\">Por primera vez, despu\u00e9s de 4 a\u00f1os consecutivos, se realizaron el 2022 Elecciones FEUC presenciales. Volvieron las pancartas, los c\u00e1nticos de los movimientos, los lienzos, la campa\u00f1a en los patios y, por supuesto, el hist\u00f3rico conteo de votos hasta las altas horas de la noche, en donde las emociones y sentimientos de la campa\u00f1a se inscriben en la atm\u00f3sfera. Con altas expectativas, cada apoderado e integrante del TRICEL mira con rigurosidad y cuidado cada voto, uno por lo uno, mientras que los movimientos y candidaturas se mantienen en la incertidumbre a la espera de los resultados que se den en cada urna: ya no importan los c\u00e1lculos o predicciones pol\u00edticas, los resultados se definen esa noche.<\/span><\/p><p dir=\"ltr\" style=\"line-height: 1.38; text-align: justify; margin-top: 0pt; margin-bottom: 0pt;\"><span style=\"font-size: 12pt; font-family: Verdana; color: #000000; background-color: transparent; font-weight: 400; font-style: normal; font-variant: normal; text-decoration: none; vertical-align: baseline; white-space: pre-wrap;\">\u00bfQu\u00e9 sucedi\u00f3 este a\u00f1o? Con total seguridad en la madrugada del 27 de octubre se pudo dar de ganadora a Camila \u201cCaminsky\u201d Rojas de la Nueva Acci\u00f3n Universitaria, quien obtuvo en primera vuelta el 57,54% de los votos y, de esta manera, convirti\u00e9ndose en la Consejera Superior electa.<\/span><\/p><p dir=\"ltr\" style=\"line-height: 1.38; text-align: justify; margin-top: 0pt; margin-bottom: 0pt;\"><span style=\"font-size: 12pt; font-family: Verdana; color: #000000; background-color: transparent; font-weight: 400; font-style: normal; font-variant: normal; text-decoration: none; vertical-align: baseline; white-space: pre-wrap;\">\u00a0<\/span><\/p><p dir=\"ltr\" style=\"line-height: 1.38; text-align: justify; margin-top: 0pt; margin-bottom: 0pt;\"><span style=\"font-size: 12pt; font-family: Verdana; color: #000000; background-color: transparent; font-weight: 400; font-style: normal; font-variant: normal; text-decoration: none; vertical-align: baseline; white-space: pre-wrap;\">Distinto fue el caso de la Directiva FEUC. Si bien preliminarmente se calculaba que la NAU! ganar\u00eda en primera vuelta con el 50,31% de los votos, los cuestionamientos del movimiento Solidaridad por el descuadre entre votos-colillas-firmas, y el posterior recurso de reposici\u00f3n que su coordinadora general, Florencia Croxatto, present\u00f3 ante el TRICEL, aplazaron la oficializaci\u00f3n de resultados. Resolvi\u00e9ndose desde el TRICEL volver a repetir las elecciones en el territorio de Astrof\u00edsica, Matem\u00e1tica y Estad\u00edstica -territorio en el que Solidaridad denunci\u00f3 el descuadre superior al 2%, umbral m\u00e1ximo permitido por reglamento-, se pudo ratificar la victoria de la Nueva Acci\u00f3n Universitaria: un a\u00f1o m\u00e1s tendr\u00edan la Directiva FEUC, siendo la primera lista en la historia de la FEUC que gana en primera vuelta en una elecci\u00f3n de cuatro listas. Asimismo, fue ratificada Daniela Osorio como Consejera Territorial de AFME, permitiendo el retorno de las Juventudes Comunistas UC a la pol\u00edtica universitaria.<\/span><\/p><\/div>\n\t\t\t\t<\/div>\n\t\t\t\t\t\t\t<div class=\"elementor-accordion-item\">\n\t\t\t\t\t<div id=\"elementor-tab-title-2099\" class=\"elementor-tab-title\" data-tab=\"9\" role=\"button\" aria-controls=\"elementor-tab-content-2099\" aria-expanded=\"false\">\n\t\t\t\t\t\t\t\t\t\t\t\t\t<span class=\"elementor-accordion-icon elementor-accordion-icon-left\" aria-hidden=\"true\">\n\t\t\t\t\t\t\t\t\t\t\t\t\t\t\t<span class=\"elementor-accordion-icon-closed\"><i class=\"fas fa-plus\"><\/i><\/span>\n\t\t\t\t\t\t\t\t<span class=\"elementor-accordion-icon-opened\"><i class=\"fas fa-minus\"><\/i><\/span>\n\t\t\t\t\t\t\t\t\t\t\t\t\t\t<\/span>\n\t\t\t\t\t\t\t\t\t\t\t\t<a class=\"elementor-accordion-title\" tabindex=\"0\">9. Sebasti\u00e1n Pi\u00f1era en la UC<\/a>\n\t\t\t\t\t<\/div>\n\t\t\t\t\t<div id=\"elementor-tab-content-2099\" class=\"elementor-tab-content elementor-clearfix\" data-tab=\"9\" role=\"region\" aria-labelledby=\"elementor-tab-title-2099\"><p dir=\"ltr\" style=\"line-height: 1.38; text-align: justify; margin-top: 0pt; margin-bottom: 0pt;\">\n<\/p><p dir=\"ltr\" style=\"line-height: 1.38; text-align: justify; margin-top: 0pt; margin-bottom: 0pt;\"><img loading=\"lazy\" decoding=\"async\" style=\"background-color: transparent; color: #000000; font-family: Verdana; font-size: 12pt; white-space: pre-wrap; letter-spacing: inherit; margin-left: 0px; margin-top: 0px;\" src=\"https:\/\/lh5.googleusercontent.com\/KyJpCLRvtgbPggxDI7rCrNw4ZAjWcSAe3IWV2OjjwQUu8FSgcLcFeWzgTYd-aNTVxyaqWULERJPpROlrhcr7-Qx6kN4OY9yGP0mKYYn3yPMOHwpvxEVG0LJtBzYXgeUqWUVOV1aKJEQnWNgrTjxWH7kilyESGWqLkWuSC8u4CEqq_cgNcGWevSdPzL08HA\" width=\"602\" height=\"601\"><\/p>\n<p dir=\"ltr\" style=\"line-height: 1.38; text-align: justify; margin-top: 0pt; margin-bottom: 0pt;\"><span style=\"background-color: transparent; color: #000000; font-family: Verdana; font-size: 8pt; font-style: italic; white-space: pre-wrap; letter-spacing: inherit;\">Fuente foto: elaboraci\u00f3n propia.<\/span><\/p>\n<p dir=\"ltr\" style=\"line-height: 1.38; text-align: justify; margin-top: 0pt; margin-bottom: 0pt;\"><span style=\"background-color: transparent; color: #000000; font-family: Verdana; font-size: 8pt; font-style: italic; white-space: pre-wrap; letter-spacing: inherit;\">&nbsp;<\/span><\/p>\n<p dir=\"ltr\" style=\"line-height: 1.38; text-align: justify; margin-top: 0pt; margin-bottom: 0pt;\"><span style=\"font-size: 12pt; font-family: Verdana; color: #000000; background-color: transparent; font-weight: bold; font-style: normal; font-variant: normal; text-decoration: none; vertical-align: baseline; white-space: pre-wrap;\">Pi\u00f1era en la UC<\/span><\/p>\n<p dir=\"ltr\" style=\"line-height: 1.38; text-align: justify; margin-top: 0pt; margin-bottom: 0pt;\"><span style=\"font-size: 12pt; font-family: Verdana; color: #000000; background-color: transparent; font-weight: bold; font-style: normal; font-variant: normal; text-decoration: none; vertical-align: baseline; white-space: pre-wrap;\">&nbsp;<\/span><\/p>\n<p><span style=\"background-color: transparent; color: #000000; font-family: Verdana; font-size: 12pt; white-space: pre-wrap; text-align: justify; letter-spacing: inherit;\">Cerramos el periodo acad\u00e9mico del a\u00f1o con un ex-presidentes en Casa Central, una manifestaci\u00f3n y, lo que varios estudiantes llamaron, \u201cuna funa\u201d al ex-presidente Sebasti\u00e1n Pi\u00f1era. En el marco de los 20 a\u00f1os del Centro de Pol\u00edticas P\u00fablicas de la UC se realiz\u00f3 el ciclo \u201cConversaciones de futuro a la luz de la experiencia\u201d, donde invitaron a distintos expresidentes a tocar temas de contingencia nacional actual. De estas charlas participaron Ricardo Lagos y Sebasti\u00e1n Pi\u00f1era, el 21 de noviembre y el 5 de diciembre, respectivamente.&nbsp;<\/span><\/p>\n<p><span style=\"background-color: transparent; color: #000000; font-family: Verdana; font-size: 12pt; letter-spacing: inherit; text-align: justify; white-space: pre-wrap; font-weight: var( --e-global-typography-text-font-weight );\">Este \u00faltimo encuentro no estuvo exento de pol\u00e9micas, ya que en el transcurso del evento, un grupo de estudiantes alzaron pancartas denotando su descontento con la presencia del expresidente en la universidad. Dichas pancartas hicieron alusi\u00f3n a acusaciones de violaciones a los derechos humanos que hubieron durante el Estallido Social en el 2019, per\u00edodo en el que Sebasti\u00e1n Pi\u00f1era fue mandatario del pa\u00eds.&nbsp;<\/span><\/p>\n<p><span style=\"background-color: transparent; color: #000000; font-family: Verdana; font-size: 12pt; white-space: pre-wrap; text-align: justify; letter-spacing: inherit;\">El personal de seguridad del evento rompi\u00f3 los papeles y retir\u00f3 a los estudiantes; sin embargo, terminada la actividad, una concentraci\u00f3n m\u00e1s grande de estudiantes protestaron desde el patio, con un cartel que dec\u00eda: \u201cUC: Pi\u00f1era merece juicio y condena\u201d.&nbsp;<\/span><span style=\"background-color: transparent; color: #000000; font-family: Verdana; font-size: 12pt; letter-spacing: inherit; text-align: justify; white-space: pre-wrap; font-weight: var( --e-global-typography-text-font-weight );\">Esta manifestaci\u00f3n fue organizada por diferentes movimientos y organizaciones de la UC, entre los cuales destacan el colectivo Memoria y DD.HH. UC, y los movimientos pol\u00edticos&nbsp;de izquierda y centro-izquierda, las Juventudes Comunistas UC, Surgencia y la Nueva Acci\u00f3n Universitaria.<\/span><\/p><\/div>\n\t\t\t\t<\/div>\n\t\t\t\t\t\t\t\t<\/div>\n\t\t\t\t\t\t<\/div>\n\t\t\t\t<\/div>\n\t\t\t\t\t<\/div>\n\t\t<\/div>\n\t\t\t\t\t<\/div>\n\t\t<\/section>\n\t\t\t\t<section data-particle_enable=\"false\" data-particle-mobile-disabled=\"false\" class=\"elementor-section elementor-top-section elementor-element elementor-element-03eb575 elementor-section-boxed elementor-section-height-default elementor-section-height-default\" data-id=\"03eb575\" data-element_type=\"section\">\n\t\t\t\t\t\t<div class=\"elementor-container elementor-column-gap-default\">\n\t\t\t\t\t<div class=\"elementor-column elementor-col-100 elementor-top-column elementor-element elementor-element-730e216\" data-id=\"730e216\" data-element_type=\"column\">\n\t\t\t<div class=\"elementor-widget-wrap elementor-element-populated\">\n\t\t\t\t\t\t<div class=\"elementor-element elementor-element-41b6d06 elementor-widget elementor-widget-heading\" data-id=\"41b6d06\" data-element_type=\"widget\" data-widget_type=\"heading.default\">\n\t\t\t\t<div class=\"elementor-widget-container\">\n\t\t\t\t\t<h2 class=\"elementor-heading-title elementor-size-default\">Menciones honor\u00edficas: <br>\u00a1Revisa la galer\u00eda de fotos!<\/h2>\t\t\t\t<\/div>\n\t\t\t\t<\/div>\n\t\t\t\t\t<\/div>\n\t\t<\/div>\n\t\t\t\t\t<\/div>\n\t\t<\/section>\n\t\t\t\t<section data-particle_enable=\"false\" data-particle-mobile-disabled=\"false\" class=\"elementor-section elementor-top-section elementor-element elementor-element-272a599 elementor-section-boxed elementor-section-height-default elementor-section-height-default\" data-id=\"272a599\" data-element_type=\"section\">\n\t\t\t\t\t\t<div class=\"elementor-container elementor-column-gap-default\">\n\t\t\t\t\t<div class=\"elementor-column elementor-col-100 elementor-top-column elementor-element elementor-element-3008b18\" data-id=\"3008b18\" data-element_type=\"column\">\n\t\t\t<div class=\"elementor-widget-wrap elementor-element-populated\">\n\t\t\t\t\t\t<div class=\"elementor-element elementor-element-aaa1077 elementor-arrows-position-inside elementor-pagination-position-outside elementor-widget elementor-widget-image-carousel\" data-id=\"aaa1077\" data-element_type=\"widget\" data-settings=\"{&quot;image_spacing_custom&quot;:{&quot;unit&quot;:&quot;px&quot;,&quot;size&quot;:5,&quot;sizes&quot;:[]},&quot;navigation&quot;:&quot;both&quot;,&quot;autoplay&quot;:&quot;yes&quot;,&quot;pause_on_hover&quot;:&quot;yes&quot;,&quot;pause_on_interaction&quot;:&quot;yes&quot;,&quot;autoplay_speed&quot;:5000,&quot;infinite&quot;:&quot;yes&quot;,&quot;speed&quot;:500,&quot;image_spacing_custom_tablet&quot;:{&quot;unit&quot;:&quot;px&quot;,&quot;size&quot;:&quot;&quot;,&quot;sizes&quot;:[]},&quot;image_spacing_custom_mobile&quot;:{&quot;unit&quot;:&quot;px&quot;,&quot;size&quot;:&quot;&quot;,&quot;sizes&quot;:[]}}\" data-widget_type=\"image-carousel.default\">\n\t\t\t\t<div class=\"elementor-widget-container\">\n\t\t\t\t\t\t\t<div class=\"elementor-image-carousel-wrapper swiper\" role=\"region\" aria-roledescription=\"carousel\" aria-label=\"Carrusel de im\u00e1genes\" dir=\"ltr\">\n\t\t\t<div class=\"elementor-image-carousel swiper-wrapper\" aria-live=\"off\">\n\t\t\t\t\t\t\t\t<div class=\"swiper-slide\" role=\"group\" aria-roledescription=\"slide\" aria-label=\"1 de 18\"><figure class=\"swiper-slide-inner\"><img decoding=\"async\" class=\"swiper-slide-image\" src=\"https:\/\/elpuclitico.cl\/wp-content\/uploads\/2022\/12\/Galeria-1-300x225.jpg\" alt=\"Urnas de votos de las Elecciones FEUC 2023.\" \/><figcaption class=\"elementor-image-carousel-caption\">Urnas de votos de las Elecciones FEUC 2023.<\/figcaption><\/figure><\/div><div class=\"swiper-slide\" role=\"group\" aria-roledescription=\"slide\" aria-label=\"2 de 18\"><figure class=\"swiper-slide-inner\"><img decoding=\"async\" class=\"swiper-slide-image\" src=\"https:\/\/elpuclitico.cl\/wp-content\/uploads\/2022\/12\/IMG_9926-scaled.jpg\" alt=\"Consejer\u00edas territoriales de Solidaridad del a\u00f1o 2023.\" \/><figcaption class=\"elementor-image-carousel-caption\">Consejer\u00edas territoriales de Solidaridad del a\u00f1o 2023.<\/figcaption><\/figure><\/div><div class=\"swiper-slide\" role=\"group\" aria-roledescription=\"slide\" aria-label=\"3 de 18\"><figure class=\"swiper-slide-inner\"><img decoding=\"async\" class=\"swiper-slide-image\" src=\"https:\/\/elpuclitico.cl\/wp-content\/uploads\/2022\/12\/galeriajjcc-300x225.jpg\" alt=\"Inscripci\u00f3n de candidatura de las Juventudes Comunistas UC.\" \/><figcaption class=\"elementor-image-carousel-caption\">Inscripci\u00f3n de candidatura de las Juventudes Comunistas UC.<\/figcaption><\/figure><\/div><div class=\"swiper-slide\" role=\"group\" aria-roledescription=\"slide\" aria-label=\"4 de 18\"><figure class=\"swiper-slide-inner\"><img decoding=\"async\" class=\"swiper-slide-image\" src=\"https:\/\/elpuclitico.cl\/wp-content\/uploads\/2022\/12\/galeriasur-300x225.jpg\" alt=\"Inscripci\u00f3n de candidaturas de Surgencia.\" \/><figcaption class=\"elementor-image-carousel-caption\">Inscripci\u00f3n de candidaturas de Surgencia.<\/figcaption><\/figure><\/div><div class=\"swiper-slide\" role=\"group\" aria-roledescription=\"slide\" aria-label=\"5 de 18\"><figure class=\"swiper-slide-inner\"><img decoding=\"async\" class=\"swiper-slide-image\" src=\"https:\/\/elpuclitico.cl\/wp-content\/uploads\/2022\/12\/20220817_135639-300x225.jpg\" alt=\"Debate entre UC por el Rechazo y UC por el apruebo.\" \/><figcaption class=\"elementor-image-carousel-caption\">Debate entre UC por el Rechazo y UC por el apruebo.<\/figcaption><\/figure><\/div><div class=\"swiper-slide\" role=\"group\" aria-roledescription=\"slide\" aria-label=\"6 de 18\"><figure class=\"swiper-slide-inner\"><img decoding=\"async\" class=\"swiper-slide-image\" src=\"https:\/\/elpuclitico.cl\/wp-content\/uploads\/2022\/12\/Galeria-2-300x225.jpg\" alt=\"Folios y documentos para la votaci\u00f3n de Presupuesto Participativo y Reforma de Estatutos.\" \/><figcaption class=\"elementor-image-carousel-caption\">Folios y documentos para la votaci\u00f3n de Presupuesto Participativo y Reforma de Estatutos.<\/figcaption><\/figure><\/div><div class=\"swiper-slide\" role=\"group\" aria-roledescription=\"slide\" aria-label=\"7 de 18\"><figure class=\"swiper-slide-inner\"><img decoding=\"async\" class=\"swiper-slide-image\" src=\"https:\/\/elpuclitico.cl\/wp-content\/uploads\/2022\/12\/Galeria-3-300x225.jpg\" alt=\"Camila Rojas y Sabina Orellana, dirigi\u00e9ndose a su movimiento una vez fueron ratificadas como Consejera Superior y Presidenta FEUC electas.\" \/><figcaption class=\"elementor-image-carousel-caption\">Camila Rojas y Sabina Orellana, dirigi\u00e9ndose a su movimiento una vez fueron ratificadas como Consejera Superior y Presidenta FEUC electas.<\/figcaption><\/figure><\/div><div class=\"swiper-slide\" role=\"group\" aria-roledescription=\"slide\" aria-label=\"8 de 18\"><figure class=\"swiper-slide-inner\"><img decoding=\"async\" class=\"swiper-slide-image\" src=\"https:\/\/elpuclitico.cl\/wp-content\/uploads\/2022\/12\/galeria4-300x225.jpg\" alt=\"Evento l\u00fadico en el marco de la Semana Universitaria.\" \/><figcaption class=\"elementor-image-carousel-caption\">Evento l\u00fadico en el marco de la Semana Universitaria.<\/figcaption><\/figure><\/div><div class=\"swiper-slide\" role=\"group\" aria-roledescription=\"slide\" aria-label=\"9 de 18\"><figure class=\"swiper-slide-inner\"><img decoding=\"async\" class=\"swiper-slide-image\" src=\"https:\/\/elpuclitico.cl\/wp-content\/uploads\/2022\/12\/20221124_192640-300x225.jpg\" alt=\"Directiva FEUC y CS saliente en cambio de mando.\" \/><figcaption class=\"elementor-image-carousel-caption\">Directiva FEUC y CS saliente en cambio de mando.<\/figcaption><\/figure><\/div><div class=\"swiper-slide\" role=\"group\" aria-roledescription=\"slide\" aria-label=\"10 de 18\"><figure class=\"swiper-slide-inner\"><img decoding=\"async\" class=\"swiper-slide-image\" src=\"https:\/\/elpuclitico.cl\/wp-content\/uploads\/2022\/12\/20221110_175912-300x225.jpg\" alt=\"Mesa de AFME cuando se repiti\u00f3 la votaci\u00f3n en el territorio.\" \/><figcaption class=\"elementor-image-carousel-caption\">Mesa de AFME cuando se repiti\u00f3 la votaci\u00f3n en el territorio.<\/figcaption><\/figure><\/div><div class=\"swiper-slide\" role=\"group\" aria-roledescription=\"slide\" aria-label=\"11 de 18\"><figure class=\"swiper-slide-inner\"><img decoding=\"async\" class=\"swiper-slide-image\" src=\"https:\/\/elpuclitico.cl\/wp-content\/uploads\/2022\/12\/20220822_132858-scaled.jpg\" alt=\"Debate Apruebo-Rechazo con figuras p\u00fablicas tra\u00eddas por cada movimiento.\" \/><figcaption class=\"elementor-image-carousel-caption\">Debate Apruebo-Rechazo con figuras p\u00fablicas tra\u00eddas por cada movimiento.<\/figcaption><\/figure><\/div><div class=\"swiper-slide\" role=\"group\" aria-roledescription=\"slide\" aria-label=\"12 de 18\"><figure class=\"swiper-slide-inner\"><img decoding=\"async\" class=\"swiper-slide-image\" src=\"https:\/\/elpuclitico.cl\/wp-content\/uploads\/2022\/12\/IMG-20220315-WA0080-300x225.jpg\" alt=\"Debate de movimientos pol\u00edticos en la semana novata a inicios de a\u00f1o.\" \/><figcaption class=\"elementor-image-carousel-caption\">Debate de movimientos pol\u00edticos en la semana novata a inicios de a\u00f1o.<\/figcaption><\/figure><\/div><div class=\"swiper-slide\" role=\"group\" aria-roledescription=\"slide\" aria-label=\"13 de 18\"><figure class=\"swiper-slide-inner\"><img decoding=\"async\" class=\"swiper-slide-image\" src=\"https:\/\/elpuclitico.cl\/wp-content\/uploads\/2022\/12\/IMG-20220412-WA0072-300x225.jpg\" alt=\"Joseph Haddad en la UC, reaccionando ante una manifestaci\u00f3n de la OSP.\" \/><figcaption class=\"elementor-image-carousel-caption\">Joseph Haddad en la UC, reaccionando ante una manifestaci\u00f3n de la OSP.<\/figcaption><\/figure><\/div><div class=\"swiper-slide\" role=\"group\" aria-roledescription=\"slide\" aria-label=\"14 de 18\"><figure class=\"swiper-slide-inner\"><img decoding=\"async\" class=\"swiper-slide-image\" src=\"https:\/\/elpuclitico.cl\/wp-content\/uploads\/2022\/12\/IMG-20220412-WA0074-300x225.jpg\" alt=\"Manifestantes de la OSP ante la visita de Joseph Haddad a la UC.\" \/><figcaption class=\"elementor-image-carousel-caption\">Manifestantes de la OSP ante la visita de Joseph Haddad a la UC.<\/figcaption><\/figure><\/div><div class=\"swiper-slide\" role=\"group\" aria-roledescription=\"slide\" aria-label=\"15 de 18\"><figure class=\"swiper-slide-inner\"><img decoding=\"async\" class=\"swiper-slide-image\" src=\"https:\/\/elpuclitico.cl\/wp-content\/uploads\/2022\/12\/IMG-20220503-WA0032-300x225.jpg\" alt=\"Patio de Ciencias de la Salud volviendo a realizar actividades presenciales.\" \/><figcaption class=\"elementor-image-carousel-caption\">Patio de Ciencias de la Salud volviendo a realizar actividades presenciales.<\/figcaption><\/figure><\/div><div class=\"swiper-slide\" role=\"group\" aria-roledescription=\"slide\" aria-label=\"16 de 18\"><figure class=\"swiper-slide-inner\"><img decoding=\"async\" class=\"swiper-slide-image\" src=\"https:\/\/elpuclitico.cl\/wp-content\/uploads\/2022\/12\/IMG-20221014-WA0074-300x225.jpg\" alt=\"Inscripci\u00f3n de candidaturas de la NAU!\" \/><figcaption class=\"elementor-image-carousel-caption\">Inscripci\u00f3n de candidaturas de la NAU!<\/figcaption><\/figure><\/div><div class=\"swiper-slide\" role=\"group\" aria-roledescription=\"slide\" aria-label=\"17 de 18\"><figure class=\"swiper-slide-inner\"><img decoding=\"async\" class=\"swiper-slide-image\" src=\"https:\/\/elpuclitico.cl\/wp-content\/uploads\/2022\/12\/galeria-avanzar-300x225.png\" alt=\"Lista a Directiva FEUC de Avanzar\" \/><figcaption class=\"elementor-image-carousel-caption\">Lista a Directiva FEUC de Avanzar<\/figcaption><\/figure><\/div><div class=\"swiper-slide\" role=\"group\" aria-roledescription=\"slide\" aria-label=\"18 de 18\"><figure class=\"swiper-slide-inner\"><img decoding=\"async\" class=\"swiper-slide-image\" src=\"https:\/\/elpuclitico.cl\/wp-content\/uploads\/2022\/12\/galeriamg-300x225.png\" alt=\"Miguel Isea y Luc\u00eda Uriarte, candidatos a Consejer\u00eda Superior y Presidencia FEUC del MG\" \/><figcaption class=\"elementor-image-carousel-caption\">Miguel Isea y Luc\u00eda Uriarte, candidatos a Consejer\u00eda Superior y Presidencia FEUC del MG<\/figcaption><\/figure><\/div>\t\t\t<\/div>\n\t\t\t\t\t\t\t\t\t\t\t\t<div class=\"elementor-swiper-button elementor-swiper-button-prev\" role=\"button\" tabindex=\"0\">\n\t\t\t\t\t\t<i aria-hidden=\"true\" class=\"eicon-chevron-left\"><\/i>\t\t\t\t\t<\/div>\n\t\t\t\t\t<div class=\"elementor-swiper-button elementor-swiper-button-next\" role=\"button\" tabindex=\"0\">\n\t\t\t\t\t\t<i aria-hidden=\"true\" class=\"eicon-chevron-right\"><\/i>\t\t\t\t\t<\/div>\n\t\t\t\t\n\t\t\t\t\t\t\t\t\t<div class=\"swiper-pagination\"><\/div>\n\t\t\t\t\t\t\t\t\t<\/div>\n\t\t\t\t\t\t<\/div>\n\t\t\t\t<\/div>\n\t\t\t\t\t<\/div>\n\t\t<\/div>\n\t\t\t\t\t<\/div>\n\t\t<\/section>\n\t\t\t\t<section data-particle_enable=\"false\" data-particle-mobile-disabled=\"false\" class=\"elementor-section elementor-top-section elementor-element elementor-element-f24596d elementor-section-boxed elementor-section-height-default elementor-section-height-default\" data-id=\"f24596d\" data-element_type=\"section\">\n\t\t\t\t\t\t<div class=\"elementor-container elementor-column-gap-default\">\n\t\t\t\t\t<div class=\"elementor-column elementor-col-100 elementor-top-column elementor-element elementor-element-d29350c\" data-id=\"d29350c\" data-element_type=\"column\">\n\t\t\t<div class=\"elementor-widget-wrap elementor-element-populated\">\n\t\t\t\t\t\t<div class=\"elementor-element elementor-element-521322e elementor-widget elementor-widget-text-editor\" data-id=\"521322e\" data-element_type=\"widget\" data-widget_type=\"text-editor.default\">\n\t\t\t\t<div class=\"elementor-widget-container\">\n\t\t\t\t\t\t\t\t\t<p>Nota realizada por Maximiliano Arancibia.<\/p>\t\t\t\t\t\t\t\t<\/div>\n\t\t\t\t<\/div>\n\t\t\t\t\t<\/div>\n\t\t<\/div>\n\t\t\t\t\t<\/div>\n\t\t<\/section>\n\t\t\t\t<\/div>\n\t\t","protected":false},"excerpt":{"rendered":"<p>El a\u00f1o 2022 ser\u00e1 un a\u00f1o para recordar. A nivel nacional e internacional se vio marcado por el t\u00e9rmino de un proceso constituyente que culmin\u00f3 en un categ\u00f3rico Rechazo a la propuesta, el cambio de gobierno encabezado por la presidencia de Gabriel Boric, el conflicto entre Rusia y Ucrania, entre muchas otras cosas. No obstante [&hellip;]<\/p>\n","protected":false},"author":1,"featured_media":1404,"comment_status":"open","ping_status":"open","sticky":false,"template":"","format":"standard","meta":{"_eb_attr":"","_gspb_post_css":"","om_disable_all_campaigns":false,"_monsterinsights_skip_tracking":false,"_monsterinsights_sitenote_active":false,"_monsterinsights_sitenote_note":"","_monsterinsights_sitenote_category":0,"footnotes":""},"categories":[14,20],"tags":[],"class_list":["post-1252","post","type-post","status-publish","format-standard","has-post-thumbnail","hentry","category-actualidad","category-reportajes"],"blocksy_meta":[],"aioseo_notices":[],"_links":{"self":[{"href":"https:\/\/elpuclitico.cl\/index.php\/wp-json\/wp\/v2\/posts\/1252","targetHints":{"allow":["GET"]}}],"collection":[{"href":"https:\/\/elpuclitico.cl\/index.php\/wp-json\/wp\/v2\/posts"}],"about":[{"href":"https:\/\/elpuclitico.cl\/index.php\/wp-json\/wp\/v2\/types\/post"}],"author":[{"embeddable":true,"href":"https:\/\/elpuclitico.cl\/index.php\/wp-json\/wp\/v2\/users\/1"}],"replies":[{"embeddable":true,"href":"https:\/\/elpuclitico.cl\/index.php\/wp-json\/wp\/v2\/comments?post=1252"}],"version-history":[{"count":134,"href":"https:\/\/elpuclitico.cl\/index.php\/wp-json\/wp\/v2\/posts\/1252\/revisions"}],"predecessor-version":[{"id":1737,"href":"https:\/\/elpuclitico.cl\/index.php\/wp-json\/wp\/v2\/posts\/1252\/revisions\/1737"}],"wp:featuredmedia":[{"embeddable":true,"href":"https:\/\/elpuclitico.cl\/index.php\/wp-json\/wp\/v2\/media\/1404"}],"wp:attachment":[{"href":"https:\/\/elpuclitico.cl\/index.php\/wp-json\/wp\/v2\/media?parent=1252"}],"wp:term":[{"taxonomy":"category","embeddable":true,"href":"https:\/\/elpuclitico.cl\/index.php\/wp-json\/wp\/v2\/categories?post=1252"},{"taxonomy":"post_tag","embeddable":true,"href":"https:\/\/elpuclitico.cl\/index.php\/wp-json\/wp\/v2\/tags?post=1252"}],"curies":[{"name":"wp","href":"https:\/\/api.w.org\/{rel}","templated":true}]}}