{"id":1718,"date":"2023-05-18T22:45:55","date_gmt":"2023-05-18T22:45:55","guid":{"rendered":"http:\/\/elpuclitico.cl\/?p=1718"},"modified":"2026-02-14T04:19:38","modified_gmt":"2026-02-14T04:19:38","slug":"joaquin-cocina-is-afraid-dentro-del-mundo-siniestro-del-cineasta-chileno","status":"publish","type":"post","link":"https:\/\/elpuclitico.cl\/index.php\/2023\/05\/18\/joaquin-cocina-is-afraid-dentro-del-mundo-siniestro-del-cineasta-chileno\/","title":{"rendered":"Joaqu\u00edn Coci\u00f1a is afraid: Dentro del mundo siniestro del cineasta chileno"},"content":{"rendered":"\n<p><em>Los cineastas Crist\u00f3bal Le\u00f3n y Joaqu\u00edn Coci\u00f1a, ex alumnos de la PUC, colaboraron con el director de \u201cHereditary\u201d (2016) y \u201cMidsommar\u201d (2019) en su nueva pel\u00edcula \u201cBeau is Afraid\u201d. En una entrevista exclusiva con El PUCl\u00edtico, Coci\u00f1a cuenta c\u00f3mo fue trabajar con uno de los directores m\u00e1s influyentes del cine de terror contempor\u00e1neo.<\/em><\/p>\n\n\n\n<p>A inicios de mayo, Joaqu\u00edn Coci\u00f1a, el&nbsp;reconocido director de cine y artista chileno que ha recibido importante atenci\u00f3n internacional junto a Crist\u00f3bal Le\u00f3n, su socio y&nbsp;amigo, regal\u00f3&nbsp;de su tiempo a El PUCl\u00edtico para contarnos respecto a su participaci\u00f3n en la nueva pel\u00edcula de&nbsp;Ari Aster, \u201cBeau is Afraid\u201d protagonizada por el ganador del Oscar, Joaquin Phoenix. Esta dupla se especializa en la realizaci\u00f3n de cortometrajes y largometrajes stop-motion los cuales utilizan un&nbsp;sinf\u00edn de materiales y&nbsp;pintura, logrando&nbsp;una est\u00e9tica t\u00e9trica. Es as\u00ed como lograron representar lo que el director estaba buscando, despu\u00e9s de que viera su largometraje \u201cLa Casa Lobo\u201d casi en bucle durante 48 horas. &nbsp;<\/p>\n\n\n\n<figure class=\"wp-block-video\"><video height=\"360\" style=\"aspect-ratio: 640 \/ 360;\" width=\"640\" controls src=\"https:\/\/elpuclitico.cl\/wp-content\/uploads\/2023\/05\/y2mate.com-Joaquin-Cocina-is-afraid-Entrevista-al-cineasta-chileno-exalumno-de-la-UC_360p.mp4\"><\/video><\/figure>\n\n\n\n<p>Joaqu\u00edn naci\u00f3 el a\u00f1o 1980 en la ciudad de Concepci\u00f3n, y se licenci\u00f3 en Artes Visuales en la Pontificia Universidad Cat\u00f3lica de Chile. Aparte de su trabajo como director y productor, tambi\u00e9n le dedica tiempo a la ilustraci\u00f3n, escritura, teatro y talleres creativos. &nbsp;<\/p>\n\n\n\n<p>El trabajo colaborativo que realizo Le\u00f3n y Coci\u00f1a en \u201cBeau is Afraid\u201d consisti\u00f3 en&nbsp;una secuencia de 10 minutos, ubicada justo en el medio de la pel\u00edcula, y ten\u00eda el objetivo de representar una vida que no corresponde al del protagonista, interpretado por Phoenix.&nbsp;Este peque\u00f1o segmento en el film fue el producto de un&nbsp;a\u00f1o y medio de trabajo realizado remotamente&nbsp;durante la pandemia, lo que simboliz\u00f3 un desaf\u00edo, no solo por las restricciones existentes, sino tambi\u00e9n por la magnitud del proyecto. &nbsp;<\/p>\n\n\n\n<p>La pel\u00edcula se estren\u00f3 en Chile el 20 de abril del 2023, y trata sobre un hombre paranoico que, tras la repentina muerte de su madre, se embarca en una odisea surrealista para volver a&nbsp;casa.&nbsp;<\/p>\n\n\n\n<p>Pero \u00bfqu\u00e9 fue lo que vio Ari en estos chilenos?&nbsp;Joaqu\u00edn afirma que \u201cAri quer\u00eda su coraz\u00f3n en la pel\u00edcula\u201d. \u201c\u00c9l tambi\u00e9n&nbsp;es intenso en sus gustos.&nbsp;Est\u00e1 en una posici\u00f3n de poder muy exquisita&nbsp;en Estados Unidos. Ve una pel\u00edcula y dice que quiere trabajar con ellos, y llaman y trabajan con ellos&#8230; No s\u00e9 muy bien, yo creo que [Ari Aster] tampoco sab\u00eda, creo que fue una tincada\u201d, recalca Coci\u00f1a, quien est\u00e1 contento despu\u00e9s de mucho trabajo. &nbsp;<\/p>\n\n\n\n<p><strong>\u00bfQu\u00e9 crees que vio Ari Aster en su trabajo?&nbsp;<\/strong><\/p>\n\n\n\n<p>-\u201cYo creo que vio varias cosas, creo que vio un sentido del humor oscuro, que \u00e9l tambi\u00e9n tiene, eso asociado al terror obviamente. Vio tambi\u00e9n algo que yo creo que nosotros no \u00e9ramos capaces de ver, o sea que yo no lo ve\u00eda, que le gust\u00f3, que el vio m\u00e1s que nosotros\u201d&nbsp;<\/p>\n\n\n\n<p>\u00a1El PUCl\u00edtico te invita a ver la entrevista completa en nuestro sitio web o en YouTube, y&nbsp;\u201cBeau is Afraid\u201d en cines para que te enorgullezcas de estos chilenos!&nbsp;<\/p>\n\n\n\n<p>Adem\u00e1s, si quieres conocer la filmograf\u00eda completa de Crist\u00f3bal Le\u00f3n y Joaqu\u00edn Coci\u00f1a, te dejamos su sitio web: <a href=\"http:\/\/www.lacasalobo.com\/\" target=\"_blank\" rel=\"noreferrer noopener\">w<\/a><a href=\"http:\/\/ww.leoncocina.com\/\" target=\"_blank\" rel=\"noreferrer noopener\">ww.leoncocina.com<\/a><\/p>\n\n\n\n<hr class=\"wp-block-separator has-alpha-channel-opacity\"\/>\n\n\n\n<p>Por: Sof\u00eda Ort\u00edz, Alexa Jocelyn-Holt y Sebasti\u00e1n Cornejo.<\/p>\n\n\n\n<p><\/p>\n","protected":false},"excerpt":{"rendered":"<p>Los cineastas Crist\u00f3bal Le\u00f3n y Joaqu\u00edn Coci\u00f1a, ex alumnos de la PUC, colaboraron con el director de \u201cHereditary\u201d (2016) y \u201cMidsommar\u201d (2019) en su nueva pel\u00edcula \u201cBeau is Afraid\u201d. En una entrevista exclusiva con El PUCl\u00edtico, Coci\u00f1a cuenta c\u00f3mo fue trabajar con uno de los directores m\u00e1s influyentes del cine de terror contempor\u00e1neo.<\/p>\n","protected":false},"author":1,"featured_media":1724,"comment_status":"open","ping_status":"open","sticky":false,"template":"","format":"standard","meta":{"_eb_attr":"","_gspb_post_css":"","om_disable_all_campaigns":false,"_monsterinsights_skip_tracking":false,"_monsterinsights_sitenote_active":false,"_monsterinsights_sitenote_note":"","_monsterinsights_sitenote_category":0,"footnotes":""},"categories":[15,25,65],"tags":[],"class_list":["post-1718","post","type-post","status-publish","format-standard","has-post-thumbnail","hentry","category-cultura","category-entrevistas","category-tiempolibre"],"blocksy_meta":[],"aioseo_notices":[],"_links":{"self":[{"href":"https:\/\/elpuclitico.cl\/index.php\/wp-json\/wp\/v2\/posts\/1718","targetHints":{"allow":["GET"]}}],"collection":[{"href":"https:\/\/elpuclitico.cl\/index.php\/wp-json\/wp\/v2\/posts"}],"about":[{"href":"https:\/\/elpuclitico.cl\/index.php\/wp-json\/wp\/v2\/types\/post"}],"author":[{"embeddable":true,"href":"https:\/\/elpuclitico.cl\/index.php\/wp-json\/wp\/v2\/users\/1"}],"replies":[{"embeddable":true,"href":"https:\/\/elpuclitico.cl\/index.php\/wp-json\/wp\/v2\/comments?post=1718"}],"version-history":[{"count":7,"href":"https:\/\/elpuclitico.cl\/index.php\/wp-json\/wp\/v2\/posts\/1718\/revisions"}],"predecessor-version":[{"id":1730,"href":"https:\/\/elpuclitico.cl\/index.php\/wp-json\/wp\/v2\/posts\/1718\/revisions\/1730"}],"wp:featuredmedia":[{"embeddable":true,"href":"https:\/\/elpuclitico.cl\/index.php\/wp-json\/wp\/v2\/media\/1724"}],"wp:attachment":[{"href":"https:\/\/elpuclitico.cl\/index.php\/wp-json\/wp\/v2\/media?parent=1718"}],"wp:term":[{"taxonomy":"category","embeddable":true,"href":"https:\/\/elpuclitico.cl\/index.php\/wp-json\/wp\/v2\/categories?post=1718"},{"taxonomy":"post_tag","embeddable":true,"href":"https:\/\/elpuclitico.cl\/index.php\/wp-json\/wp\/v2\/tags?post=1718"}],"curies":[{"name":"wp","href":"https:\/\/api.w.org\/{rel}","templated":true}]}}