{"id":1832,"date":"2023-07-07T01:52:54","date_gmt":"2023-07-07T01:52:54","guid":{"rendered":"http:\/\/elpuclitico.cl\/?p=1832"},"modified":"2023-07-07T01:52:55","modified_gmt":"2023-07-07T01:52:55","slug":"por-que-deberiamos","status":"publish","type":"post","link":"https:\/\/elpuclitico.cl\/index.php\/2023\/07\/07\/por-que-deberiamos\/","title":{"rendered":"\u00bfPor qu\u00e9 deber\u00edamos?"},"content":{"rendered":"\n<p>\u00bfSe imagina que un delincuente reincidente durante los \u00faltimos 10 a\u00f1os exija que se levante una ley para perdonarle su delito porque \u201c\u00e9l es importante para la sociedad\u201d? Ante esto lo que cualquier persona dir\u00eda es: \u00bfpor qu\u00e9 deber\u00edamos?<\/p>\n\n\n\n<p><strong>Con peras y (enga\u00f1osas) manzanas:<\/strong><\/p>\n\n\n\n<p>Chile tiene un sistema de salud compuesto por una parte p\u00fablica (Fonasa, que cubre un 77,8% de la poblaci\u00f3n) y otra privada (Isapres, que cubren un 17,2% de la poblaci\u00f3n). Las leyes de seguridad social en nuestro pa\u00eds obligan a las y los trabajadores a pagar con un 7% de su sueldo su plan de salud, con la libertad de elegir cualquiera de los dos sistemas. En caso de que elijan el sistema privado y este 7% no sea suficiente, el resto de dinero debe salir de su bolsillo.<\/p>\n\n\n\n<p>Ahora bien, estos planes privados no son (necesariamente) de cobertura completa, esta depende del monto a pagar por el plan y los factores de riesgo asociados a la salud de cada persona. El precio de la cobertura aumenta a medida que existan \u201cfactores de riesgo\u201d; aumenta a medida que es m\u00e1s probable hacer uso de la prestaci\u00f3n m\u00e9dica, pues implica un mayor gasto para la Isapre. Por ejemplo, las mujeres en edad f\u00e9rtil pagan m\u00e1s, los adultos mayores pagan m\u00e1s, las personas con enfermedades cr\u00f3nicas pagan m\u00e1s.<\/p>\n\n\n\n<p>Y aqu\u00ed aparece la protagonista de los principales titulares de estas semanas: la tabla de factores. Cada Isapre define su valorizaci\u00f3n del riesgo en funci\u00f3n del sexo, edad y n\u00famero de personas dependientes, vinculando as\u00ed el acceso a la salud a que tan rentable es para el sistema tratar a la persona.<\/p>\n\n\n\n<p>En el 2010, el Tribunal Constitucional declar\u00f3 inconstitucional la norma que facultaba a las Isapres para aplicar sus tablas de factores por ser discriminatorias. Pero las Isapres siguieron aplic\u00e1ndolas. Muchas personas demandaron a las Isapres por el cobro excesivo, e hist\u00f3ricamente han ganado. Y siguieron aplic\u00e1ndolas. Fue de tal magnitud el problema que en 2019 la Corte Suprema record\u00f3 que lo que hac\u00edan las Isapres era inconstitucional y les orden\u00f3 regirse por la tabla de factores de la Superintendencia de Salud. Pero las Isapres insistieron y el presidente de la Asociaci\u00f3n de Isapres argument\u00f3 que \u201cIsapres no pueden darse el lujo de incorporar gente enferma\u201d.<\/p>\n\n\n\n<p>Trascendiendo todo sentido com\u00fan, todo compromiso y responsabilidad con su propio rubro, esta declaraci\u00f3n nos mostr\u00f3 una verdad inc\u00f3moda: a las Isapres no les importa la salud de los cotizantes, s\u00f3lo son un n\u00famero m\u00e1s.<\/p>\n\n\n\n<p><strong>\u00bfEn qu\u00e9 estamos hoy?<\/strong><\/p>\n\n\n\n<p>Durante el 2023 el gobierno ingres\u00f3 la \u201cley corta de isapres\u201d para hacer efectivo el fallo de la Corte Suprema, que ordena devolver los cobros excesivos a sus afiliados. El total de esta devoluci\u00f3n es de 1,121 billones<\/p>\n\n\n\n<p>Ante esto las Isapres emitieron un comunicado diciendo que la propuesta de las autoridades \u201cdenota una indolencia absoluta con los usuarios del sistema de salud, los beneficiarios de Isapre y con los enfermos&#8230; fuerza una falla sist\u00e9mica en el acceso de salud de los chilenos\u201d. Esos mismos enfermos a los que tan solo un tiempo atr\u00e1s \u201cno pod\u00edan darse el lujo de atender\u201d, hoy, en plena agon\u00eda del sistema, se vuelven la principal preocupaci\u00f3n de estas empresas.<\/p>\n\n\n\n<p>Pero no s\u00f3lo las Isapres salieron a defenderse, algunos senadores comenzaron a plantear reformas constitucionales para ir en su ayuda. Si apoyamos estas reformas constitucionales para hacerles un perdonazo, \u00bfqu\u00e9 diremos el d\u00eda de ma\u00f1ana cuando eventualmente se cometa un delito, por ejemplo, una colusi\u00f3n? (s\u00ed, c\u00f3mo la del pollo, del papel higi\u00e9nico, las farmacias\u2026), \u00bfdiremos que tambi\u00e9n es necesario perdonarlos?, \u00bfpor qu\u00e9 deber\u00edamos?<\/p>\n\n\n\n<p><strong>Entonces, \u00bfqu\u00e9 deber\u00edamos?<\/strong><\/p>\n\n\n\n<p>Deber\u00edamos apuntar a garantizar un sistema de salud universal que no condene a muerte a quien no pueda pagar, un sistema que no genere brechas tan abismales c\u00f3mo las que existen actualmente entre el sistema privado y p\u00fablico.<\/p>\n\n\n\n<p>El sistema privado se concentra en recibir a los pacientes j\u00f3venes, sanos y que puedan pagar los altos precios de la salud privada. Cuando nos jubilamos y por tanto ya no somos j\u00f3venes, ni sanos, el sistema de salud privado simplemente nos fuerza a dejarlo porque no podemos pagarlo.\u00a0 No tenemos que seguir respaldando un sistema as\u00ed, \u00bfpor qu\u00e9 deber\u00edamos?<\/p>\n\n\n\n<p><strong>Gabriel Nahuelcoy, Coordinador de Finanzas NAU! 2023-1<\/strong><\/p>\n","protected":false},"excerpt":{"rendered":"<p>\u00bfSe imagina que un delincuente reincidente durante los \u00faltimos 10 a\u00f1os exija que se levante una ley para perdonarle su delito porque \u201c\u00e9l es importante para la sociedad\u201d? Ante esto lo que cualquier persona dir\u00eda es: \u00bfpor qu\u00e9 deber\u00edamos? Con peras y (enga\u00f1osas) manzanas: Chile tiene un sistema de salud compuesto por una parte p\u00fablica [&hellip;]<\/p>\n","protected":false},"author":1,"featured_media":1833,"comment_status":"open","ping_status":"open","sticky":false,"template":"","format":"standard","meta":{"_eb_attr":"","_gspb_post_css":"","om_disable_all_campaigns":false,"_monsterinsights_skip_tracking":false,"_monsterinsights_sitenote_active":false,"_monsterinsights_sitenote_note":"","_monsterinsights_sitenote_category":0,"footnotes":""},"categories":[12,21],"tags":[],"class_list":["post-1832","post","type-post","status-publish","format-standard","has-post-thumbnail","hentry","category-columnas-de-opinion","category-opinion"],"blocksy_meta":[],"aioseo_notices":[],"_links":{"self":[{"href":"https:\/\/elpuclitico.cl\/index.php\/wp-json\/wp\/v2\/posts\/1832","targetHints":{"allow":["GET"]}}],"collection":[{"href":"https:\/\/elpuclitico.cl\/index.php\/wp-json\/wp\/v2\/posts"}],"about":[{"href":"https:\/\/elpuclitico.cl\/index.php\/wp-json\/wp\/v2\/types\/post"}],"author":[{"embeddable":true,"href":"https:\/\/elpuclitico.cl\/index.php\/wp-json\/wp\/v2\/users\/1"}],"replies":[{"embeddable":true,"href":"https:\/\/elpuclitico.cl\/index.php\/wp-json\/wp\/v2\/comments?post=1832"}],"version-history":[{"count":1,"href":"https:\/\/elpuclitico.cl\/index.php\/wp-json\/wp\/v2\/posts\/1832\/revisions"}],"predecessor-version":[{"id":1834,"href":"https:\/\/elpuclitico.cl\/index.php\/wp-json\/wp\/v2\/posts\/1832\/revisions\/1834"}],"wp:featuredmedia":[{"embeddable":true,"href":"https:\/\/elpuclitico.cl\/index.php\/wp-json\/wp\/v2\/media\/1833"}],"wp:attachment":[{"href":"https:\/\/elpuclitico.cl\/index.php\/wp-json\/wp\/v2\/media?parent=1832"}],"wp:term":[{"taxonomy":"category","embeddable":true,"href":"https:\/\/elpuclitico.cl\/index.php\/wp-json\/wp\/v2\/categories?post=1832"},{"taxonomy":"post_tag","embeddable":true,"href":"https:\/\/elpuclitico.cl\/index.php\/wp-json\/wp\/v2\/tags?post=1832"}],"curies":[{"name":"wp","href":"https:\/\/api.w.org\/{rel}","templated":true}]}}