{"id":1848,"date":"2023-07-19T23:15:36","date_gmt":"2023-07-19T23:15:36","guid":{"rendered":"http:\/\/elpuclitico.cl\/?p=1848"},"modified":"2026-02-25T04:28:08","modified_gmt":"2026-02-25T04:28:08","slug":"a-670km-de-la-capital-esta-en-el-aire-ese-sentimiento-de-recelo-por-el-abandono-al-campus-villarrica","status":"publish","type":"post","link":"https:\/\/elpuclitico.cl\/index.php\/2023\/07\/19\/a-670km-de-la-capital-esta-en-el-aire-ese-sentimiento-de-recelo-por-el-abandono-al-campus-villarrica\/","title":{"rendered":"A 670km de la capital: \u201cEst\u00e1 en el aire ese sentimiento de recelo por el abandono al Campus Villarrica\u201d"},"content":{"rendered":"\n<p><em>Cumpli\u00e9ndose 70 a\u00f1os desde su fundaci\u00f3n este 2023, el Campus Villarrica no solo se caracteriza por ser la \u00fanica sede de la UC que se encuentra afuera de Santiago, sino que tambi\u00e9n es aquel campus que, con no m\u00e1s&nbsp;250 estudiantes, le cuesta \u201cacceder a los mismos beneficios\u201d que se encuentran centralizados en la capital, careciendo de beneficios suficientes para padres y madres, con unidades de Salud Mental que deben llamar a la administraci\u00f3n en Santiago para coordinar horas, y&nbsp;con \u201ccasi una nula cultura universitaria\u201d que afecta la participaci\u00f3n pol\u00edtica y social del estudiantado, afirmaron Gabriel Pincheira y Luis Beltr\u00e1n, representantes del campus sure\u00f1o. <\/em>&nbsp;<\/p>\n\n\n\n<p><em>Desde El PUCl\u00edtico se entrevist\u00f3 a ambos representantes estudiantiles para conocer m\u00e1s sobre el campus Villarrica, las necesidades y problem\u00e1ticas que han aquejado a la comunidad universitaria de la sede que, a pesar de sentir una \u201cdeuda hist\u00f3rica\u201d por un reconocido abandono, es tambi\u00e9n aquel campus que \u201cse siente y quiere ser parte de la comunidad universitaria de la UC\u201d.<\/em>&nbsp;<\/p>\n\n\n\n<p>El Campus Villarrica es uno de los cinco que posee la Pontificia Universidad Cat\u00f3lica, en el cual&nbsp;se imparten las carreras de Pedagog\u00eda en educaci\u00f3n b\u00e1sica y Pedagog\u00eda en educaci\u00f3n parvularia. Con cerca de 240 estudiantes entre ambas carreras, destaca por una dicotom\u00eda peculiar en su vida estudiantil. Por una parte, un compromiso social hacia la comunidad local de Villarrica junto con una manera m\u00e1s cercana de vivir la comunidad estudiantil, y por otro lado la desconexi\u00f3n y sensaci\u00f3n de abandono hist\u00f3rica que se ha sentido con respecto del resto de la universidad y la comunidad estudiantil. Tambi\u00e9n se imparten programas de medio ambiente y geolog\u00eda.&nbsp;<\/p>\n\n\n\n<p>Fundada en 1936 bajo el nombre de Escuela Normal en San Jos\u00e9 de la Mariquina para formar profesores de la zona, gracias a la iniciativa de la Prefectura Apost\u00f3lica de la Araucan\u00eda, es dependiente de la Pontificia Universidad Cat\u00f3lica de Chile desde 1961. Desde los a\u00f1os 1990 y 2009 se han titulado m\u00e1s de 700 profesionales, siendo un 57% residentes de la Regi\u00f3n de la Araucan\u00eda y un 85% es oriundo entre las regiones del Bio-Bio hasta Los Lagos.&nbsp;<\/p>\n\n\n\n<p>Desde El PUCl\u00edtico se realiz\u00f3 una entrevista a Gabriel Pincheira, presidente del Centro de estudiantes de Villarrica y a Luis Beltr\u00e1n, Consejero Territorial del mismo campus, en la que se abord\u00f3 la convivencia dentro del campus, c\u00f3mo esta conversa con la comunidad universitaria, y cu\u00e1les son las principales problem\u00e1ticas que afectan al estudiantado, habiendo un diagn\u00f3stico continuo de c\u00f3mo&nbsp;han sido relegados a esperar para buscar apoyo en \u00e1reas que tienden a estar centralizadas en las sedes capitalinas.&nbsp;<\/p>\n\n\n\n<h2 class=\"wp-block-heading\"><strong>\u00bfC\u00f3mo se da la vida estudiantil de Villarrica?<\/strong>&nbsp;<\/h2>\n\n\n\n<figure class=\"wp-block-image alignleft size-large is-resized\"><img fetchpriority=\"high\" decoding=\"async\" src=\"https:\/\/elpuclitico.cl\/wp-content\/uploads\/2023\/07\/Imagen-de-WhatsApp-2023-07-20-a-las-15.40.16-1024x682.jpg\" alt=\"\" class=\"wp-image-1851\" width=\"278\" height=\"185\" srcset=\"https:\/\/elpuclitico.cl\/wp-content\/uploads\/2023\/07\/Imagen-de-WhatsApp-2023-07-20-a-las-15.40.16-1024x682.jpg 1024w, https:\/\/elpuclitico.cl\/wp-content\/uploads\/2023\/07\/Imagen-de-WhatsApp-2023-07-20-a-las-15.40.16-300x200.jpg 300w, https:\/\/elpuclitico.cl\/wp-content\/uploads\/2023\/07\/Imagen-de-WhatsApp-2023-07-20-a-las-15.40.16-768x512.jpg 768w, https:\/\/elpuclitico.cl\/wp-content\/uploads\/2023\/07\/Imagen-de-WhatsApp-2023-07-20-a-las-15.40.16-1536x1023.jpg 1536w, https:\/\/elpuclitico.cl\/wp-content\/uploads\/2023\/07\/Imagen-de-WhatsApp-2023-07-20-a-las-15.40.16-800x533.jpg 800w, https:\/\/elpuclitico.cl\/wp-content\/uploads\/2023\/07\/Imagen-de-WhatsApp-2023-07-20-a-las-15.40.16-1160x773.jpg 1160w, https:\/\/elpuclitico.cl\/wp-content\/uploads\/2023\/07\/Imagen-de-WhatsApp-2023-07-20-a-las-15.40.16.jpg 1600w\" sizes=\"(max-width: 278px) 100vw, 278px\" \/><figcaption>Reuni\u00f3n entre representantes y autoridades del campus Villarrica.<\/figcaption><\/figure>\n\n\n\n<p>Gabriel Pincheira afirma que la vida estudiantil est\u00e1 llena de aristas: \u201cPor un lado tenemos toda el \u00e1rea acad\u00e9mica pero tambi\u00e9n tenemos todo lo que son actividades de extensi\u00f3n y esparcimiento para disfrutar y para compartir como comunidad\u201d. Es ahora que reci\u00e9n comienzan a articularse como campus despu\u00e9s de los a\u00f1os de pandemia, con actividades como la semana novata e intervenciones que se hacen a trav\u00e9s de del semestre. El Centro de Estudiantes de Villarrica (CEV) ha intentado focalizar el reavivamiento de la comunidad y creen que eso es lo que los diferencia de los otros campus. &nbsp;<\/p>\n\n\n\n<p>\u201cEs una proyecci\u00f3n similar a Santiago, donde s\u00e9 que se hacen muchas actividades, siempre s\u00e9 que los movimientos de la FEUC y otros centros de estudiantes o consejer\u00edas territoriales est\u00e1n como con constante actividades, ac\u00e1 es lo mismo, pero tal vez la diferencia es que ac\u00e1 es m\u00e1s comunitario&#8230; todos juntos: ac\u00e1 no es como pedagog\u00eda parvularia por ac\u00e1, y pedagog\u00eda b\u00e1sica por ac\u00e1, sino es todos juntos\u201d, declara el Presidente del CEV.&nbsp;&nbsp;<\/p>\n\n\n\n<h2 class=\"wp-block-heading\"><strong>\u00bfInclusi\u00f3n en la pol\u00edtica universitaria? \u201cHay una casi nula cultura universitaria\u201d<\/strong>&nbsp;<\/h2>\n\n\n\n<p>A pesar de que hay un trabajo cada vez m\u00e1s estrecho entre el CEV y el Consejero Territorial (el \u00fanico para todo Villarrica) por buscar afianzar los v\u00ednculos entre el campus con el resto de la UC, el diagn\u00f3stico principal que realizan ambos representantes es que es com\u00fan el estudiantado de la sede no tenga \u201cconciencia universitaria\u201d con respecto a la pol\u00edtica que se da en la FEUC y en las elecciones que a\u00f1o a a\u00f1o mueven los movimientos y colectivos pol\u00edticos en los campus capitalinos.&nbsp;<\/p>\n\n\n\n<blockquote class=\"wp-block-quote is-layout-flow wp-block-quote-is-layout-flow\"><p>\u201c<em>Cuando nos postulamos como lista a Centro de Estudiantes, hicimos un diagn\u00f3stico bastante fuerte, y es que partimos por una necesidad tremenda: la educaci\u00f3n c\u00edvica respecto a los movimientos y situaciones de representaci\u00f3n que existen en la universidad. (&#8230;) [Muchos estudiantes] no ten\u00edan ni idea de que era le FEUC, no ten\u00edan idea de lo que es un movimiento pol\u00edtico, no sab\u00edan nada de nada<\/em>\u201d<\/p><cite>&#8211; Gabriel Pincheira, presidente del Centro de Estudiantes de Villarrica.&nbsp;<\/cite><\/blockquote>\n\n\n\n<p>Pincheira destaca que esta relaci\u00f3n es consecuencia de ambas partes. Por un lado, el presidente afirma que el estudiantado del campus tiene poco o ning\u00fan conocimiento sobre pol\u00edtica universitaria: \u201cMuchos estudiantes no saben qu\u00e9 es la FEUC, ni cu\u00e1les son los movimientos pol\u00edticos\u201d, afirma. Dada la desconexi\u00f3n y \u201cfalta de formaci\u00f3n\u201d del estudiantado, el actual CEV ha hecho esfuerzos por educar a su comunidad en estos temas, promoviendo una capacitaci\u00f3n general respecto a la pol\u00edtica universitaria. Ejemplo de lo anterior es c\u00f3mo durante el verano, el CEV se esforz\u00f3 en contactar con los diferentes movimientos pol\u00edticos para intentar que visitaran su campus, lo que concluy\u00f3 con la visita de la Nueva Acci\u00f3n Universitaria, Movimiento Gremial, Avanzar y Solidaridad. No obstante, algunos de los movimientos mencionaron que, en el pasado, se toparon con \u201cpuertas cerradas\u201d por parte del campus Villarrica para retornar nuevamente al campus.&nbsp;<\/p>\n\n\n\n<p>Por otro lado, las directivas del campus Villarrica han expresado en varios periodos que \u201cest\u00e1 en el aire y ambiente ese sentimiento de recelo por el abandono que el campus Villarrica sufri\u00f3 durante mucho tiempo\u201d. \u201cSi bien es cierto que las federaciones anteriores marcaban presencia, ven\u00edan e intentaban tener un rol como un poco m\u00e1s directo con los estudiantes, eso no se ve\u00eda reflejado al 100%\u201d, enfatiz\u00f3 Pincheira.&nbsp;<\/p>\n\n\n\n<p>Lo anterior fue ejemplificado por el representante desde el \u201cFEUCpalooza\u201d, evento que la Directiva FEUC realiza todos los a\u00f1os en Santiago. \u201cSiempre esta este tema que de ac\u00e1 en campus Villarrica, nosotros mir\u00e1bamos que ustedes ten\u00edan este tema de la concha ac\u00fastica que ahora es el Feucpalooza y \u00bfnosotros que tenemos ac\u00e1? Nada\u201d, reafirma el presidente del CEV, lo que ha implicado un esfuerzo mayor por hacer actividades para el estudiantado villarricense. Asimismo, fue mencionado que, si bien hubo visitas de los movimientos pol\u00edticos en el verano, los invitaron a volver, pero ninguno lo ha hecho. Durante su visita a Santiago en marzo de 2023, Pincheira y Beltr\u00e1n recuerdan \u201chaberles dejado la puerta abierta\u201d a todos los movimientos en el Consejo FEUC. \u201cEsperamos contar con la visita de alguno de ellos, porque para nosotros es tremendamente importante\u201d, concluy\u00f3 Pincheira.&nbsp;<\/p>\n\n\n\n<p>As\u00ed, Pincheira hace \u00e9nfasis constante en que en el campus \u201cson y quieren ser parte de la vida universitaria de la UC en general.\u201d A pesar de que el sentimiento comunitario es un rasgo presente en Villarrica, hay algo que ha inquietado a los dirigentes estudiantiles desde hace bastante tiempo y es el poco inter\u00e9s de los estudiantes por la pol\u00edtica universitaria y como a su vez, ning\u00fan movimiento de la UC ha tenido una articulaci\u00f3n efectiva dentro del campus, sino que se presentan unos d\u00edas antes de las Elecciones FEUC para hablar de problem\u00e1ticas y propuestas que \u201cno tienen l\u00f3gica para Villarrica\u201d, declar\u00f3 el representante.&nbsp;<\/p>\n\n\n\n<p>Lo anterior va en l\u00ednea en torno a c\u00f3mo el estudiantado del campus se informa sobre pol\u00edtica universitaria. \u201cMuchas personas no tienen idea de que existen movimientos pol\u00edticos en la universidad\u201d, declara el presidente del CEV, insistiendo en que se vota por criterios poco informados: \u201cEn realidad el voto no tiene l\u00f3gica\u201d, concluye Pincheira, recalcando la importancia de tener espacios de formaci\u00f3n pol\u00edtica y universitaria.&nbsp;<\/p>\n\n\n\n<blockquote class=\"wp-block-quote is-layout-flow wp-block-quote-is-layout-flow\"><p>\u201c<em>Esperamos que las listas que se presenten a la Federaci\u00f3n conozcan nuestras prerrogativas, ese es el sentir que tenemos desde hace a\u00f1os. En Santiago tienen de todo, durante la semana de recepci\u00f3n novata 2022 la FEUC trajo un toro mec\u00e1nico, y nada m\u00e1s, mientras que en Santiago tienen fiestas, concha ac\u00fastica, de todo.<\/em>\u201d<\/p><cite>&#8211; Gabriel Pincheira, presidente del Centro de Estudiantes de Villarrica.&nbsp;<\/cite><\/blockquote>\n\n\n\n<figure class=\"wp-block-image alignright size-large is-resized\"><img decoding=\"async\" src=\"https:\/\/elpuclitico.cl\/wp-content\/uploads\/2023\/07\/Imagen-de-WhatsApp-2023-07-20-a-las-15.40.17-1024x768.jpg\" alt=\"\" class=\"wp-image-1853\" width=\"331\" height=\"249\" srcset=\"https:\/\/elpuclitico.cl\/wp-content\/uploads\/2023\/07\/Imagen-de-WhatsApp-2023-07-20-a-las-15.40.17-1024x768.jpg 1024w, https:\/\/elpuclitico.cl\/wp-content\/uploads\/2023\/07\/Imagen-de-WhatsApp-2023-07-20-a-las-15.40.17-300x225.jpg 300w, https:\/\/elpuclitico.cl\/wp-content\/uploads\/2023\/07\/Imagen-de-WhatsApp-2023-07-20-a-las-15.40.17-768x576.jpg 768w, https:\/\/elpuclitico.cl\/wp-content\/uploads\/2023\/07\/Imagen-de-WhatsApp-2023-07-20-a-las-15.40.17-1536x1152.jpg 1536w, https:\/\/elpuclitico.cl\/wp-content\/uploads\/2023\/07\/Imagen-de-WhatsApp-2023-07-20-a-las-15.40.17-800x600.jpg 800w, https:\/\/elpuclitico.cl\/wp-content\/uploads\/2023\/07\/Imagen-de-WhatsApp-2023-07-20-a-las-15.40.17-1160x870.jpg 1160w, https:\/\/elpuclitico.cl\/wp-content\/uploads\/2023\/07\/Imagen-de-WhatsApp-2023-07-20-a-las-15.40.17.jpg 1600w\" sizes=\"(max-width: 331px) 100vw, 331px\" \/><figcaption>Camila Rojas, Consejera Superior 2023, en actividad con representantes del campus Villarrica.<\/figcaption><\/figure>\n\n\n\n<p>Los representantes mencionan que la relaci\u00f3n que han podido establecer con la FEUC llega tras periodos de dificultades en la relaci\u00f3n entre el campus Villarrica y el estudiantado santiaguino. Este a\u00f1o sienten que han tenido una federaci\u00f3n que ha estado mucho m\u00e1s presente que en otros a\u00f1os. \u201c[La FEUC vigente] han reconocido esa deuda hist\u00f3rica, por as\u00ed decirlo, que se ten\u00eda con el Campus Villarrica\u201d. En ese sentido, indican que la presidenta de la FEUC, Sabina Orellana, ha podido asistir en varias ocasiones al campus este a\u00f1o, mientras que la Consejera Superior, Camila Rojas, se ha hecho presente cumpliendo en su momento las funciones de la Consejer\u00eda Acad\u00e9mica mientras que no ten\u00edan.&nbsp;<\/p>\n\n\n\n<p>\u201cSomos parte de la UC y creemos que aqu\u00ed hay espacio para todos\u201d concluyen los representantes, haciendo la invitaci\u00f3n a los movimientos y colectivos pol\u00edticos a hacerse m\u00e1s presentes en el campus, venir m\u00e1s seguido y movilizar la pol\u00edtica universitaria en el campus.&nbsp;<\/p>\n\n\n\n<h2 class=\"wp-block-heading\"><strong>Salud mental, falta de espacios, y la situaci\u00f3n de madres y padres: las consecuencias de la centralizaci\u00f3n santiaguina<\/strong>&nbsp;<\/h2>\n\n\n\n<p>En el campus de Villarrica, las problem\u00e1ticas se ven de manera transversal y&nbsp;han afectado&nbsp;en gran medida&nbsp;al estudiantado. Seg\u00fan lo declarado por los representantes, algo com\u00fan,&nbsp;que tambi\u00e9n se nota en otros campus, es la respuesta deficiente en los servicios de salud mental por parte de la instituci\u00f3n. Luis Beltr\u00e1n, Consejero Territorial, menciona que \u201ctodo est\u00e1 focalizado en Santiago, se tiene que enviar la documentaci\u00f3n all\u00e1 para que te puedan atender ac\u00e1. Necesitamos que Salud Estudiantil tenga representantes ac\u00e1 porque no nos sirve esperar un a\u00f1o o dos a\u00f1os, y hacer todo por correo\u201d, a lo cual Pincheira agrega que \u201chay que llamar a Santiago, y all\u00ed buscan una hora para que te atiendan aqu\u00ed\u201d. &nbsp;<\/p>\n\n\n\n<p>Por lo que expresan los dirigentes estudiantiles, el tr\u00e1mite para acceder a una consulta psicolog\u00eda es totalmente engorrosa, se expresa la molestia respecto a tener que depender administrativamente de Santiago para poder conseguir profesionales de la salud que traten con los estudiantes de Villarrica.&nbsp;<\/p>\n\n\n\n<blockquote class=\"wp-block-quote is-layout-flow wp-block-quote-is-layout-flow\"><p>\u201c<em>El compromiso de la UC que se ve en Santiago, no lo vemos aqu\u00ed en Villarrica<\/em>\u201d<\/p><cite>&#8211; Luis Beltr\u00e1n, Consejero Territorial del Campus Villarrica.&nbsp;<\/cite><\/blockquote>\n\n\n\n<p>En segundo lugar, mencionan los entrevistados, se encuentra problemas de infraestructura, que se han expresado, por ejemplo, dada la falta de un casino: \u201cmuchos de los estudiantes deben dirigirse al DUOC UC para poder almorzar, no cuentan un espacio propio y de esparcimiento dentro del mismo campus\u201d. Frente a las demandas, no existe un veh\u00edculo que permita la soluci\u00f3n real a estas problem\u00e1ticas, tanto Gabriel como Luis mencionan que muchas veces \u201cse encuentran atados de mano respecto a estas circunstancias\u201d.&nbsp;<\/p>\n\n\n\n<p>Criar siendo estudiante es otra problem\u00e1tica que ha aquejado a parte significativa del estudiantado villarricence. Habiendo aproximadamente de 30 a 40 estudiantes que son padres, madres o tutores legales en un campus de no m\u00e1s 250 personas, \u201cno se sienten identificados o representados, ya que sienten que la universidad no los escucha o no atienden a sus demandas\u201d, declara Pincheira. \u201cEn Santiago, tenemos entendido que s\u00ed hay varias cosas que pueden de alguna manera favorecer a los mapadres de nuestra universidad. En cambio, nosotros, al ser Villarrica, igual nos cuesta un poco acceder a los mismos beneficios que hay en Santiago\u201d, insiste el representante, recalcando la insuficiencia de servicios a pesar de las iniciativas que como CEV han impulsado, como con el cargo de Coordinaci\u00f3n de Mapadres implementado en el centro de estudiantes.&nbsp;<\/p>\n\n\n\n<blockquote class=\"wp-block-quote is-layout-flow wp-block-quote-is-layout-flow\"><p>\u201c<em>Como que ese sentimiento estuvo o est\u00e1 como presente por mucho tiempo, muchos a\u00f1os y esa instancia nos ha tentado a abrir un poco m\u00e1s la puerta e intentar decir que nosotros como Villarrica tambi\u00e9n somos, nos sentimos, y queremos ser parte de la comunidad universitaria de la UC en general.<\/em>\u201d<\/p><cite>&#8211; Gabriel Pincheira, presidente del Centro de Estudiantes de Villarrica.<\/cite><\/blockquote>\n\n\n\n<p>La constante lucha contra la centralizaci\u00f3n y burocracia de Santiago al momento de enviar documentaci\u00f3n, querer acceder a diversos beneficios y servicios, y participar en actividades universitarias recreativas o acad\u00e9micas es algo que problematizan los representantes, quienes poseen una demanda por reconocimiento y apoyo que destacan \u201cnecesita ser visibilizada\u201d concluyen Beltr\u00e1n y Pincheira.&nbsp;<\/p>\n","protected":false},"excerpt":{"rendered":"<p>Cumpli\u00e9ndose 70 a\u00f1os desde su fundaci\u00f3n este 2023, el Campus Villarrica no solo se caracteriza por ser la \u00fanica sede de la UC que se encuentra afuera de Santiago, sino que tambi\u00e9n es aquel campus que, con no m\u00e1s&nbsp;250 estudiantes, le cuesta \u201cacceder a los mismos beneficios\u201d que se encuentran centralizados en la capital, careciendo [&hellip;]<\/p>\n","protected":false},"author":1,"featured_media":1850,"comment_status":"open","ping_status":"open","sticky":false,"template":"","format":"standard","meta":{"_eb_attr":"","_gspb_post_css":"","om_disable_all_campaigns":false,"_monsterinsights_skip_tracking":false,"_monsterinsights_sitenote_active":false,"_monsterinsights_sitenote_note":"","_monsterinsights_sitenote_category":0,"footnotes":""},"categories":[14,17,20],"tags":[22],"class_list":["post-1848","post","type-post","status-publish","format-standard","has-post-thumbnail","hentry","category-actualidad","category-politicauniversitaria","category-reportajes","tag-destacado"],"blocksy_meta":[],"aioseo_notices":[],"_links":{"self":[{"href":"https:\/\/elpuclitico.cl\/index.php\/wp-json\/wp\/v2\/posts\/1848","targetHints":{"allow":["GET"]}}],"collection":[{"href":"https:\/\/elpuclitico.cl\/index.php\/wp-json\/wp\/v2\/posts"}],"about":[{"href":"https:\/\/elpuclitico.cl\/index.php\/wp-json\/wp\/v2\/types\/post"}],"author":[{"embeddable":true,"href":"https:\/\/elpuclitico.cl\/index.php\/wp-json\/wp\/v2\/users\/1"}],"replies":[{"embeddable":true,"href":"https:\/\/elpuclitico.cl\/index.php\/wp-json\/wp\/v2\/comments?post=1848"}],"version-history":[{"count":3,"href":"https:\/\/elpuclitico.cl\/index.php\/wp-json\/wp\/v2\/posts\/1848\/revisions"}],"predecessor-version":[{"id":4762,"href":"https:\/\/elpuclitico.cl\/index.php\/wp-json\/wp\/v2\/posts\/1848\/revisions\/4762"}],"wp:featuredmedia":[{"embeddable":true,"href":"https:\/\/elpuclitico.cl\/index.php\/wp-json\/wp\/v2\/media\/1850"}],"wp:attachment":[{"href":"https:\/\/elpuclitico.cl\/index.php\/wp-json\/wp\/v2\/media?parent=1848"}],"wp:term":[{"taxonomy":"category","embeddable":true,"href":"https:\/\/elpuclitico.cl\/index.php\/wp-json\/wp\/v2\/categories?post=1848"},{"taxonomy":"post_tag","embeddable":true,"href":"https:\/\/elpuclitico.cl\/index.php\/wp-json\/wp\/v2\/tags?post=1848"}],"curies":[{"name":"wp","href":"https:\/\/api.w.org\/{rel}","templated":true}]}}