{"id":1946,"date":"2023-09-06T01:58:40","date_gmt":"2023-09-06T01:58:40","guid":{"rendered":"http:\/\/elpuclitico.cl\/?p=1946"},"modified":"2026-02-25T04:26:03","modified_gmt":"2026-02-25T04:26:03","slug":"rector-responde-a-petitorio-swett-sigue-siendo-doctor-honoris-causa","status":"publish","type":"post","link":"https:\/\/elpuclitico.cl\/index.php\/2023\/09\/06\/rector-responde-a-petitorio-swett-sigue-siendo-doctor-honoris-causa\/","title":{"rendered":"Rector responde a petitorio: Swett sigue siendo doctor \u00abhonoris causa\u00bb"},"content":{"rendered":"\n<p><strong><em>En el contexto de la pronta conmemoraci\u00f3n de los 50 a\u00f1os del Golpe de Estado, el rector de la Universidad Cat\u00f3lica hizo p\u00fablica su respuesta al petitorio presentado por la Federaci\u00f3n de Estudiantes, Conserjer\u00eda Superior y el Colectivo Memoria UC. Entre lo presentado en la contestaci\u00f3n de S\u00e1nchez, destacan la escueta respuesta respecto a la petici\u00f3n de perd\u00f3n institucional, y la imposibilidad de derogar el t\u00edtulo honorifico al exrector designado en dictadura, el vicealmirante Jorge Swett. <\/em><\/strong>&nbsp;<\/p>\n\n\n\n<p>A trav\u00e9s de un correo enviado a toda la comunidad universitaria, el rector de la UC comparti\u00f3 su respuesta al petitorio presentado por la FEUC y otras entidades de la universidad. En la misiva, S\u00e1nchez aborda cada una de las peticiones, recalcando que \u201cvarias de las expresiones y demandas de este petitorio reflejan un desconocimiento de las posiciones y expresiones p\u00fablicas del rector y de las autoridades de la UC\u201d. La autoridad universitaria agrega tambi\u00e9n que \u201ctodos los temas planteados han sido analizados en conjunto con los dirigentes estudiantiles en al menos tres oportunidades, con un di\u00e1logo franco y transparente, que incluy\u00f3 respuestas claras y directas\u201d.&nbsp;<\/p>\n\n\n\n<p>El primer punto del petitorio pretende que el Rector, como m\u00e1xima autoridad de la universidad, pida perd\u00f3n institucional por la colaboraci\u00f3n que la UC brind\u00f3 al r\u00e9gimen militar, exigiendo a S\u00e1nchez realizar un \u201ccompromiso con la no repetici\u00f3n y un llamado a la paz\u201d. El cabecilla de la universidad fue enf\u00e1tico en responder que gran parte de la comunidad universitaria en aquel entonces se manifest\u00f3 \u201ccontraria\u201d a las violaciones de los derechos humanos ocurridas en aquella \u00e9poca. \u201cTenemos que honrar la resistencia que present\u00f3 su propia comunidad universitaria, compuesta por profesores, estudiantes y profesionales y administrativos. Este es el legado que recordamos para las nuevas generaciones\u201d, expres\u00f3 rector\u00eda sobre este punto, sin dar una respuesta clara sobre el perd\u00f3n institucional solicitado por la FEUC.&nbsp;<\/p>\n\n\n\n<p>Con respecto al segundo punto, S\u00e1nchez afirma la imposibilidad de que bajo su mando como rector se derogue el grado acad\u00e9mico del vicealmirante y exrector designado en 1973, Jorge Swett, argumentando que aquella acci\u00f3n ser\u00eda \u201catentar contra los propios Estatutos de la Universidad\u201d. Adicionalmente, la m\u00e1xima autoridad universitaria, expuso que \u201cel otorgamiento del grado de Doctor Honoris Causa al rector Swett (&#8230;) sigui\u00f3 todos los procesos y mecanismos acad\u00e9micos que est\u00e1n en nuestros Estatutos (&#8230;). Por otra parte, a la fecha actual, no existen juicios ni situaci\u00f3n legal pendiente alguna del rector en los tribunales de Justicia\u201d. Por otra parte, S\u00e1nchez no se refiri\u00f3 directamente a la presunta entrega del profesor Alejandro \u00c1valos a la DINA, que seg\u00fan declararon desde la FEUC en su petitorio, fue detenido y asesinado durante la rector\u00eda de Swett. Cabe destacar, que la eliminaci\u00f3n del Grado Honor\u00edfico al exrector ha sido una solicitud presentada en otras ocasiones por la Directiva FEUC, quienes consideran dicho nombramiento \u201cileg\u00edtimo\u201d e \u201cilegal\u201d.&nbsp;&nbsp;<\/p>\n\n\n\n<p>Sobre el resto de las solicitudes \u2014 tales como la creaci\u00f3n de un Centro Interdisciplinario de Derechos Humanos en la UC, la reincorporaci\u00f3n de profesores exonerados en dictadura, la entrega de t\u00edtulos p\u00f3stumos y reconocimientos acad\u00e9micos a integrantes de la UC que fueron detenidos desaparecidos y ejecutados durante el r\u00e9gimen \u2014, rector\u00eda respondi\u00f3 apelando al trabajo ya realizado en dicha materia. Asimismo, el rector Ignacio S\u00e1nchez asegura que la UC ha tenido un abordaje sustantivo en la resoluci\u00f3n de solicitudes presentadas por los representantes estudiantiles, destacando trabajos y acciones ya desarrolladas como el Centro para el Di\u00e1logo y la Paz, las ceremonias de conmemoraci\u00f3n, reconocimiento en actividades e invitaci\u00f3n a profesores exonerados a reincorporarse a la universidad, la entrega de t\u00edtulos p\u00f3stumos a estudiantes DD.DD. y DD.EE. en el a\u00f1o 2013, y la reciente inaugurada Plaza de la Paz.&nbsp;&nbsp;<\/p>\n\n\n\n<p>Finalmente, en su respuesta al petitorio de la FEUC, el actual rector de la UC, Ignacio S\u00e1nchez, manifest\u00f3 su disposici\u00f3n al di\u00e1logo y al trabajo conjunto con las directivas estudiantiles y el alumnado en general.&nbsp;&nbsp;<\/p>\n","protected":false},"excerpt":{"rendered":"<p>En el contexto de la pronta conmemoraci\u00f3n de los 50 a\u00f1os del Golpe de Estado, el rector de la Universidad Cat\u00f3lica hizo p\u00fablica su respuesta al petitorio presentado por la Federaci\u00f3n de Estudiantes, Conserjer\u00eda Superior y el Colectivo Memoria UC. Entre lo presentado en la contestaci\u00f3n de S\u00e1nchez, destacan la escueta respuesta respecto a la [&hellip;]<\/p>\n","protected":false},"author":1,"featured_media":1942,"comment_status":"open","ping_status":"closed","sticky":false,"template":"","format":"standard","meta":{"_eb_attr":"","_gspb_post_css":"","om_disable_all_campaigns":false,"_monsterinsights_skip_tracking":false,"_monsterinsights_sitenote_active":false,"_monsterinsights_sitenote_note":"","_monsterinsights_sitenote_category":0,"footnotes":""},"categories":[14,17],"tags":[22],"class_list":["post-1946","post","type-post","status-publish","format-standard","has-post-thumbnail","hentry","category-actualidad","category-politicauniversitaria","tag-destacado"],"blocksy_meta":[],"aioseo_notices":[],"_links":{"self":[{"href":"https:\/\/elpuclitico.cl\/index.php\/wp-json\/wp\/v2\/posts\/1946","targetHints":{"allow":["GET"]}}],"collection":[{"href":"https:\/\/elpuclitico.cl\/index.php\/wp-json\/wp\/v2\/posts"}],"about":[{"href":"https:\/\/elpuclitico.cl\/index.php\/wp-json\/wp\/v2\/types\/post"}],"author":[{"embeddable":true,"href":"https:\/\/elpuclitico.cl\/index.php\/wp-json\/wp\/v2\/users\/1"}],"replies":[{"embeddable":true,"href":"https:\/\/elpuclitico.cl\/index.php\/wp-json\/wp\/v2\/comments?post=1946"}],"version-history":[{"count":1,"href":"https:\/\/elpuclitico.cl\/index.php\/wp-json\/wp\/v2\/posts\/1946\/revisions"}],"predecessor-version":[{"id":1947,"href":"https:\/\/elpuclitico.cl\/index.php\/wp-json\/wp\/v2\/posts\/1946\/revisions\/1947"}],"wp:featuredmedia":[{"embeddable":true,"href":"https:\/\/elpuclitico.cl\/index.php\/wp-json\/wp\/v2\/media\/1942"}],"wp:attachment":[{"href":"https:\/\/elpuclitico.cl\/index.php\/wp-json\/wp\/v2\/media?parent=1946"}],"wp:term":[{"taxonomy":"category","embeddable":true,"href":"https:\/\/elpuclitico.cl\/index.php\/wp-json\/wp\/v2\/categories?post=1946"},{"taxonomy":"post_tag","embeddable":true,"href":"https:\/\/elpuclitico.cl\/index.php\/wp-json\/wp\/v2\/tags?post=1946"}],"curies":[{"name":"wp","href":"https:\/\/api.w.org\/{rel}","templated":true}]}}