{"id":2019,"date":"2023-09-16T20:29:11","date_gmt":"2023-09-16T20:29:11","guid":{"rendered":"http:\/\/elpuclitico.cl\/?p=2019"},"modified":"2023-09-26T01:45:59","modified_gmt":"2023-09-26T01:45:59","slug":"vuelven-las-clases-vuelven-los-robos-11-estudiantes-de-odontologia-afectados","status":"publish","type":"post","link":"https:\/\/elpuclitico.cl\/index.php\/2023\/09\/16\/vuelven-las-clases-vuelven-los-robos-11-estudiantes-de-odontologia-afectados\/","title":{"rendered":"Vuelven las clases, vuelven los robos: 11 estudiantes de Odontolog\u00eda afectados"},"content":{"rendered":"\n<p><strong><em>Un robo avaluado en m\u00e1s de dos millones de pesos marc\u00f3 el inicio del segundo semestre de un grupo de alumnos de la Escuela de Odontolog\u00eda, quienes tan s\u00f3lo a d\u00edas de haber entrado a clases se percataron de que su equipo cl\u00ednico, el cual es autofinanciado, se encontraba incompleto o completamente perdido.<\/em><\/strong><\/p>\n\n\n\n<p>\u201cUno llega a pensar que (la universidad) puede ser un espacio seguro, ya que al final por la cantidad de horas que pasas en ella termina siendo tu \u00b4segunda casa\u00b4, sin embargo, esto no podr\u00eda estar m\u00e1s errado. No hay seguridad ni ning\u00fan control que impida que personas con malas intenciones puedan salirse con la suya\u201d, narra Tom\u00e1s Quesada, estudiante de cuarto a\u00f1o de la Escuela. El estudiante sospecha que una o m\u00e1s personas ingresaron al edificio de la Cl\u00ednica Odontol\u00f3gica Docente de la Universidad Cat\u00f3lica (CODUC) en San Joaqu\u00edn. Seg\u00fan comenta, quienes perpetuaron el hurto accedieron a las cajoneras de los estudiantes, y le robaron su set completo de instrumental rotatorio que usa para poder atender a sus pacientes.<br>A solo una semana del inicio de clases del segundo semestre 2023, alumnos de cuarto y quinto a\u00f1o de la Escuela de Odontolog\u00eda denunciaron el robo de sus instrumentales cl\u00ednicos, desde CODUC. La situaci\u00f3n fue denunciada el d\u00eda 10 de agosto cuando los estudiantes volvieron de vacaciones de invierno. Seg\u00fan testimonios de los afectados, los materiales se encontraban en las \u201ccajoneras\u201d \u2015 casilleros m\u00f3viles con candado ubicados en los diferentes pisos del edificio\u2015 de las cuales tres sufrieron el da\u00f1o de sus candados para sustraer los insumos. Adem\u00e1s, los estudiantes aseguran que las cajoneras se encuentran en un lugar de dif\u00edcil acceso, esto debido a las medidas de seguridad tomadas a la hora de ingreso.<br>Desde el Centro de Estudiantes de Odontolog\u00eda (CEO), estiman que la sustracci\u00f3n de los instrumentales supera los dos millones de pesos chilenos, ya que las piezas de los kits rotatorios \u2015 compuestos por 1 micromotor, 1 contra \u00e1ngulo, 1 turbina y 1 pieza de mano \u2015 est\u00e1n avaluadas entre 300.000 y 600.000 pesos en total, los cuales son costeados por cada alumno. Vicente C\u00f3rdova, delegado CEO representante de quinto a\u00f1o de odontolog\u00eda, realiz\u00f3 un catastro de los alumnos perjudicados, contabilizando un total de 11 afectados. Entre las v\u00edctimas, algunos sufrieron el robo de su kit completo, mientras que otros solo piezas del mismo.<br>Josefina Lovazzano, estudiante de cuarto a\u00f1o, sufri\u00f3 el hurto de su pieza de mano recta, ya que el resto del instrumental se encontraba en su casa durante las vacaciones de invierno, lo que impidi\u00f3 el robo de su kit rotatorio completo. \u201cMe robaron en las cajoneras, y me dio lata porque nosotros como curso hab\u00edamos preguntado antes de las vacaciones si era necesario sacar nuestras cosas de las cajoneras, como llevarlas a la casa. Y no, los guardias nos hab\u00edan respondido que no, que pod\u00edamos dejarlo ah\u00ed, que no hab\u00eda ning\u00fan problema, y volv\u00ed de las vacaciones y ya mis cosas no estaban\u201d, asegura la estudiante afectada.<br>Tras una reuni\u00f3n entre el CEO y el resto de los delegados estudiantiles, se confirm\u00f3 la necesidad de una reuni\u00f3n conjunta entre la Direcci\u00f3n de la Escuela de Odontolog\u00eda y CODUC para llegar a una soluci\u00f3n y entregar una respuesta a las v\u00edctimas. Paralelamente, el CEO lanz\u00f3 un comunicado con la intenci\u00f3n de informar a la comunidad sobre la situaci\u00f3n y hacer un llamado al cuidado de las pertenencias del alumnado. Por su parte, CODUC opt\u00f3 por pegar avisos en las cajoneras sugiriendo a los usuarios un cambio de candado para evitar un futuro robo, responsabilizando a los alumnos por la sustracci\u00f3n de sus materiales desde los casilleros. Sin embargo, desde la Cl\u00ednica Odontol\u00f3gica se comprometieron a contactar a los afectados y revisar opciones de reparaci\u00f3n ante la situaci\u00f3n.<br>Tard\u00eda respuesta de CODUC<br>La reuni\u00f3n con las autoridades no lleg\u00f3 hasta casi 3 semanas despu\u00e9s, el d\u00eda 28 de agosto. Los respectivos directores de la Escuela, el Dr. Patricio Smith, y de la Cl\u00ednica, el Dr. Patricio Palavecino, se comunicaron con el CEO y los delegados para discutir lo ocurrido y posibles medidas a tomar. Los directores concluyeron que, desde ahora en adelante, es responsabilidad de los alumnos la seguridad de sus instrumentales, por lo que indicaron que el material de alto valor no fuera dejado en las cajoneras, y que los alumnos deb\u00edan llevarlos consigo a casa despu\u00e9s de cada jornada. Adem\u00e1s, las autoridades antes mencionadas aconsejaron a los estudiantes cambiar los candados de las cajoneras y evitar subir a la cl\u00ednica con mochila para evitar confusiones.<br>Al d\u00eda siguiente, 29 de agosto, la Escuela emiti\u00f3 un comunicado con las medidas a tomar, donde informaron que apoyar\u00e1n a los afectados por el robo de sus instrumentales cl\u00ednicos. De igual manera, aseguraron que se reforzar\u00e1n las medidas de vigilancia, advirtiendo que esto podr\u00eda molestar o incomodar a los alumnos. En el aviso se insisti\u00f3 en los cambios de candado, adem\u00e1s de enfatizar el retiro de instrumental de mayor costo despu\u00e9s de cada jornada. Dichas medidas fueron divulgadas, por parte del equipo de la Cl\u00ednica, a trav\u00e9s de carteles pegados en las cajoneras para recordarles a los estudiantes de retirar su instrumental al finalizar el d\u00eda.<br>El\u00edas Pardo, vicepresidente interno del CEO, comenta que desde CODUC prometieron medidas que hasta el momento no han cumplido. Entre las disposiciones que dio la Cl\u00ednica en la reuni\u00f3n del 28 de agosto, se encontraban el reforzamiento de las medidas de vigilancia y rondas de guardias, la compra de candados m\u00e1s seguros por parte de la Escuela y contacto con los estudiantes afectados. \u201cCon nuestros compa\u00f1eros, la verdad, nos molesta la situaci\u00f3n. Porque primero que todo, lo que se nos dijo en la reuni\u00f3n no fue lo que hizo al final la Escuela, adem\u00e1s que todav\u00eda no nos aseguran que realmente estar\u00e1n protegidas nuestras pertenencias, lo cual queda en un dilema, o las dejamos con el riesgo que las roben, o llev\u00e1rnoslas y que se nos pierdan fuera de la escuela\u201d, comenta el vicepresidente del CEO, agregando que, de las medidas prometidas, hasta el momento solo han pegado carteles de prevenci\u00f3n para los alumnos.<br>En la misma l\u00ednea, Sebasti\u00e1n Ribbeck, estudiante de quinto a\u00f1o, se\u00f1ala que medidas como no poder subir a los boxes con mochilas o bolsos, incomodan el traslado de los materiales en el d\u00eda a d\u00eda: \u201cUno siente que siempre est\u00e1 siendo observado y enjuiciado. No creo que sea realmente una medida para evitar robos\u201d, asegura Ribbeck. Adem\u00e1s de esto, afirma que existe una sensaci\u00f3n de inseguridad por parte del estudiantado, ya que al llevarse el instrumental a casa se expone a los alumnos a mayores posibilidades de robo en la calle o transporte p\u00fablico.<br>El d\u00eda viernes 1 de septiembre, el Dr. Palavecino se reuni\u00f3 con la estudiante Josefina Lovazzano para discutir la situaci\u00f3n de los afectados. El director de CODUC le sugiri\u00f3 que se coordinara una reuni\u00f3n con el resto de los alumnos y la direcci\u00f3n para ver qu\u00e9 se podr\u00eda hacer con la situaci\u00f3n de los hurtos y buscar medidas futuras para prevenirlos. Adem\u00e1s, el Dr. Palavecino anunci\u00f3 que se est\u00e1 considerando la adquisici\u00f3n de instrumental para prestar a los estudiantes que fueron v\u00edctimas del hurto de sus materiales. No obstante, este apoyo para que los estudiantes puedan continuar con sus actividades cl\u00ednicas a\u00fan no est\u00e1 garantizado.<\/p>\n","protected":false},"excerpt":{"rendered":"<p>Un robo avaluado en m\u00e1s de dos millones de pesos marc\u00f3 el inicio del segundo semestre de un grupo de alumnos de la Escuela de Odontolog\u00eda, quienes tan s\u00f3lo a d\u00edas de haber entrado a clases se percataron de que su equipo cl\u00ednico, el cual es autofinanciado, se encontraba incompleto o completamente perdido. \u201cUno llega [&hellip;]<\/p>\n","protected":false},"author":1,"featured_media":2020,"comment_status":"open","ping_status":"open","sticky":false,"template":"","format":"standard","meta":{"_eb_attr":"","_gspb_post_css":"","om_disable_all_campaigns":false,"_monsterinsights_skip_tracking":false,"_monsterinsights_sitenote_active":false,"_monsterinsights_sitenote_note":"","_monsterinsights_sitenote_category":0,"footnotes":""},"categories":[14,20],"tags":[22,35,36,33,32,34],"class_list":["post-2019","post","type-post","status-publish","format-standard","has-post-thumbnail","hentry","category-actualidad","category-reportajes","tag-destacado","tag-hurto","tag-kit-rotatorio","tag-odontologia","tag-robos","tag-universidad-catolica"],"blocksy_meta":[],"aioseo_notices":[],"_links":{"self":[{"href":"https:\/\/elpuclitico.cl\/index.php\/wp-json\/wp\/v2\/posts\/2019","targetHints":{"allow":["GET"]}}],"collection":[{"href":"https:\/\/elpuclitico.cl\/index.php\/wp-json\/wp\/v2\/posts"}],"about":[{"href":"https:\/\/elpuclitico.cl\/index.php\/wp-json\/wp\/v2\/types\/post"}],"author":[{"embeddable":true,"href":"https:\/\/elpuclitico.cl\/index.php\/wp-json\/wp\/v2\/users\/1"}],"replies":[{"embeddable":true,"href":"https:\/\/elpuclitico.cl\/index.php\/wp-json\/wp\/v2\/comments?post=2019"}],"version-history":[{"count":1,"href":"https:\/\/elpuclitico.cl\/index.php\/wp-json\/wp\/v2\/posts\/2019\/revisions"}],"predecessor-version":[{"id":2021,"href":"https:\/\/elpuclitico.cl\/index.php\/wp-json\/wp\/v2\/posts\/2019\/revisions\/2021"}],"wp:featuredmedia":[{"embeddable":true,"href":"https:\/\/elpuclitico.cl\/index.php\/wp-json\/wp\/v2\/media\/2020"}],"wp:attachment":[{"href":"https:\/\/elpuclitico.cl\/index.php\/wp-json\/wp\/v2\/media?parent=2019"}],"wp:term":[{"taxonomy":"category","embeddable":true,"href":"https:\/\/elpuclitico.cl\/index.php\/wp-json\/wp\/v2\/categories?post=2019"},{"taxonomy":"post_tag","embeddable":true,"href":"https:\/\/elpuclitico.cl\/index.php\/wp-json\/wp\/v2\/tags?post=2019"}],"curies":[{"name":"wp","href":"https:\/\/api.w.org\/{rel}","templated":true}]}}