{"id":2046,"date":"2023-09-26T21:35:34","date_gmt":"2023-09-26T21:35:34","guid":{"rendered":"http:\/\/elpuclitico.cl\/?p=2046"},"modified":"2026-02-25T04:23:14","modified_gmt":"2026-02-25T04:23:14","slug":"villarrica-estudiantes-exigen-suspension-de-actividades-por-riesgo-volcanico","status":"publish","type":"post","link":"https:\/\/elpuclitico.cl\/index.php\/2023\/09\/26\/villarrica-estudiantes-exigen-suspension-de-actividades-por-riesgo-volcanico\/","title":{"rendered":"[VILLARRICA] Estudiantes exigen suspensi\u00f3n de actividades por riesgo volc\u00e1nico"},"content":{"rendered":"\n<p>El Centro de Estudiantes de Villarrica present\u00f3 un petitorio a las autoridades del campus ante la creciente alarma dentro de los alumnos en caso de que el volc\u00e1n entrase en una erupci\u00f3n activa. Por su parte, desde la direcci\u00f3n descarta la suspensi\u00f3n de clases e implementaci\u00f3n de clases remotas.&nbsp;<\/p>\n\n\n\n<p>El pasado domingo la comuna sure\u00f1a de Villarrica, donde queda ubicado el campus hom\u00f3nimo de la Universidad Cat\u00f3lica, pudo ver como la punta del volc\u00e1n brillaba con un naranjo intenso en el ocaso, indicando un proceso de ascenso de magma dentro del cr\u00e1ter, aumentando as\u00ed la energ\u00eda s\u00edsmica de la zona.&nbsp;<\/p>\n\n\n\n<p>Ante esto, el Sernageomin de la regi\u00f3n de La Araucan\u00eda decidi\u00f3 establecer una \u201calerta naranja\u201d al volc\u00e1n, evacuando as\u00ed a m\u00e1s de 30 familias que viven cercanos al lugar de forma preventiva. Tambi\u00e9n se han suspendido las clases en todos los colegios de Puc\u00f3n y algunos ubicados en Villarrica.&nbsp;<\/p>\n\n\n\n<p>Si bien el Campus Villarrica queda a m\u00e1s de 40 kil\u00f3metros de la \u201czona 0\u201d y fuera de los lugares cr\u00edticos en caso de una erupci\u00f3n, las preocupaciones del estudiantado est\u00e1n latentes: \u201cLos estudiantes est\u00e1n un poco asustados. Tenemos una gran cantidad de alumnos que se traslada desde Puc\u00f3n, Curarrehue, Loncoche, Panguipulli, Co\u00f1aripe o Licanrray, algunos son sectores de riesgo ante un eventual pulso eruptivo\u201d, expresa Gabriel Pincheira, presidente del Centro de Estudiantes (CEV).&nbsp;<\/p>\n\n\n\n<p>Desde el CEV apuntan que su preocupaci\u00f3n principal es el riesgo a que estudiantes universitarios queden aislados en Villarrica en caso de que el volc\u00e1n erupcione en gran intensidad y se tengan que cortar las rutas de movilizaci\u00f3n debido a la actividad s\u00edsmica, brote de lava y levantamiento de ceniza.&nbsp;<\/p>\n\n\n\n<p>Durante la ma\u00f1ana de este lunes, desde el Centro de Estudiantes se present\u00f3 un petitorio a la Vicerrector\u00eda de la Universidad y Direcci\u00f3n del campus exigiendo la \u201csuspensi\u00f3n de actividades acad\u00e9micas\u201d en forma preventiva, adem\u00e1s de evaluar la posibilidad de incluir clases de forma remota para flexibilizar con estudiantes que prefieren no arriesgarse a trasladarse a la comuna de Villarrica.&nbsp;<\/p>\n\n\n\n<p>Ante el petitorio, y los di\u00e1logos que ha mantenido el CEV con la Direcci\u00f3n del campus, Gonzalo Valdivieso, director de la sede en Villarrica, ha respondido destacando la necesidad de cooperaci\u00f3n con los estudiantes adem\u00e1s de asegurar que no poseen informaci\u00f3n alguna sobre estudiantes que vivan en zonas de riesgo. Adem\u00e1s, recalc\u00f3 que habr\u00e1 flexibilidad en justificativos de inasistencias \u201casociados a la emergencia\u201d. &nbsp;<\/p>\n\n\n\n<p>Por el momento, el mensaje difundido a trav\u00e9s de la comunidad villaricana es que no habr\u00e1 suspensi\u00f3n de clases pero que \u201csiguen evaluando\u201d. En caso de una erupci\u00f3n o suscitaci\u00f3n de \u201calerta roja\u201d se suspender\u00edan de inmediato.&nbsp;&nbsp;<\/p>\n\n\n\n<p>El delegado presidencial de la regi\u00f3n de La Araucan\u00eda, Jos\u00e9 Montalva calm\u00f3 los \u00e1nimos con la prensa nacional presente en la zona sur, pues no significa que el Volc\u00e1n Villarrica vaya a entrar en erupci\u00f3n activa de manera inminente, sino que hay una \u201cmayor inestabilidad\u201d.&nbsp;<\/p>\n\n\n\n<p>Desde el a\u00f1o 1558, se han producido al menos 49 erupciones, principalmente de car\u00e1cter efusivo. La erupci\u00f3n m\u00e1s importante del siglo XX se registr\u00f3 en 1948, con el desarrollo de flujos pirocl\u00e1sticos de peque\u00f1o volumen que afectaron el flanco occidental del volc\u00e1n.&nbsp;<\/p>\n\n\n\n<figure class=\"wp-block-audio\"><audio controls src=\"https:\/\/elpuclitico.cl\/wp-content\/uploads\/2023\/09\/Video-sin-titulo-\u2010-Hecho-con-Clipchamp-1.mp3\"><\/audio><figcaption>Gabriel Pincheira, presidente del CEV<\/figcaption><\/figure>\n\n\n\n<p>\u201cAgradecemos la disposici\u00f3n de Vicerrector\u00eda y Direcci\u00f3n porque est\u00e1n siempre muy dispuestos a conversar. (\u2026) Miramos con preocupaci\u00f3n esta respuesta de mantener la calma. Creemos que el no tomar medidas prudentes puede tornarse en algo que en futuro nos podamos arrepentir, y no queremos eso\u201d, asegura Pincheira respecto a la respuesta del petitorio presentado a las autoridades.\u00a0<\/p>\n\n\n\n<p>ACTUALIZACI\u00d3N<\/p>\n\n\n\n<p>Director del campus Villarrica, Gonzalo Valdivieso, responde sobre la continuidad de las clases.<\/p>\n\n\n\n<p>\u00abHemos tomado la decisi\u00f3n de mantener las clases en forma normal y coordinar con Asuntos Estudiantiles y el Centro de Estudiantes la informaci\u00f3n sobre cualquier caso de personas de nuestra comunidad que puedan estar en dificultades, buscando apoyar y flexibilizar lo que se requiera en cada caso. Tambi\u00e9n hemos estado monitoreo la actividad del volc\u00e1n y prepar\u00e1ndonos por si hubiera una situaci\u00f3n m\u00e1s compleja en el futuro\u00bb, declar\u00f3 Valdivieso en exclusiva para El PUCl\u00edtico.<\/p>\n","protected":false},"excerpt":{"rendered":"<p>El Centro de Estudiantes de Villarrica present\u00f3 un petitorio a las autoridades del campus ante la creciente alarma dentro de los alumnos en caso de que el volc\u00e1n entrase en una erupci\u00f3n activa. Por su parte, desde la direcci\u00f3n descarta la suspensi\u00f3n de clases e implementaci\u00f3n de clases remotas.&nbsp; El pasado domingo la comuna sure\u00f1a [&hellip;]<\/p>\n","protected":false},"author":1,"featured_media":2038,"comment_status":"open","ping_status":"open","sticky":false,"template":"","format":"standard","meta":{"_eb_attr":"","_gspb_post_css":"","om_disable_all_campaigns":false,"_monsterinsights_skip_tracking":false,"_monsterinsights_sitenote_active":false,"_monsterinsights_sitenote_note":"","_monsterinsights_sitenote_category":0,"footnotes":""},"categories":[14,17],"tags":[22],"class_list":["post-2046","post","type-post","status-publish","format-standard","has-post-thumbnail","hentry","category-actualidad","category-politicauniversitaria","tag-destacado"],"blocksy_meta":[],"aioseo_notices":[],"_links":{"self":[{"href":"https:\/\/elpuclitico.cl\/index.php\/wp-json\/wp\/v2\/posts\/2046","targetHints":{"allow":["GET"]}}],"collection":[{"href":"https:\/\/elpuclitico.cl\/index.php\/wp-json\/wp\/v2\/posts"}],"about":[{"href":"https:\/\/elpuclitico.cl\/index.php\/wp-json\/wp\/v2\/types\/post"}],"author":[{"embeddable":true,"href":"https:\/\/elpuclitico.cl\/index.php\/wp-json\/wp\/v2\/users\/1"}],"replies":[{"embeddable":true,"href":"https:\/\/elpuclitico.cl\/index.php\/wp-json\/wp\/v2\/comments?post=2046"}],"version-history":[{"count":4,"href":"https:\/\/elpuclitico.cl\/index.php\/wp-json\/wp\/v2\/posts\/2046\/revisions"}],"predecessor-version":[{"id":2052,"href":"https:\/\/elpuclitico.cl\/index.php\/wp-json\/wp\/v2\/posts\/2046\/revisions\/2052"}],"wp:featuredmedia":[{"embeddable":true,"href":"https:\/\/elpuclitico.cl\/index.php\/wp-json\/wp\/v2\/media\/2038"}],"wp:attachment":[{"href":"https:\/\/elpuclitico.cl\/index.php\/wp-json\/wp\/v2\/media?parent=2046"}],"wp:term":[{"taxonomy":"category","embeddable":true,"href":"https:\/\/elpuclitico.cl\/index.php\/wp-json\/wp\/v2\/categories?post=2046"},{"taxonomy":"post_tag","embeddable":true,"href":"https:\/\/elpuclitico.cl\/index.php\/wp-json\/wp\/v2\/tags?post=2046"}],"curies":[{"name":"wp","href":"https:\/\/api.w.org\/{rel}","templated":true}]}}