{"id":2160,"date":"2023-10-23T22:35:35","date_gmt":"2023-10-23T22:35:35","guid":{"rendered":"http:\/\/elpuclitico.cl\/?p=2160"},"modified":"2025-12-28T22:41:20","modified_gmt":"2025-12-28T22:41:20","slug":"otra-era-responde-entre-medio-de-polemica-por-plagio","status":"publish","type":"post","link":"https:\/\/elpuclitico.cl\/index.php\/2023\/10\/23\/otra-era-responde-entre-medio-de-polemica-por-plagio\/","title":{"rendered":"<strong>Otra Era responde entre medio de pol\u00e9mica por plagio&nbsp;&nbsp; <\/strong>&nbsp;"},"content":{"rendered":"\n<p><em>Los documentos presentan copy paste en al menos 8 puntos con repsecto al programa de S\u00fabete a la FECH. La lista asegura que el proyecto corresponde a la voluntad de \u201carmar un programa cohesionado\u201d entre Universidades. <\/em>\u00a0<\/p>\n\n\n\n<p>Durante la noche de domingo se dio a conocer mediante redes sociales la existencia de una presunta copia entre el programa de S\u00fabete a la FECH, lista ganadora de la Federaci\u00f3n de Estudiantes de la UChile y Otra Era, candidata a la FEUC, ambas del conglomerado unido entre las Juventudes Comunistas y el brazo estudiantil del partido Convergencia Social. &nbsp;<\/p>\n\n\n\n<figure class=\"wp-block-embed is-type-rich is-provider-twitter wp-block-embed-twitter\"><div class=\"wp-block-embed__wrapper\">\nhttps:\/\/twitter.com\/MartinC070\/status\/1716268884305604762\n<\/div><\/figure>\n\n\n\n<p>En la publicaci\u00f3n hecha por Mart\u00edn Campos, consejero FECH por Medicina, dio a conocer 3 puntos de ambos programas de Otra Era, liderado por Fernanda Vega y Valentina D\u00edaz, que estaban calcados parcial o totalmente del actual planificaci\u00f3n de la Federaci\u00f3n de la Universidad hermana: \u201cNo + negacionismo\u201d, \u201cDiagn\u00f3stico y estandarizaci\u00f3n\u201d y \u201cGenerar instancias de memoria y espacios de reflexi\u00f3n\u201d. \u00a0<\/p>\n\n\n\n<p>La publicaci\u00f3n result\u00f3 ser viral dentro de X, donde alcanz\u00f3 los m\u00e1s de 60 mil reproducciones en menos de 24 horas. Ante esto, la lista Otra Era ha declarado hacia El PUCl\u00edtico que est\u00e1 en proceso de revisi\u00f3n para agregar rectificaciones a pie de p\u00e1gina del documento, dado que por reglamento no pueden cambiar puntos del programa.&nbsp; &nbsp;<\/p>\n\n\n\n<p>Con respecto a la autor\u00eda material del programa de Otra Era, seg\u00fan la informaci\u00f3n recopilada por el documento drive de Google difundido por las redes sociales de la lista, corresponde a Claudio Calabr\u00e1n Mu\u00f1oz, estudiante de Ciencia Pol\u00edtica de la Universidad Chile y adherente a Convergencia Social. Luego de la posterior re-edici\u00f3n del programa el cargo de autor qued\u00f3 a cargo de las Juventudes Comunistas UC y su respectiva co-edici\u00f3n a cargo del Regional Universitario JJ.CC, Convergencia Social UC y Fernanda Vega.<\/p>\n\n\n\n<p>Noem\u00ed Cid, jefa de campa\u00f1a de Otra Era declar\u00f3 en exclusiva para El PUCl\u00edtico: \u201cAsumimos el error de no haber reescrito el programa, reescrito la propuesta como tal, pero es algo que tambi\u00e9n se repite en los movimientos pol\u00edticos. No nos conflict\u00faa asumir el error como lo hemos hecho durante la campa\u00f1a, que parte por la preocupaci\u00f3n y la retroalimentaci\u00f3n que el propio estudiantado nos puede dar y que no podemos desconocer. Estamos abiertos a la escucha\u201d, aclara.&nbsp;<\/p>\n\n\n\n<figure class=\"wp-block-audio\"><audio controls src=\"https:\/\/elpuclitico.cl\/wp-content\/uploads\/2023\/10\/WhatsApp-Audio-2023-10-23-at-17.21.34.ogg\"><\/audio><figcaption>Declaraciones de Noem\u00ed Cid en exclusiva para el medio.<\/figcaption><\/figure>\n\n\n\n<p>Por otro lado, durante el debate realizado hoy en el bloque de almuerzo en el patio de Comunicaciones, la candidata a Consejera Superior, Valentina D\u00edaz se refiri\u00f3 a la pol\u00e9mica suscitada el d\u00eda anterior explicando que la similitud entre programas de la FECH con Otra era es una voluntad de \u201cconstruir un proyecto unificado entre Universidades del pa\u00eds\u201d por parte de las Juventudes Comunistas y Convergencia Social: \u201cNo pretend\u00edamos en ning\u00fan momento hacer un plagio al respecto, sino que para nosotres es muy importante que podamos tener articulaci\u00f3n entre las universidades regionales. Normalmente el estudiante UC no siempre tiene la oportunidad de poder articularse con otras universidades, como es la Universidad de Chile, la USACH tambi\u00e9n, y otras universidades que tambi\u00e9n son importantes\u201d, declar\u00f3 la candidata en la instancia deliberativa. &nbsp;<\/p>\n\n\n\n<p>Al menos otros 2 puntos de los programas de la candidata a Consejer\u00eda Superior, y la Lista FEUC tambi\u00e9n han sido identificados por haber sido copiados textualmente de S\u00fabete a la FECH: \u201cUso efectivo de protocolos e instructivos\u201d, \u201cRegulaci\u00f3n Nota de Eximici\u00f3n\u201d &nbsp;<\/p>\n\n\n\n<p>Otros 3 proyectos han sido hallados por la copia de contenido textual del proyecto S\u00fabete a la FECH y renombrados bajo otro t\u00edtulo: \u201cFomentar la bibliograf\u00eda paritaria\u201d, \u201cPreuniversitario disidente\u201d, y \u201cRearticulaci\u00f3n feminista\u201d.\u00a0 \u00a0<\/p>\n\n\n\n<p>Aun as\u00ed, la lista actualiz\u00f3 la l\u00ednea gr\u00e1fica de su programa hoy lunes a las 13 horas, adem\u00e1s de a\u00f1adirle un pie de p\u00e1gina aclarando que la iniciativa Archivo Hist\u00f3rico FEUC \u201cya se encontraba trabajando en la Universidad\u201d, ante la cr\u00edtica que hab\u00eda hecho Cristobal Karle, dirigente de la vocal\u00eda Rescate Hist\u00f3rico FEUC.&nbsp;<\/p>\n","protected":false},"excerpt":{"rendered":"<p>Los documentos presentan copy paste en al menos 8 puntos con repsecto al programa de S\u00fabete a la FECH. La lista asegura que el proyecto corresponde a la voluntad de \u201carmar un programa cohesionado\u201d entre Universidades. \u00a0 Durante la noche de domingo se dio a conocer mediante redes sociales la existencia de una presunta copia [&hellip;]<\/p>\n","protected":false},"author":1,"featured_media":2162,"comment_status":"open","ping_status":"open","sticky":false,"template":"","format":"standard","meta":{"_eb_attr":"","_gspb_post_css":"","om_disable_all_campaigns":false,"_monsterinsights_skip_tracking":false,"_monsterinsights_sitenote_active":false,"_monsterinsights_sitenote_note":"","_monsterinsights_sitenote_category":0,"footnotes":""},"categories":[14,62,17],"tags":[22],"class_list":["post-2160","post","type-post","status-publish","format-standard","has-post-thumbnail","hentry","category-actualidad","category-elecciones-feuc-2024","category-politicauniversitaria","tag-destacado"],"blocksy_meta":[],"aioseo_notices":[],"_links":{"self":[{"href":"https:\/\/elpuclitico.cl\/index.php\/wp-json\/wp\/v2\/posts\/2160","targetHints":{"allow":["GET"]}}],"collection":[{"href":"https:\/\/elpuclitico.cl\/index.php\/wp-json\/wp\/v2\/posts"}],"about":[{"href":"https:\/\/elpuclitico.cl\/index.php\/wp-json\/wp\/v2\/types\/post"}],"author":[{"embeddable":true,"href":"https:\/\/elpuclitico.cl\/index.php\/wp-json\/wp\/v2\/users\/1"}],"replies":[{"embeddable":true,"href":"https:\/\/elpuclitico.cl\/index.php\/wp-json\/wp\/v2\/comments?post=2160"}],"version-history":[{"count":3,"href":"https:\/\/elpuclitico.cl\/index.php\/wp-json\/wp\/v2\/posts\/2160\/revisions"}],"predecessor-version":[{"id":2167,"href":"https:\/\/elpuclitico.cl\/index.php\/wp-json\/wp\/v2\/posts\/2160\/revisions\/2167"}],"wp:featuredmedia":[{"embeddable":true,"href":"https:\/\/elpuclitico.cl\/index.php\/wp-json\/wp\/v2\/media\/2162"}],"wp:attachment":[{"href":"https:\/\/elpuclitico.cl\/index.php\/wp-json\/wp\/v2\/media?parent=2160"}],"wp:term":[{"taxonomy":"category","embeddable":true,"href":"https:\/\/elpuclitico.cl\/index.php\/wp-json\/wp\/v2\/categories?post=2160"},{"taxonomy":"post_tag","embeddable":true,"href":"https:\/\/elpuclitico.cl\/index.php\/wp-json\/wp\/v2\/tags?post=2160"}],"curies":[{"name":"wp","href":"https:\/\/api.w.org\/{rel}","templated":true}]}}