{"id":2196,"date":"2023-10-25T18:36:49","date_gmt":"2023-10-25T18:36:49","guid":{"rendered":"http:\/\/elpuclitico.cl\/?p=2196"},"modified":"2023-10-25T18:37:15","modified_gmt":"2023-10-25T18:37:15","slug":"nunca-quedas-mal-con-nadie","status":"publish","type":"post","link":"https:\/\/elpuclitico.cl\/index.php\/2023\/10\/25\/nunca-quedas-mal-con-nadie\/","title":{"rendered":"Nunca quedas mal con nadie"},"content":{"rendered":"\n<p>Ad portas de la elecci\u00f3n a presidencia de la FEUC, aparecen los movimientos pol\u00edticos a prometer incesantemente un futuro mejor para la universidad, pero tambi\u00e9n para el pa\u00eds. \u00bfC\u00f3mo ser\u00eda posible aquello? Si desean el cambio, deben observar a su alrededor, buscar instancias para preservar el respeto por el otro. \u00bfC\u00f3mo es posible que se acepten comentarios irrespetuosos para quienes viven una situaci\u00f3n econ\u00f3mica vulnerable? Chile se mueve gracias al conjunto de trabajadores esforzados que buscan lo mejor para ellos y sus hijos, \u00bfacaso algunos viven en una burbuja que no les permite ver la realidad?<\/p>\n\n\n\n<p>Los comentarios constantes en p\u00e1ginas de confesiones incitan a que algunos no sientan la universidad como un espacio seguro, debido a su color de piel, por ser de escasos recursos o por tener un mal desempe\u00f1o acad\u00e9mico (a pesar de que fueron v\u00edctimas de una educaci\u00f3n que no le importa cu\u00e1nto aprendas, sino que pases de curso para tener el \u201ccart\u00f3n de cuarto medio\u201d). \u00bfPor qu\u00e9 no se preocupan de incrementar programas de inclusi\u00f3n y nivelaci\u00f3n acad\u00e9mica? \u00bfPor qu\u00e9 sus promesas son para el momento? Prometan y sean realmente el cambio, prometan y sean historia, \u00bfo acaso nunca quieres quedar mal con nadie?<\/p>\n\n\n\n<p><strong>Catalina Acevedo<\/strong><\/p>\n\n\n\n<p><strong>Estudiante de Ciencia Pol\u00edtica<\/strong><\/p>\n","protected":false},"excerpt":{"rendered":"<p>Ad portas de la elecci\u00f3n a presidencia de la FEUC, aparecen los movimientos pol\u00edticos a prometer incesantemente un futuro mejor para la universidad, pero tambi\u00e9n para el pa\u00eds. \u00bfC\u00f3mo ser\u00eda posible aquello? Si desean el cambio, deben observar a su alrededor, buscar instancias para preservar el respeto por el otro. \u00bfC\u00f3mo es posible que se [&hellip;]<\/p>\n","protected":false},"author":1,"featured_media":2197,"comment_status":"open","ping_status":"open","sticky":false,"template":"","format":"standard","meta":{"_eb_attr":"","_gspb_post_css":"","om_disable_all_campaigns":false,"_monsterinsights_skip_tracking":false,"_monsterinsights_sitenote_active":false,"_monsterinsights_sitenote_note":"","_monsterinsights_sitenote_category":0,"footnotes":""},"categories":[12,21],"tags":[],"class_list":["post-2196","post","type-post","status-publish","format-standard","has-post-thumbnail","hentry","category-columnas-de-opinion","category-opinion"],"blocksy_meta":[],"aioseo_notices":[],"_links":{"self":[{"href":"https:\/\/elpuclitico.cl\/index.php\/wp-json\/wp\/v2\/posts\/2196","targetHints":{"allow":["GET"]}}],"collection":[{"href":"https:\/\/elpuclitico.cl\/index.php\/wp-json\/wp\/v2\/posts"}],"about":[{"href":"https:\/\/elpuclitico.cl\/index.php\/wp-json\/wp\/v2\/types\/post"}],"author":[{"embeddable":true,"href":"https:\/\/elpuclitico.cl\/index.php\/wp-json\/wp\/v2\/users\/1"}],"replies":[{"embeddable":true,"href":"https:\/\/elpuclitico.cl\/index.php\/wp-json\/wp\/v2\/comments?post=2196"}],"version-history":[{"count":1,"href":"https:\/\/elpuclitico.cl\/index.php\/wp-json\/wp\/v2\/posts\/2196\/revisions"}],"predecessor-version":[{"id":2198,"href":"https:\/\/elpuclitico.cl\/index.php\/wp-json\/wp\/v2\/posts\/2196\/revisions\/2198"}],"wp:featuredmedia":[{"embeddable":true,"href":"https:\/\/elpuclitico.cl\/index.php\/wp-json\/wp\/v2\/media\/2197"}],"wp:attachment":[{"href":"https:\/\/elpuclitico.cl\/index.php\/wp-json\/wp\/v2\/media?parent=2196"}],"wp:term":[{"taxonomy":"category","embeddable":true,"href":"https:\/\/elpuclitico.cl\/index.php\/wp-json\/wp\/v2\/categories?post=2196"},{"taxonomy":"post_tag","embeddable":true,"href":"https:\/\/elpuclitico.cl\/index.php\/wp-json\/wp\/v2\/tags?post=2196"}],"curies":[{"name":"wp","href":"https:\/\/api.w.org\/{rel}","templated":true}]}}