{"id":2257,"date":"2023-11-08T21:13:02","date_gmt":"2023-11-08T21:13:02","guid":{"rendered":"http:\/\/elpuclitico.cl\/?p=2257"},"modified":"2023-11-08T21:13:02","modified_gmt":"2023-11-08T21:13:02","slug":"aqui-gana-el-que-grita-mas-fuerte","status":"publish","type":"post","link":"https:\/\/elpuclitico.cl\/index.php\/2023\/11\/08\/aqui-gana-el-que-grita-mas-fuerte\/","title":{"rendered":"Aqu\u00ed gana el que grita m\u00e1s fuerte"},"content":{"rendered":"\n<figure class=\"wp-block-image size-full is-resized is-style-default\"><img fetchpriority=\"high\" decoding=\"async\" src=\"https:\/\/elpuclitico.cl\/wp-content\/uploads\/2023\/11\/carta.jpg\" alt=\"\" class=\"wp-image-2258\" width=\"617\" height=\"346\" srcset=\"https:\/\/elpuclitico.cl\/wp-content\/uploads\/2023\/11\/carta.jpg 850w, https:\/\/elpuclitico.cl\/wp-content\/uploads\/2023\/11\/carta-300x169.jpg 300w, https:\/\/elpuclitico.cl\/wp-content\/uploads\/2023\/11\/carta-768x432.jpg 768w, https:\/\/elpuclitico.cl\/wp-content\/uploads\/2023\/11\/carta-800x450.jpg 800w\" sizes=\"(max-width: 617px) 100vw, 617px\" \/><\/figure>\n\n\n\n<p>Se\u00f1or director:<\/p>\n\n\n\n<p>La actual \u00e9poca electoral ha tra\u00eddo nuevamente consigo acalorados debates y la consecuente apertura del espacio p\u00fablico a la lucha de ideas. Sin embargo, me resulta sumamente preocupante que, en los debates que he visto, siempre se termina transitando hacia el camino de las falacias. Se ha vuelto muy com\u00fan el uso del argumento <em>ad hominem <\/em>para desvirtuar el proyecto pol\u00edtico de alg\u00fan movimiento: se menoscaba a sus integrantes, se \u201ctocan\u201d heridas del pasado, o se llama a no elegirlos porque en sus principios se se\u00f1ala una u otra postura de un tema siempre conflictivo y que no se relaciona con su programa.<\/p>\n\n\n\n<p>As\u00ed, los debates en la UC carecen de altura de miras y rozan un nivel poco acorde a nuestra formaci\u00f3n universitaria. Me apena ver que lo que valida la postura de un movimiento pol\u00edtico muchas veces no es la solidez de sus argumentos, sino que su capacidad para insultar y gritar m\u00e1s fuerte. <\/p>\n\n\n\n<p>Pablo Gonz\u00e1lez Calder\u00f3n<\/p>\n\n\n\n<p>Estudiante de Ingenier\u00eda Civil<\/p>\n","protected":false},"excerpt":{"rendered":"<p>Se\u00f1or director: La actual \u00e9poca electoral ha tra\u00eddo nuevamente consigo acalorados debates y la consecuente apertura del espacio p\u00fablico a la lucha de ideas. Sin embargo, me resulta sumamente preocupante que, en los debates que he visto, siempre se termina transitando hacia el camino de las falacias. Se ha vuelto muy com\u00fan el uso del [&hellip;]<\/p>\n","protected":false},"author":1,"featured_media":0,"comment_status":"open","ping_status":"open","sticky":false,"template":"","format":"standard","meta":{"_eb_attr":"","_gspb_post_css":"","om_disable_all_campaigns":false,"_monsterinsights_skip_tracking":false,"_monsterinsights_sitenote_active":false,"_monsterinsights_sitenote_note":"","_monsterinsights_sitenote_category":0,"footnotes":""},"categories":[13,21],"tags":[],"class_list":["post-2257","post","type-post","status-publish","format-standard","hentry","category-carta-a-la-directora","category-opinion"],"blocksy_meta":[],"aioseo_notices":[],"_links":{"self":[{"href":"https:\/\/elpuclitico.cl\/index.php\/wp-json\/wp\/v2\/posts\/2257","targetHints":{"allow":["GET"]}}],"collection":[{"href":"https:\/\/elpuclitico.cl\/index.php\/wp-json\/wp\/v2\/posts"}],"about":[{"href":"https:\/\/elpuclitico.cl\/index.php\/wp-json\/wp\/v2\/types\/post"}],"author":[{"embeddable":true,"href":"https:\/\/elpuclitico.cl\/index.php\/wp-json\/wp\/v2\/users\/1"}],"replies":[{"embeddable":true,"href":"https:\/\/elpuclitico.cl\/index.php\/wp-json\/wp\/v2\/comments?post=2257"}],"version-history":[{"count":1,"href":"https:\/\/elpuclitico.cl\/index.php\/wp-json\/wp\/v2\/posts\/2257\/revisions"}],"predecessor-version":[{"id":2259,"href":"https:\/\/elpuclitico.cl\/index.php\/wp-json\/wp\/v2\/posts\/2257\/revisions\/2259"}],"wp:attachment":[{"href":"https:\/\/elpuclitico.cl\/index.php\/wp-json\/wp\/v2\/media?parent=2257"}],"wp:term":[{"taxonomy":"category","embeddable":true,"href":"https:\/\/elpuclitico.cl\/index.php\/wp-json\/wp\/v2\/categories?post=2257"},{"taxonomy":"post_tag","embeddable":true,"href":"https:\/\/elpuclitico.cl\/index.php\/wp-json\/wp\/v2\/tags?post=2257"}],"curies":[{"name":"wp","href":"https:\/\/api.w.org\/{rel}","templated":true}]}}