{"id":2346,"date":"2024-01-09T00:02:25","date_gmt":"2024-01-09T00:02:25","guid":{"rendered":"http:\/\/elpuclitico.cl\/?p=2346"},"modified":"2024-01-09T00:02:26","modified_gmt":"2024-01-09T00:02:26","slug":"nunca-quedas-mal-con-nadie-2","status":"publish","type":"post","link":"https:\/\/elpuclitico.cl\/index.php\/2024\/01\/09\/nunca-quedas-mal-con-nadie-2\/","title":{"rendered":"Nunca quedas mal con nadie."},"content":{"rendered":"\n<figure class=\"wp-block-image size-large\"><img fetchpriority=\"high\" decoding=\"async\" width=\"1024\" height=\"528\" src=\"https:\/\/elpuclitico.cl\/wp-content\/uploads\/2024\/01\/Screenshot_20231228-222103_Chrome-1024x528.jpg\" alt=\"\" class=\"wp-image-2347\" srcset=\"https:\/\/elpuclitico.cl\/wp-content\/uploads\/2024\/01\/Screenshot_20231228-222103_Chrome-1024x528.jpg 1024w, https:\/\/elpuclitico.cl\/wp-content\/uploads\/2024\/01\/Screenshot_20231228-222103_Chrome-300x155.jpg 300w, https:\/\/elpuclitico.cl\/wp-content\/uploads\/2024\/01\/Screenshot_20231228-222103_Chrome-768x396.jpg 768w, https:\/\/elpuclitico.cl\/wp-content\/uploads\/2024\/01\/Screenshot_20231228-222103_Chrome-800x413.jpg 800w, https:\/\/elpuclitico.cl\/wp-content\/uploads\/2024\/01\/Screenshot_20231228-222103_Chrome.jpg 1080w\" sizes=\"(max-width: 1024px) 100vw, 1024px\" \/><\/figure>\n\n\n\n<p>Sr. Director: <\/p>\n\n\n\n<p>Ya a varios d\u00edas de la elecci\u00f3n constitucional es interesante analizar las diversas posiciones que adquirieron los movimientos pol\u00edticos de la universidad frente a este proceso.<\/p>\n\n\n\n<p><em>Hagamos un poco de memoria\u2026<\/em><em><\/em><\/p>\n\n\n\n<p>El primer debate y a la vez el m\u00e1s \u00e1lgido en torno al plebiscito constitucional se dio el d\u00eda 11 de diciembre en una sesi\u00f3n extraordinaria del Consejo Feuc, donde a trav\u00e9s del voto ponderado los distintos territorios dieron a conocer su postura frente al proceso, triunfando as\u00ed la opci\u00f3n <em>En contra<\/em>, decisi\u00f3n que no fue del agrado de los movimientos de derecha incluido Avanzar, porque consideraban que la mejor forma de garantizar representatividad era a trav\u00e9s del voto universal.<\/p>\n\n\n\n<p>Sin embargo y m\u00e1s all\u00e1 de la postura triunfante, esta en la pr\u00e1ctica no fue tan notoria. A diferencia de lo que realiz\u00f3 la Fech, la Feuc no fue protagonista en la campa\u00f1a.<\/p>\n\n\n\n<p>Los movimientos por su parte, dieron a conocer sus respectivas posturas a trav\u00e9s de sus redes sociales. Gremiales junto a Solidaridad se posicionaron <em>A favor<\/em>; mientras que Nau, Surgencia, JJCC y CS <em>En Contra<\/em>. Siendo as\u00ed Avanzar el \u00fanico movimiento en dar libertad de acci\u00f3n a sus votantes, aunque dentro de sus filas el 64% de sus militantes se posicion\u00f3 <em>A favor, <\/em>una acci\u00f3n un tanto rutinaria, porque si recordamos para la elecci\u00f3n de Feuc su forma de actuar ser\u00eda la misma.<\/p>\n\n\n\n<p><em>\u00bfQu\u00e9 simboliza Avanzar?&#8230;<\/em><em><\/em><\/p>\n\n\n\n<p>El centro pol\u00edtico a grandes rasgos tiene el deber de actuar como moderador, y constructor de acuerdos entre los distintos bandos pol\u00edticos. En nuestra universidad aquel centro pareciera estar encarnado en Avanzar, pero el movimiento en su af\u00e1n de convencer adeptos que simpaticen con esa apariencia centrista lo que ha generado es justamente lo contrario, hoy demuestran falta de convicci\u00f3n y lineamientos claros, debido a sus constantes contradicciones pol\u00edticas.<\/p>\n\n\n\n<p>Un post de instagram m\u00e1s all\u00e1 de sus buenas intenciones \u00abliberales\u00bb no esconde la importancia del fondo, Avanzar en su mayor\u00eda vot\u00f3 \u00abA favor\u00bb de la propuesta republicana en conjunto a Solidaridad y el Movimiento gremial, pero tambi\u00e9n en conjunto a Briones, y Gloria Hutt, algo de lo que no debemos de extra\u00f1arnos porque lo que s\u00ed est\u00e1 claro dentro del movimiento es que el \u00abevopolismo\u00bb siempre ha sido quien gu\u00eda sus pasos. El liberalismo en esta pasada pareci\u00f3 no importar mucho, porque votaron a favor de una propuesta que en la pr\u00e1ctica significaba una serie de retrocesos en cuanto a derechos fundamentales y libertades humanas. \u00bfEs aquello ser de centro?<\/p>\n\n\n\n<p><em>Volvamos a la elecci\u00f3n Feuc\u2026<\/em><em><\/em><\/p>\n\n\n\n<p>A pesar de la libertad de acci\u00f3n que el movimiento concedi\u00f3 a sus militantes, varios de estos incluido su candidato a presidente Feuc, apoyaron abiertamente a Solidaridad, una clara contradicci\u00f3n val\u00f3rica, porque si de liberalismo y moderaci\u00f3n hablamos quienes se acercan program\u00e1ticamente al movimiento es la Nau. Debemos ser cr\u00edticos, cuando una de las m\u00e1ximas figuras de Avanzar apoya una opci\u00f3n que no refleja los ideales del movimiento pol\u00edtico que lidera, es una p\u00e9sima se\u00f1al.<\/p>\n\n\n\n<p>Pong\u00e1monos a imaginar un poco, \u00bfqu\u00e9 pasar\u00eda si el Partido Liberal diera libertad de acci\u00f3n a sus militantes, y que Vlado Mirosevic apoyara a Renovaci\u00f3n Nacional en una elecci\u00f3n?<\/p>\n\n\n\n<p>Claramente dudar\u00edamos de sus convicciones. La l\u00f3gica bajo este contexto es la misma, pues existe una contradicci\u00f3n moral y pol\u00edtica que mancha al movimiento.<\/p>\n\n\n\n<p>Hoy lejos de simbolizar aquel tan anhelado centro pareciera que bailan al mismo ritmo que la derecha. El movimiento camina sobre un espejo enterrado porque no es capaz de mirarse as\u00ed mismo para darse cuenta de la imagen que proyecta. Tal como dec\u00edan en los 80s Los prisioneros, pareciera que su forma de hacer pol\u00edtica m\u00e1s bien se basa en nunca quedar mal con nadie.<\/p>\n\n\n\n<p><strong>Benjam\u00edn Mu\u00f1oz Rojas<\/strong><\/p>\n\n\n\n<p><strong>Estudiante de Ciencia pol\u00edtica.<\/strong><\/p>\n","protected":false},"excerpt":{"rendered":"<p>Sr. Director: Ya a varios d\u00edas de la elecci\u00f3n constitucional es interesante analizar las diversas posiciones que adquirieron los movimientos pol\u00edticos de la universidad frente a este proceso. Hagamos un poco de memoria\u2026 El primer debate y a la vez el m\u00e1s \u00e1lgido en torno al plebiscito constitucional se dio el d\u00eda 11 de diciembre [&hellip;]<\/p>\n","protected":false},"author":1,"featured_media":2347,"comment_status":"open","ping_status":"open","sticky":false,"template":"","format":"standard","meta":{"_eb_attr":"","_gspb_post_css":"","om_disable_all_campaigns":false,"_monsterinsights_skip_tracking":false,"_monsterinsights_sitenote_active":false,"_monsterinsights_sitenote_note":"","_monsterinsights_sitenote_category":0,"footnotes":""},"categories":[13,21],"tags":[],"class_list":["post-2346","post","type-post","status-publish","format-standard","has-post-thumbnail","hentry","category-carta-a-la-directora","category-opinion"],"blocksy_meta":[],"aioseo_notices":[],"_links":{"self":[{"href":"https:\/\/elpuclitico.cl\/index.php\/wp-json\/wp\/v2\/posts\/2346","targetHints":{"allow":["GET"]}}],"collection":[{"href":"https:\/\/elpuclitico.cl\/index.php\/wp-json\/wp\/v2\/posts"}],"about":[{"href":"https:\/\/elpuclitico.cl\/index.php\/wp-json\/wp\/v2\/types\/post"}],"author":[{"embeddable":true,"href":"https:\/\/elpuclitico.cl\/index.php\/wp-json\/wp\/v2\/users\/1"}],"replies":[{"embeddable":true,"href":"https:\/\/elpuclitico.cl\/index.php\/wp-json\/wp\/v2\/comments?post=2346"}],"version-history":[{"count":2,"href":"https:\/\/elpuclitico.cl\/index.php\/wp-json\/wp\/v2\/posts\/2346\/revisions"}],"predecessor-version":[{"id":2353,"href":"https:\/\/elpuclitico.cl\/index.php\/wp-json\/wp\/v2\/posts\/2346\/revisions\/2353"}],"wp:featuredmedia":[{"embeddable":true,"href":"https:\/\/elpuclitico.cl\/index.php\/wp-json\/wp\/v2\/media\/2347"}],"wp:attachment":[{"href":"https:\/\/elpuclitico.cl\/index.php\/wp-json\/wp\/v2\/media?parent=2346"}],"wp:term":[{"taxonomy":"category","embeddable":true,"href":"https:\/\/elpuclitico.cl\/index.php\/wp-json\/wp\/v2\/categories?post=2346"},{"taxonomy":"post_tag","embeddable":true,"href":"https:\/\/elpuclitico.cl\/index.php\/wp-json\/wp\/v2\/tags?post=2346"}],"curies":[{"name":"wp","href":"https:\/\/api.w.org\/{rel}","templated":true}]}}