{"id":2380,"date":"2024-02-25T18:58:07","date_gmt":"2024-02-25T18:58:07","guid":{"rendered":"http:\/\/elpuclitico.cl\/?p=2380"},"modified":"2024-02-26T22:07:47","modified_gmt":"2024-02-26T22:07:47","slug":"vasectomia-y-anticonceptivos-prohibidos-en-la-uc","status":"publish","type":"post","link":"https:\/\/elpuclitico.cl\/index.php\/2024\/02\/25\/vasectomia-y-anticonceptivos-prohibidos-en-la-uc\/","title":{"rendered":"Vasectom\u00eda y Anticonceptivos prohibidos en la UC"},"content":{"rendered":"\n<p>\u201cEstimado paciente, por lineamientos de nuestra instituci\u00f3n, nos quedamos en el medioevo\u201d, deber\u00eda decir el mensaje de los centros de Salud UC CHRISTUS por prohibir procedimientos anticonceptivos de largo plazo y de esterilizaci\u00f3n como lo son el DIU, el implante subd\u00e9rmico, e incluso vasectom\u00edas. Todo esto bajo la justificaci\u00f3n del respeto intransigente a su concepci\u00f3n \u00e9tica de planificaci\u00f3n familiar.<\/p>\n\n\n\n<p>Estas pr\u00e1cticas no son nada nuevas. El 2017, luego de a\u00f1os de lucha y discusi\u00f3n en las calles y en espacios legislativos, se promulg\u00f3 la Ley 21.030 sobre la interrupci\u00f3n voluntaria del embarazo en tres causales, un gran paso para quienes creemos en el aborto libre como un derecho. Solo un par de meses despu\u00e9s la Red Salud UC CHRISTUS se convirti\u00f3 en la segunda instituci\u00f3n privada en ser objetora de conciencia.<\/p>\n\n\n\n<p>Uno de los pilares fundamentales de nuestra Universidad es el compromiso con el servicio p\u00fablico y la vinculaci\u00f3n con el medio. En innumerables ocasiones han declarado la importancia de que la comunidad UC est\u00e9 inmersa en la realidad que vive Chile y el mundo. Sin embargo, este lineamiento de la UC nos parece inconsecuente, pues al momento de hablar sobre derechos sexuales y reproductivos, que es una discusi\u00f3n urgente para las ni\u00f1as, adolescentes y mujeres de la sociedad, nos cierran las puertas. Podr\u00edamos especular que esta puerta no se puede abrir, pero ser\u00eda incorrecto, porque desde el 2004 la Facultad de Medicina UC en representaci\u00f3n de nuestra casa de estudios se comprometi\u00f3 a construir y administrar los Centros de Salud Familiar (CESFAM) \u00c1ncora, instituciones que han sido reconocidas por la comunidad debido a su labor como centros de atenci\u00f3n p\u00fablica en comunas del sur oriente de Santiago y que, por su sentido p\u00fablico, realizan tratamientos anticonceptivos de largo plazo. Es precisamente este sentido p\u00fablico el que como FEUC y Consejer\u00eda Superior, queremos que se replique en la Red UC CHRISTUS.<\/p>\n\n\n\n<p>Sin embargo, no somos las \u00fanicas con este deseo. Somos cientos de compa\u00f1eras de la comunidad UC quienes a trav\u00e9s del Petitorio Feminista 2024 para este 8M, le exigimos a la Universidad que deje de excluirse de decisiones que hemos acordado como pa\u00eds y que de una vez por todas asuma el rol p\u00fablico que tanto se enorgullece de tener. Declaramos en este: \u201cSi bien entendemos la objeci\u00f3n de conciencia personal para respetar las creencias religiosas o \u00e9ticas frente al procedimiento, no concuerda que la Universidad como instituci\u00f3n deba excluirse de los criterios establecidos entre todas las personas como comunidad, pues esto constituye una restricci\u00f3n al acceso de prestaciones legitimas, afectando derechos e intereses de las mujeres y cuerpos gestantes consagrados en nuestra actual legislaci\u00f3n\u201d. Punto que junto a otras demandas ser\u00e1 votado el pr\u00f3ximo 6 y 7 de marzo en la UC.<\/p>\n\n\n\n<p>Hoy, el 63% de mujeres entre 15 y 29 a\u00f1os no proyecta ser madre en el futuro y m\u00e1s de la mitad indican que estar\u00edan dispuestas a realizarse o inducirse un aborto (INJUV, 2022). Nuestro sentido p\u00fablico tiene que responder a esa realidad, no a la que queramos imponer. Tiene que responder con la entrega de tratamientos que nos permitan elegir nuestro futuro.<\/p>\n\n\n\n<p>Pero lamentablemente, si hoy una estudiante UC quiere utilizar un anticonceptivo de larga duraci\u00f3n, sin importar la raz\u00f3n de su decisi\u00f3n, el establecimiento educacional que ella escogi\u00f3 para formarse y que fomenta la libertad, le negar\u00e1 su derecho.<\/p>\n\n\n\n<p><strong>Directiva FEUC 2024<\/strong><\/p>\n\n\n\n<p><strong>Consejer\u00eda Superior y Subconsejer\u00eda Superior 2024<\/strong><\/p>\n\n\n\n<p><em>Catalina Jofr\u00e9 Hidalgo Javier Del Valle Trinidad Ortega<\/em><em><\/em><\/p>\n\n\n\n<p><em>Manuel Stevens de la Maza <\/em><em>Benjam\u00edn Ca\u00f1as<\/em><\/p>\n\n\n\n<p><em>Daniela Laucirica<\/em><em><\/em><\/p>\n\n\n\n<p><em>Isidora Rodr\u00edguez <\/em><\/p>\n\n\n\n<p><em>Amanda Astudillo<\/em><\/p>\n","protected":false},"excerpt":{"rendered":"<p>\u201cEstimado paciente, por lineamientos de nuestra instituci\u00f3n, nos quedamos en el medioevo\u201d, deber\u00eda decir el mensaje de los centros de Salud UC CHRISTUS por prohibir procedimientos anticonceptivos de largo plazo y de esterilizaci\u00f3n como lo son el DIU, el implante subd\u00e9rmico, e incluso vasectom\u00edas. Todo esto bajo la justificaci\u00f3n del respeto intransigente a su concepci\u00f3n [&hellip;]<\/p>\n","protected":false},"author":1,"featured_media":2381,"comment_status":"open","ping_status":"open","sticky":false,"template":"","format":"standard","meta":{"_eb_attr":"","_gspb_post_css":"","om_disable_all_campaigns":false,"_monsterinsights_skip_tracking":false,"_monsterinsights_sitenote_active":false,"_monsterinsights_sitenote_note":"","_monsterinsights_sitenote_category":0,"footnotes":""},"categories":[12,21],"tags":[],"class_list":["post-2380","post","type-post","status-publish","format-standard","has-post-thumbnail","hentry","category-columnas-de-opinion","category-opinion"],"blocksy_meta":[],"aioseo_notices":[],"_links":{"self":[{"href":"https:\/\/elpuclitico.cl\/index.php\/wp-json\/wp\/v2\/posts\/2380","targetHints":{"allow":["GET"]}}],"collection":[{"href":"https:\/\/elpuclitico.cl\/index.php\/wp-json\/wp\/v2\/posts"}],"about":[{"href":"https:\/\/elpuclitico.cl\/index.php\/wp-json\/wp\/v2\/types\/post"}],"author":[{"embeddable":true,"href":"https:\/\/elpuclitico.cl\/index.php\/wp-json\/wp\/v2\/users\/1"}],"replies":[{"embeddable":true,"href":"https:\/\/elpuclitico.cl\/index.php\/wp-json\/wp\/v2\/comments?post=2380"}],"version-history":[{"count":3,"href":"https:\/\/elpuclitico.cl\/index.php\/wp-json\/wp\/v2\/posts\/2380\/revisions"}],"predecessor-version":[{"id":2392,"href":"https:\/\/elpuclitico.cl\/index.php\/wp-json\/wp\/v2\/posts\/2380\/revisions\/2392"}],"wp:featuredmedia":[{"embeddable":true,"href":"https:\/\/elpuclitico.cl\/index.php\/wp-json\/wp\/v2\/media\/2381"}],"wp:attachment":[{"href":"https:\/\/elpuclitico.cl\/index.php\/wp-json\/wp\/v2\/media?parent=2380"}],"wp:term":[{"taxonomy":"category","embeddable":true,"href":"https:\/\/elpuclitico.cl\/index.php\/wp-json\/wp\/v2\/categories?post=2380"},{"taxonomy":"post_tag","embeddable":true,"href":"https:\/\/elpuclitico.cl\/index.php\/wp-json\/wp\/v2\/tags?post=2380"}],"curies":[{"name":"wp","href":"https:\/\/api.w.org\/{rel}","templated":true}]}}