{"id":2405,"date":"2024-03-01T18:51:29","date_gmt":"2024-03-01T18:51:29","guid":{"rendered":"http:\/\/elpuclitico.cl\/?p=2405"},"modified":"2026-02-25T04:17:55","modified_gmt":"2026-02-25T04:17:55","slug":"cruce-entre-dirigentas-fech-y-feuc-por-dichos-de-agenda-identitaria-del-gobierno","status":"publish","type":"post","link":"https:\/\/elpuclitico.cl\/index.php\/2024\/03\/01\/cruce-entre-dirigentas-fech-y-feuc-por-dichos-de-agenda-identitaria-del-gobierno\/","title":{"rendered":"Cruce entre presidentas FECH y FEUC por dichos de \u201cagenda identitaria\u201d del gobierno"},"content":{"rendered":"\n<p><strong><em>Catalina Lufin (JJ.CC.), dirigenta de la Federaci\u00f3n de Estudiantes de la Universidad de Chile, sali\u00f3 en defensa del Frente Amplio y tild\u00f3 a postura de Jofr\u00e9 como \u201cconservadora\u201d por desacuerdos en prioridades en la cartera de Educaci\u00f3n.<\/em><\/strong><\/p>\n\n\n\n<p><em>\u201cEncuentro bien lamentable que entre dirigentes j\u00f3venes usemos t\u00e9rminos tan conservadores\u201d<\/em> De esta manera Catalina Luf\u00edn, presidenta FECH respondi\u00f3 a los dichos de la dirigenta FEUC Catalina Jofr\u00e9 durante una entrevista sostenida con el medio independiente <strong>Fastcheck.<\/strong> La semana pasada hab\u00eda sido el turno de Jofr\u00e9 en el marco de un especial de entrevistas a dirigentes CONFECh. <\/p>\n\n\n\n<p>En ambas entrevistas se abord\u00f3 la gesti\u00f3n del actual gobierno durante sus dos primeros a\u00f1os, la demanda pendiente por la condonaci\u00f3n del CAE, el proyecto ESI, el debilitamiento del movimiento estudiantil, entre otros.<\/p>\n\n\n\n<p>En primera instancia Catalina Jofr\u00e9 (FEUC), critic\u00f3 el abandono de la agenda educativa por parte del gobierno, tambi\u00e9n se refiri\u00f3 al declive de las demandas estudiantiles: <em>\u201cNo hay hitos del gobierno en educaci\u00f3n y es algo que nos extra\u00f1a a todos\u201d<\/em>, coment\u00f3.<\/p>\n\n\n\n<p>Adem\u00e1s, la presidenta se refiri\u00f3 al ex-ministro de Educaci\u00f3n Marco Antonio \u00c1vila criticando su paso por la cartera: \u201cEl gobierno ten\u00eda un ministro que su prioridad era la Educaci\u00f3n Sexual Integral (ESI), y por supuesto que creo en la ESI (\u2026), pero c\u00f3mo vamos a pedir eso si ni siquiera saben leer, escribir y sumar\u201d.<\/p>\n\n\n\n<p>Al ser consultada por los avances y las demandas pendientes del actual mandato de Gabriel Boric, la dirigenta FEUC opin\u00f3 que si Chile tuviese que elegir entre la agenda identitaria del gobierno y mejorar la educaci\u00f3n, escoger\u00eda lo segundo.<\/p>\n\n\n\n<p>Sin embargo, la declaraci\u00f3n m\u00e1s importante de la entrevista se refiere al desempe\u00f1o general del Frente Amplio, bloque oficialista que plebiscitar\u00e1 su unificaci\u00f3n en un \u00fanico partido el 9 y 10 de marzo, al cual calific\u00f3 como soberbio y desconectada con la realidad del pa\u00eds: \u201cEs un proyecto rupturista que se dio cuenta que las cosas que planteaban no eran posibles y no eran responsables\u201d, coment\u00f3 Jofr\u00e9 para FastCheck.<\/p>\n\n\n\n<p>Los dichos no cayeron para nada bien al bloque estudiantil frenteamplista, especialmente de la presidenta de la Federaci\u00f3n de Estudiantes de la Universidad de Chile y militante de las Juventudes Comunistas, Catalina Luf\u00edn.<\/p>\n\n\n\n<p>Inmediatamente luego de ser publicada la entrevista, la dirigenta public\u00f3 en su perfil de X: \u201c\u00bfLo imposible? (En referencia&nbsp; a dichos de Jofr\u00e9 sobre el Frente Amplio) \u00bfPensar en un proyecto distinto al neoliberalismo? La historia no avanza si no es desbordando el l\u00edmite de lo posible \u201c, plante\u00f3 Luf\u00edn en redes sociales.<\/p>\n\n\n\n<p>A la semana siguiente, el d\u00eda 25 de febrero, FastCheck public\u00f3 otra entrevista, ahora con Catalina Luf\u00edn. La dirigenta aprovech\u00f3 para ampliar su cr\u00edtica frente a los dichos de Jofr\u00e9 sobre la situaci\u00f3n estudiantil: <em>\u201cNo creo que sea necesario decirle al movimiento estudiantil que tengan que evaluar sus prioridades, es una responsabilidad m\u00e1s colectiva que compartida\u201d<\/em>.<\/p>\n\n\n\n<p>Al ser consultada por los dichos de la dirigenta FEUC sobre la agenda identitaria del gobierno, Luf\u00edn se refiri\u00f3 de la siguiente manera: \u201cCreo que la agenda relacionada con aspectos de g\u00e9nero o reconocimiento de pueblos originarios, no es una agenda identitaria, sino que es una agenda integral para con la sociedad de este pa\u00eds.<strong> Encuentro bien lamentable que entre dirigentes j\u00f3venes usemos t\u00e9rminos tan conservadores<\/strong>. La ESI no es una agenda identitaria\u201d, sentenci\u00f3 en la entrevista.<\/p>\n\n\n\n<p>Desde El PUCl\u00edtico conversamos con Catalina Jofr\u00e9 para conocer su opini\u00f3n respecto a las respuestas emitidas por Luf\u00edn. En cuanto a la agenda identitaria aclar\u00f3 lo siguiente: \u201cNosotros valoramos muchas cosas de este Gobierno, si bien consideramos que ciertas medidas que promov\u00edan los partidos que lo componen si eran poco responsables o m\u00e1s bien identitarias, como la abolici\u00f3n del cargo de primera dama o la refundaci\u00f3n de Carabineros\u201d.<\/p>\n\n\n\n<p>Tambi\u00e9n, declar\u00f3 que es su \u201cresponsabilidad ser cr\u00edticos y propositivos\u201d hacia la contingencia nacional y estudiantil.<\/p>\n\n\n\n<p>Finalmente consider\u00f3 el cruce entre ambas representantes como una exposici\u00f3n de visiones distintas, celebrando en intercambio y diversidades de opiniones entre dirigentes estudiantiles: \u201cLa unidad y la cohesi\u00f3n del movimiento estudiantil debiese encontrar su riqueza en la convivencia fraterna entre estudiantes comprometidos por el cambio desde sus propias visiones, no en una igualdad casi aritm\u00e9tica de discursos\u201d.<\/p>\n","protected":false},"excerpt":{"rendered":"<p>Catalina Lufin (JJ.CC.), dirigenta de la Federaci\u00f3n de Estudiantes de la Universidad de Chile, sali\u00f3 en defensa del Frente Amplio y tild\u00f3 a postura de Jofr\u00e9 como \u201cconservadora\u201d por desacuerdos en prioridades en la cartera de Educaci\u00f3n. \u201cEncuentro bien lamentable que entre dirigentes j\u00f3venes usemos t\u00e9rminos tan conservadores\u201d De esta manera Catalina Luf\u00edn, presidenta FECH [&hellip;]<\/p>\n","protected":false},"author":1,"featured_media":2406,"comment_status":"open","ping_status":"open","sticky":false,"template":"","format":"standard","meta":{"_eb_attr":"","_gspb_post_css":"","om_disable_all_campaigns":false,"_monsterinsights_skip_tracking":false,"_monsterinsights_sitenote_active":false,"_monsterinsights_sitenote_note":"","_monsterinsights_sitenote_category":0,"footnotes":""},"categories":[14,17],"tags":[22],"class_list":["post-2405","post","type-post","status-publish","format-standard","has-post-thumbnail","hentry","category-actualidad","category-politicauniversitaria","tag-destacado"],"blocksy_meta":[],"aioseo_notices":[],"_links":{"self":[{"href":"https:\/\/elpuclitico.cl\/index.php\/wp-json\/wp\/v2\/posts\/2405","targetHints":{"allow":["GET"]}}],"collection":[{"href":"https:\/\/elpuclitico.cl\/index.php\/wp-json\/wp\/v2\/posts"}],"about":[{"href":"https:\/\/elpuclitico.cl\/index.php\/wp-json\/wp\/v2\/types\/post"}],"author":[{"embeddable":true,"href":"https:\/\/elpuclitico.cl\/index.php\/wp-json\/wp\/v2\/users\/1"}],"replies":[{"embeddable":true,"href":"https:\/\/elpuclitico.cl\/index.php\/wp-json\/wp\/v2\/comments?post=2405"}],"version-history":[{"count":5,"href":"https:\/\/elpuclitico.cl\/index.php\/wp-json\/wp\/v2\/posts\/2405\/revisions"}],"predecessor-version":[{"id":2412,"href":"https:\/\/elpuclitico.cl\/index.php\/wp-json\/wp\/v2\/posts\/2405\/revisions\/2412"}],"wp:featuredmedia":[{"embeddable":true,"href":"https:\/\/elpuclitico.cl\/index.php\/wp-json\/wp\/v2\/media\/2406"}],"wp:attachment":[{"href":"https:\/\/elpuclitico.cl\/index.php\/wp-json\/wp\/v2\/media?parent=2405"}],"wp:term":[{"taxonomy":"category","embeddable":true,"href":"https:\/\/elpuclitico.cl\/index.php\/wp-json\/wp\/v2\/categories?post=2405"},{"taxonomy":"post_tag","embeddable":true,"href":"https:\/\/elpuclitico.cl\/index.php\/wp-json\/wp\/v2\/tags?post=2405"}],"curies":[{"name":"wp","href":"https:\/\/api.w.org\/{rel}","templated":true}]}}