{"id":2534,"date":"2024-03-27T00:57:35","date_gmt":"2024-03-27T00:57:35","guid":{"rendered":"http:\/\/elpuclitico.cl\/?p=2534"},"modified":"2024-03-27T00:57:35","modified_gmt":"2024-03-27T00:57:35","slug":"defensa-de-la-democracia","status":"publish","type":"post","link":"https:\/\/elpuclitico.cl\/index.php\/2024\/03\/27\/defensa-de-la-democracia\/","title":{"rendered":"<strong>Defensa de la democracia<\/strong>"},"content":{"rendered":"\n<p>Resulta lamentable y al mismo tiempo preocupante que dentro de la UC existan puntos de vista que tiendan a demostrar poco compromiso con el cuidado de nuestra democracia.<\/p>\n\n\n\n<p>En primer lugar, basta con leer el t\u00edtulo de la columna publicada en El Pucl\u00edtico, llamada \u201cDemocracia es lo que yo digo que es\u201d, para evidenciar un nulo compromiso con la democracia misma, al relativizar en algo en que deber\u00edan existir m\u00ednimos comunes transversales y no lo que simplemente cada uno entiende por ella.<\/p>\n\n\n\n<p>Como segundo punto, resulta inaceptable recurrir a la argumentaci\u00f3n utilitarista de la comparaci\u00f3n entre la cantidad de muertes causadas por distintos Gobiernos (autoritarios, totalitarios o de cualquier otro tipo), para supuestamente determinar el \u201cmenos malo\u201d, puesto que toda muerte de un ser humano resulta igual de lamentable, y creer lo contrario es ir directamente en contra de la dignidad de la persona humana.&nbsp;<\/p>\n\n\n\n<p>En tercer lugar, lo que carece enormemente de pudor es no condenar cualquier tipo de r\u00e9gimen totalitario, sin importar el color pol\u00edtico que tenga. Es por este motivo que no es mi intenci\u00f3n jugar al empate, puesto que la persona o grupo que recurra a ese argumento, lo \u00fanico que hace es demostrar una gran pobreza intelectual y moral. Y si suponemos por un momento (de forma err\u00f3nea evidentemente) que este argumento es v\u00e1lido, tal como lo cree el Partido Comunista y la izquierda m\u00e1s radical en general, es obvio que estos sectores perder\u00edan por paliza en cuanto a los millones de inocentes fallecidos en todo el mundo.<\/p>\n\n\n\n<p>Como cuarto punto a mencionar, la democracia no es solamente un medio leg\u00edtimo para llegar al poder (legitimidad de origen), sino que tambi\u00e9n exige un respeto irrestricto a sus valores a la hora de ejercer el poder obtenido, considerando las reglas legales en vigencia (legitimidad de ejercicio).&nbsp;<\/p>\n\n\n\n<p>A modo de conclusi\u00f3n, se hace imprescindible una condena transversal a cualquier tipo de Gobierno que pueda poner en peligro los valores democr\u00e1ticos esenciales, que son la base para construir una sociedad mejor, y de este modo evitar caer en la tragedia acontecida entre los a\u00f1os 1970 a 1990.<\/p>\n\n\n\n<p>Felipe Valenzuela- estudiante de Derecho<\/p>\n","protected":false},"excerpt":{"rendered":"<p>Resulta lamentable y al mismo tiempo preocupante que dentro de la UC existan puntos de vista que tiendan a demostrar poco compromiso con el cuidado de nuestra democracia. En primer lugar, basta con leer el t\u00edtulo de la columna publicada en El Pucl\u00edtico, llamada \u201cDemocracia es lo que yo digo que es\u201d, para evidenciar un [&hellip;]<\/p>\n","protected":false},"author":1,"featured_media":0,"comment_status":"open","ping_status":"open","sticky":false,"template":"","format":"standard","meta":{"_eb_attr":"","_gspb_post_css":"","om_disable_all_campaigns":false,"_monsterinsights_skip_tracking":false,"_monsterinsights_sitenote_active":false,"_monsterinsights_sitenote_note":"","_monsterinsights_sitenote_category":0,"footnotes":""},"categories":[21],"tags":[],"class_list":["post-2534","post","type-post","status-publish","format-standard","hentry","category-opinion"],"blocksy_meta":[],"aioseo_notices":[],"_links":{"self":[{"href":"https:\/\/elpuclitico.cl\/index.php\/wp-json\/wp\/v2\/posts\/2534","targetHints":{"allow":["GET"]}}],"collection":[{"href":"https:\/\/elpuclitico.cl\/index.php\/wp-json\/wp\/v2\/posts"}],"about":[{"href":"https:\/\/elpuclitico.cl\/index.php\/wp-json\/wp\/v2\/types\/post"}],"author":[{"embeddable":true,"href":"https:\/\/elpuclitico.cl\/index.php\/wp-json\/wp\/v2\/users\/1"}],"replies":[{"embeddable":true,"href":"https:\/\/elpuclitico.cl\/index.php\/wp-json\/wp\/v2\/comments?post=2534"}],"version-history":[{"count":1,"href":"https:\/\/elpuclitico.cl\/index.php\/wp-json\/wp\/v2\/posts\/2534\/revisions"}],"predecessor-version":[{"id":2535,"href":"https:\/\/elpuclitico.cl\/index.php\/wp-json\/wp\/v2\/posts\/2534\/revisions\/2535"}],"wp:attachment":[{"href":"https:\/\/elpuclitico.cl\/index.php\/wp-json\/wp\/v2\/media?parent=2534"}],"wp:term":[{"taxonomy":"category","embeddable":true,"href":"https:\/\/elpuclitico.cl\/index.php\/wp-json\/wp\/v2\/categories?post=2534"},{"taxonomy":"post_tag","embeddable":true,"href":"https:\/\/elpuclitico.cl\/index.php\/wp-json\/wp\/v2\/tags?post=2534"}],"curies":[{"name":"wp","href":"https:\/\/api.w.org\/{rel}","templated":true}]}}