{"id":2602,"date":"2024-04-21T22:21:40","date_gmt":"2024-04-21T22:21:40","guid":{"rendered":"http:\/\/elpuclitico.cl\/?p=2602"},"modified":"2024-04-22T01:12:33","modified_gmt":"2024-04-22T01:12:33","slug":"el-pase-de-gol-que-necesita-la-seleccion-de-futbol","status":"publish","type":"post","link":"https:\/\/elpuclitico.cl\/index.php\/2024\/04\/21\/el-pase-de-gol-que-necesita-la-seleccion-de-futbol\/","title":{"rendered":"El pase de gol que necesita la selecci\u00f3n de f\u00fatbol"},"content":{"rendered":"\n<p><em>La Selecci\u00f3n de futbol de la UC est\u00e1 en busca de apoyo econ\u00f3mico para viajar a torneo sudamericano en Uruguay. A casi un mes de la competici\u00f3n, el equipo no ha logrado recaudar el monto necesario para viajar, mientras que la Universidad solo cubre un tercio de los gastos.<\/em>&nbsp;<\/p>\n\n\n\n<p>El pasado martes 9 de abril, la cuenta oficial de Instagram del equipo (@futbolpuc) public\u00f3 un video \u2013con el lema <em>\u00a1Ay\u00fadanos a cumplir el sue\u00f1o! \u2013<\/em> en el que distintos jugadores piden apoyo para financiar su viaje a Uruguay, sea este aporte econ\u00f3mico o publicitario (rifas, videos en redes sociales, ventas de comida, auspiciadores, entre otros).&nbsp;<\/p>\n\n\n\n<p>Tras ganar el Campeonato Nacional Universitario \u2013de la Federaci\u00f3n Nacional Universitaria de Deportes (Fenaude)\u2013 en noviembre del a\u00f1o pasado, la selecci\u00f3n de f\u00fatbol masculina PUC clasific\u00f3 al Torneo Sudamericano de Punta del Este (Uruguay), organizado por la Federaci\u00f3n Internacional del Deporte Universitario (FISU). Adem\u00e1s de reunir a los mejores equipos del continente, el mencionado campeonato otorgar\u00e1 dos cupos a la Copa Mundial Universitaria en China 2025.&nbsp;<\/p>\n\n\n\n<p>Los muchachos del equipo alzaron el trofeo del campeonato nacional luego de 22 a\u00f1os, logrando una haza\u00f1a en el deporte universitario.<\/p>\n\n\n\n<p>La competici\u00f3n se realizar\u00e1 desde el 22 de mayo hasta el 2 de junio, y ahora, la delegaci\u00f3n universitaria de 22 personas, compuesta por 20 jugadores y dos entrenadores, busca estrategias para reunir fondos, ya que, la casa de estudios los apoya con un monto estimado de 8 millones de pesos, lo que ser\u00eda solo un tercio del monto total que necesita el equipo entero, seg\u00fan declaran de la selecci\u00f3n.&nbsp;&nbsp;<\/p>\n\n\n\n<p>Es por esto por lo que los jugadores deber\u00e1n poner $1.200.000 cada uno para poder llegar a la cifra necesaria para poder competir en Uruguay.&nbsp;<\/p>\n\n\n\n<p>El equipo estaba al tanto de que no les iban a dar el presupuesto completo, pero aun as\u00ed hab\u00eda altas expectativas al considerar no solo el alto rendimiento deportivo \u2013en su calidad de vigentes campeones locales\u2013, sino tambi\u00e9n por la representaci\u00f3n a nivel internacional en el campeonato sudamericano.&nbsp;<\/p>\n\n\n\n<p>La Pontificia Universidad Cat\u00f3lica \u2013en comunicaci\u00f3n con Radio ADN\u2013 declar\u00f3 sobre el aporte realizado a la delegaci\u00f3n: \u201cLa UC valora la participaci\u00f3n de nuestras selecciones en competencias internacionales y el aporte de nuestros estudiantes en este tipo de eventos. El aporte que realizar\u00e1 la UC ya est\u00e1 informado a los seleccionados, por lo que ahora est\u00e1n haciendo una campa\u00f1a para poder financiar la diferencia de una delegaci\u00f3n numerosa que ser\u00e1 de 22 a 24 personas\u201d. \u00a0<\/p>\n\n\n\n<p>Por \u00faltimo, la casa de estudios declar\u00f3 que \u201cno habr\u00e1 ning\u00fan problema con su participaci\u00f3n\u201d. La Direcci\u00f3n de Deportes [a quien se intent\u00f3 contactar para El PUCl\u00edtico sin respuesta] est\u00e1 constantemente en comunicaci\u00f3n con las diferentes selecciones deportivas de la UC, para poder facilitar tanto el proceso de competencia nacional como su participaci\u00f3n internacional\u201d.&nbsp;<\/p>\n\n\n\n<p>Felipe Aguilera, capit\u00e1n del equipo, afirm\u00f3 que \u201cle gustar\u00eda tener m\u00e1s apoyo por parte de la universidad como instituci\u00f3n. Con el video, que fue reposteado por distintos centros de estudiantes, nos dimos cuenta del apoyo del estudiantado. Estamos agradecidos de que est\u00e9n apoyando nuestra cosa\u201d. Sobre la casa de estudios, recalc\u00f3 que espera ver una mejora con la situaci\u00f3n del financiamiento, de modo que \u201cse considere con m\u00e1s fuerza el deporte como tal. Todos los deportistas de todas las selecciones realizan un esfuerzo tremendo para competir y dejar en lo m\u00e1s alto a la universidad, compatibilizando el estudio con el entrenamiento\u201d, declara Aguilera a El PUCl\u00edtico.&nbsp;<\/p>\n\n\n\n<p>Sobre la participaci\u00f3n en el pr\u00f3ximo torneo, Carlos Hanssen, arquero de la selecci\u00f3n de f\u00fatbol PUC, coment\u00f3 que, como equipo, reci\u00e9n se enteraron el mes pasado sobre el cupo ganado para la participaci\u00f3n en Punta del Este: \u201cNosotros supimos en marzo, antes de comenzar a entrenar, sobre el derecho de jugar en el campeonato de Uruguay. A partir de ah\u00ed, hemos tenido una pretemporada intensa, con pruebas de fuerza, de correr, de cardio, a cada uno. (&#8230;) Desde que recibimos el anuncio, vivimos con m\u00e1s intensidad, el esfuerzo para dar m\u00e1s, porque estamos trabajando por una meta clara: clasificar al Mundial [de China 2025], sin dejar de lado los campeonatos locales\u201d, menciona el arquero.&nbsp;<\/p>\n\n\n\n<p>As\u00ed tambi\u00e9n, Pablo Pellicer, entrenador de la selecci\u00f3n, se refiri\u00f3 a los problemas que han surgido para costear el viaje: \u201cTenemos que buscar una estrategia como selecci\u00f3n para reunir fondos, ya que en estos momentos hicimos una pre-n\u00f3mina, y dentro de ella m\u00e1s de la mitad de los jugadores no tienen el dinero para costearlo todo. A\u00fan nos queda un mes, pero tenemos la fe y la convicci\u00f3n de que, por nuestra unidad como selecci\u00f3n, nos llegar\u00e1 alguna ayuda\u201d. Adem\u00e1s, el director t\u00e9cnico esperaba que la universidad pudiera ayudarles, \u201cquiz\u00e1s no monetariamente, pero s\u00ed en la difusi\u00f3n o en otras cosas. Aunque tambi\u00e9n se entiende que ac\u00e1 somos m\u00e1s de 20 selecciones y, obviamente, en este caso tiene que ser equitativo en muchos aspectos (&#8230;)\u201d, declara Pellicer.&nbsp;&nbsp;<\/p>\n\n\n\n<p>Respecto a alg\u00fan pronunciamiento de la Federaci\u00f3n de Estudiantes de la Universidad Cat\u00f3lica (FEUC), el entrenador mencion\u00f3 que no se han contactado con el equipo: \u201cYo s\u00e9 que c\u00f3mo est\u00e1 constituida, pesa mucho en la universidad, pero no se ha acercado ning\u00fan representante, ni tampoco nos han preguntado qu\u00e9 nos falta. En cierto sentido, seguimos corriendo solos como selecci\u00f3n\u201d, agreg\u00f3.&nbsp;<\/p>\n","protected":false},"excerpt":{"rendered":"<p>La Selecci\u00f3n de futbol de la UC est\u00e1 en busca de apoyo econ\u00f3mico para viajar a torneo sudamericano en Uruguay. A casi un mes de la competici\u00f3n, el equipo no ha logrado recaudar el monto necesario para viajar, mientras que la Universidad solo cubre un tercio de los gastos.&nbsp; El pasado martes 9 de abril, [&hellip;]<\/p>\n","protected":false},"author":1,"featured_media":2603,"comment_status":"open","ping_status":"open","sticky":false,"template":"","format":"standard","meta":{"_eb_attr":"","_gspb_post_css":"","om_disable_all_campaigns":false,"_monsterinsights_skip_tracking":false,"_monsterinsights_sitenote_active":false,"_monsterinsights_sitenote_note":"","_monsterinsights_sitenote_category":0,"footnotes":""},"categories":[14,20],"tags":[22],"class_list":["post-2602","post","type-post","status-publish","format-standard","has-post-thumbnail","hentry","category-actualidad","category-reportajes","tag-destacado"],"blocksy_meta":[],"aioseo_notices":[],"_links":{"self":[{"href":"https:\/\/elpuclitico.cl\/index.php\/wp-json\/wp\/v2\/posts\/2602","targetHints":{"allow":["GET"]}}],"collection":[{"href":"https:\/\/elpuclitico.cl\/index.php\/wp-json\/wp\/v2\/posts"}],"about":[{"href":"https:\/\/elpuclitico.cl\/index.php\/wp-json\/wp\/v2\/types\/post"}],"author":[{"embeddable":true,"href":"https:\/\/elpuclitico.cl\/index.php\/wp-json\/wp\/v2\/users\/1"}],"replies":[{"embeddable":true,"href":"https:\/\/elpuclitico.cl\/index.php\/wp-json\/wp\/v2\/comments?post=2602"}],"version-history":[{"count":3,"href":"https:\/\/elpuclitico.cl\/index.php\/wp-json\/wp\/v2\/posts\/2602\/revisions"}],"predecessor-version":[{"id":2606,"href":"https:\/\/elpuclitico.cl\/index.php\/wp-json\/wp\/v2\/posts\/2602\/revisions\/2606"}],"wp:featuredmedia":[{"embeddable":true,"href":"https:\/\/elpuclitico.cl\/index.php\/wp-json\/wp\/v2\/media\/2603"}],"wp:attachment":[{"href":"https:\/\/elpuclitico.cl\/index.php\/wp-json\/wp\/v2\/media?parent=2602"}],"wp:term":[{"taxonomy":"category","embeddable":true,"href":"https:\/\/elpuclitico.cl\/index.php\/wp-json\/wp\/v2\/categories?post=2602"},{"taxonomy":"post_tag","embeddable":true,"href":"https:\/\/elpuclitico.cl\/index.php\/wp-json\/wp\/v2\/tags?post=2602"}],"curies":[{"name":"wp","href":"https:\/\/api.w.org\/{rel}","templated":true}]}}