{"id":2614,"date":"2024-05-07T17:18:51","date_gmt":"2024-05-07T17:18:51","guid":{"rendered":"http:\/\/elpuclitico.cl\/?p=2614"},"modified":"2026-02-25T04:13:19","modified_gmt":"2026-02-25T04:13:19","slug":"feuc-exige-que-la-uc-rompa-relaciones-con-universidades-israelies","status":"publish","type":"post","link":"https:\/\/elpuclitico.cl\/index.php\/2024\/05\/07\/feuc-exige-que-la-uc-rompa-relaciones-con-universidades-israelies\/","title":{"rendered":"FEUC exige que la UC rompa relaciones con universidades israel\u00edes"},"content":{"rendered":"\n<p><em>A trav\u00e9s de un comunicado oficial confirmaron su apoyo a las protestas universitarias a favor de la causa palestina y apuntan en contra de la Universidad Hebrea de Jerusal\u00e9n. Catalina Jofr\u00e9 declar\u00f3 la motivaci\u00f3n de la que la Universidad Cat\u00f3lica debe \u00abestar en el lado correcto de la historia\u00bb, adem\u00e1s de comprometerse a la protecci\u00f3n de la libertad de religiones y culturas que conviven en los campus.<\/em><\/p>\n\n\n\n<p>En el marco de las actuales protestas universitarias en Estados Unidos \u2014vinculadas con el conflicto de Ham\u00e1s e Israel iniciado el 7 de octubre de 2023\u2013 la Federaci\u00f3n de Estudiantes de la Universidad Cat\u00f3lica (FEUC) public\u00f3 un comunicado de apoyo a la comunidad palestina.<\/p>\n\n\n\n<p>En el documento referido, se exige que la Universidad rompa relaciones \u201ccon todas las universidades israel\u00edes implicadas en la ocupaci\u00f3n de Palestina\u201d. En espec\u00edfico, se menciona la finalizaci\u00f3n de convenios con la Universidad Hebrea de Jerusal\u00e9n, la cual \u201cse ha involucrado en la expulsi\u00f3n y persecuci\u00f3n de acad\u00e9micos palestinos con ciudadan\u00eda israel\u00ed\u201d, acorde al comunicado.<\/p>\n\n\n\n<p>Cabe recordar que a fines de agosto del a\u00f1o pasado, el rector Ignacio S\u00e1nchez estuvo en Jersual\u00e9n visitando el Instituto Tecnol\u00f3gico de Israel y la Universidad Hebrea de Jerusal\u00e9n (aludida en el mensaje de la FEUC).<\/p>\n\n\n\n<p>Seg\u00fan detalla una nota de la Universidad, \u201cla UC mantiene un v\u00ednculo formal con la Universidad Hebrea de Jerusal\u00e9n desde el a\u00f1o 2009 a trav\u00e9s de un convenio bilateral general en pregrado y mag\u00edster, un convenio de cooperaci\u00f3n en Ciencias Biol\u00f3gicas y un convenio de cooperaci\u00f3n general. A la fecha se han logrado m\u00e1s de setenta publicaciones conjuntas con la Universidad Hebrea\u201d.<\/p>\n\n\n\n<p>La Federaci\u00f3n de Estudiantes de la Universidad Cat\u00f3lica (FEUC) se pronunci\u00f3 directamente a El PUCl\u00edtico respecto al comunicado \u2014emitido a las 20:00 horas de ayer\u2014 en el que se exige el rompimiento de relaciones de la Universidad con \u201clas universidades israel\u00edes implicadas en la ocupaci\u00f3n de Palestina\u201d.<\/p>\n\n\n\n<p>Sobre la raz\u00f3n de manifestarse tras 209 d\u00edas de conflicto, la FEUC public\u00f3 el documento \u201ca prop\u00f3sito del acercamiento y llamado de la comunidad palestina en la UC, representada en la Organizaci\u00f3n Solidaria con Palestina (OSP), en el marco de las protestas que se est\u00e1n realizando a nivel global en distintas universidades\u201d.<\/p>\n\n\n\n<p>Asimismo, el organismo estudiantil afirm\u00f3 que el comunicado \u201cbusca representar y apoyar a la comunidad palestina de la universidad, que nos pidi\u00f3 apoyo\u201d. De la misma forma, esperan que este llamado \u201cconvoque a todos los estudiantes de la UC que se sientan comprometidos con los derechos humanos, ya que tenemos la convicci\u00f3n de que la condena transversal a la opresi\u00f3n del pueblo palestino, la violaci\u00f3n de principios b\u00e1sicos de la democracia, y actos de guerra y violencia contra un pueblo son transversales a la comunidad UC\u201d.<\/p>\n\n\n\n<p>Una expresi\u00f3n utilizada en el comunicado \u2014y comentada posteriormente\u2014 fue estar en el lado correcto de la historia. Consultada la FEUC sobre el concepto, declar\u00f3 que \u201cla UC, como universidad comprometida con la dignidad de la persona humana, la democracia y la paz, debe tener un compromiso irrestricto con los derechos humanos y las libertades de las personas. No siempre ha sido el caso, especialmente tomando en cuenta cuando se cometieron cr\u00edmenes de lesa humanidad en Chile, y se siguen manteniendo s\u00edmbolos como el honoris causa al almirante [Jorge] Swett, [rector designado por la Junta Militar entre 1973 y 1984]\u201d.<\/p>\n\n\n\n<p>Adem\u00e1s, la federaci\u00f3n presidida por Catalina Jofr\u00e9 (NAU) enfatiz\u00f3 en un an\u00e1lisis hist\u00f3rico al respecto, se\u00f1alando que \u201csiempre se ha tenido que presionar a la institucionalidad de la UC desde el estudiantado para que est\u00e9 del lado del progreso, como en la eliminaci\u00f3n del subcontrato, la implementaci\u00f3n efectiva de la ley de violencia y discriminaci\u00f3n de g\u00e9nero en las universidades, y sumarse a la gratuidad. Este comunicado insta a la UC, desde el estudiantado, a tomar acci\u00f3n y postura\u201d.<\/p>\n\n\n\n<p>Por \u00faltimo, ante la emisi\u00f3n de un hipot\u00e9tico mensaje a los estudiantes jud\u00edos y\/o sionistas que no compartan su posici\u00f3n como Federaci\u00f3n, agregaron que \u201cestamos para toda la comunidad UC, siempre por el lado de la paz y por la protecci\u00f3n de todos, independiente de su g\u00e9nero, religi\u00f3n, cultura, etc. En este sentido, creemos que estar del lado de la paz implica condenar fervientemente la violencia. Tenemos siempre la mirada en el respeto, incluyendo a los estudiantes jud\u00edos y su religi\u00f3n\u201d.<\/p>\n\n\n\n<p>Hasta el momento, la Universidad no se ha pronunciado al respecto.<\/p>\n","protected":false},"excerpt":{"rendered":"<p>A trav\u00e9s de un comunicado oficial confirmaron su apoyo a las protestas universitarias a favor de la causa palestina y apuntan en contra de la Universidad Hebrea de Jerusal\u00e9n. Catalina Jofr\u00e9 declar\u00f3 la motivaci\u00f3n de la que la Universidad Cat\u00f3lica debe \u00abestar en el lado correcto de la historia\u00bb, adem\u00e1s de comprometerse a la protecci\u00f3n [&hellip;]<\/p>\n","protected":false},"author":1,"featured_media":2615,"comment_status":"open","ping_status":"open","sticky":false,"template":"","format":"standard","meta":{"_eb_attr":"","_gspb_post_css":"","om_disable_all_campaigns":false,"_monsterinsights_skip_tracking":false,"_monsterinsights_sitenote_active":false,"_monsterinsights_sitenote_note":"","_monsterinsights_sitenote_category":0,"footnotes":""},"categories":[14,17],"tags":[22],"class_list":["post-2614","post","type-post","status-publish","format-standard","has-post-thumbnail","hentry","category-actualidad","category-politicauniversitaria","tag-destacado"],"blocksy_meta":[],"aioseo_notices":[],"_links":{"self":[{"href":"https:\/\/elpuclitico.cl\/index.php\/wp-json\/wp\/v2\/posts\/2614","targetHints":{"allow":["GET"]}}],"collection":[{"href":"https:\/\/elpuclitico.cl\/index.php\/wp-json\/wp\/v2\/posts"}],"about":[{"href":"https:\/\/elpuclitico.cl\/index.php\/wp-json\/wp\/v2\/types\/post"}],"author":[{"embeddable":true,"href":"https:\/\/elpuclitico.cl\/index.php\/wp-json\/wp\/v2\/users\/1"}],"replies":[{"embeddable":true,"href":"https:\/\/elpuclitico.cl\/index.php\/wp-json\/wp\/v2\/comments?post=2614"}],"version-history":[{"count":1,"href":"https:\/\/elpuclitico.cl\/index.php\/wp-json\/wp\/v2\/posts\/2614\/revisions"}],"predecessor-version":[{"id":2616,"href":"https:\/\/elpuclitico.cl\/index.php\/wp-json\/wp\/v2\/posts\/2614\/revisions\/2616"}],"wp:featuredmedia":[{"embeddable":true,"href":"https:\/\/elpuclitico.cl\/index.php\/wp-json\/wp\/v2\/media\/2615"}],"wp:attachment":[{"href":"https:\/\/elpuclitico.cl\/index.php\/wp-json\/wp\/v2\/media?parent=2614"}],"wp:term":[{"taxonomy":"category","embeddable":true,"href":"https:\/\/elpuclitico.cl\/index.php\/wp-json\/wp\/v2\/categories?post=2614"},{"taxonomy":"post_tag","embeddable":true,"href":"https:\/\/elpuclitico.cl\/index.php\/wp-json\/wp\/v2\/tags?post=2614"}],"curies":[{"name":"wp","href":"https:\/\/api.w.org\/{rel}","templated":true}]}}