{"id":2630,"date":"2024-05-14T15:38:51","date_gmt":"2024-05-14T15:38:51","guid":{"rendered":"http:\/\/elpuclitico.cl\/?p=2630"},"modified":"2026-02-25T04:12:06","modified_gmt":"2026-02-25T04:12:06","slug":"feuc-y-osp-protestan-en-contra-de-vinculos-uc-universidades-israelies","status":"publish","type":"post","link":"https:\/\/elpuclitico.cl\/index.php\/2024\/05\/14\/feuc-y-osp-protestan-en-contra-de-vinculos-uc-universidades-israelies\/","title":{"rendered":"FEUC y OSP protestan en contra de v\u00ednculos UC-Universidades israel\u00edes"},"content":{"rendered":"\n<p><em>Grupo de estudiantes se manifestaron con banderas y lienzos en el frontis de Casa Central y San Joaqu\u00edn exigiendo al Rector Ignacio S\u00e1nchez el quiebre de relaciones y convenios con 3 casas de estudio de Israel.<\/em><\/p>\n\n\n\n<p>La ma\u00f1ana del viernes 10 de mayo, estudiantes se reunieron frente a Casa Central con banderas y una pancarta, solicitando al rector Ignacio S\u00e1nchez que rompa relaciones con universidades israel\u00edes.<\/p>\n\n\n\n<p>La instancia fue convocada por la Organizaci\u00f3n solidaria con Palestina (OSP) que cont\u00f3 tambi\u00e9n con el apoyo de la FEUC: \u201cCreemos que la universidad no puede, por sus valores, seguir teniendo estos convenios\u201d declar\u00f3 Catalina Jofr\u00e9, presidenta de la Federaci\u00f3n de Estudiantes.<\/p>\n\n\n\n<p>En el transcurso de la actividad, Alejandra Dukes, activista pro-Israel y estudiante egresada de Derecho, lleg\u00f3 vistiendo insignias y la bandera israel\u00ed, generando reacciones en los presentes: \u201cEn Palestina no hay violaci\u00f3n a los derechos humanos por parte del Estado de Israel\u201d, coment\u00f3 Dukes.<\/p>\n\n\n\n<p>Por otro lado, Valentina Sabag, integrante de la OSP y organizadora de la convocatoria, lament\u00f3 la respuesta primeriza del rector y reafirm\u00f3 que desde la organizaci\u00f3n seguir\u00e1n presionando a las autoridades de la universidad para adoptar nuevas medidas frente a las universidades que practican la ocupaci\u00f3n en el territorio.<\/p>\n\n\n\n<p>Ante la interrupci\u00f3n de la activista, Sabag agreg\u00f3 lo siguiente: \u201cPasa que vienen sionistas a sacar fotos, y bueno est\u00e1n en todo su derecho, nosotros no estamos haciendo nada malo, porque estamos orgullosos de lo que estamos haciendo\u201d.<\/p>\n\n\n\n<p>Se les consult\u00f3 a Duke y Sabag cu\u00e1l es la v\u00eda que permitir\u00eda a ambas partes finalizar con el conflicto armado: \u201cPara que haya paz tendr\u00edan que retomar negociaciones, pero el tema es que negociar con una organizaci\u00f3n terrorista es complicado en t\u00e9rminos materiales, m\u00e1s all\u00e1 de los t\u00e9rminos ideol\u00f3gicos\u201d, coment\u00f3 la activista pro-Israel.<\/p>\n\n\n\n<p>Su contraparte considera que \u201cLa soluci\u00f3n para que exista paz es meramente el respeto al derecho internacional, es as\u00ed de simple, el problema es que Israel no lo respeta, no respeta ninguna de las resoluciones que existen. El d\u00eda que Israel respete el derecho internacional ser\u00e1 el d\u00eda en que en verdad podamos ambos vivir en paz\u201d concluy\u00f3.<\/p>\n\n\n\n<p><\/p>\n","protected":false},"excerpt":{"rendered":"<p>Grupo de estudiantes se manifestaron con banderas y lienzos en el frontis de Casa Central y San Joaqu\u00edn exigiendo al Rector Ignacio S\u00e1nchez el quiebre de relaciones y convenios con 3 casas de estudio de Israel. La ma\u00f1ana del viernes 10 de mayo, estudiantes se reunieron frente a Casa Central con banderas y una pancarta, [&hellip;]<\/p>\n","protected":false},"author":1,"featured_media":2631,"comment_status":"open","ping_status":"open","sticky":false,"template":"","format":"standard","meta":{"_eb_attr":"","_gspb_post_css":"","om_disable_all_campaigns":false,"_monsterinsights_skip_tracking":false,"_monsterinsights_sitenote_active":false,"_monsterinsights_sitenote_note":"","_monsterinsights_sitenote_category":0,"footnotes":""},"categories":[14,17],"tags":[22],"class_list":["post-2630","post","type-post","status-publish","format-standard","has-post-thumbnail","hentry","category-actualidad","category-politicauniversitaria","tag-destacado"],"blocksy_meta":[],"aioseo_notices":[],"_links":{"self":[{"href":"https:\/\/elpuclitico.cl\/index.php\/wp-json\/wp\/v2\/posts\/2630","targetHints":{"allow":["GET"]}}],"collection":[{"href":"https:\/\/elpuclitico.cl\/index.php\/wp-json\/wp\/v2\/posts"}],"about":[{"href":"https:\/\/elpuclitico.cl\/index.php\/wp-json\/wp\/v2\/types\/post"}],"author":[{"embeddable":true,"href":"https:\/\/elpuclitico.cl\/index.php\/wp-json\/wp\/v2\/users\/1"}],"replies":[{"embeddable":true,"href":"https:\/\/elpuclitico.cl\/index.php\/wp-json\/wp\/v2\/comments?post=2630"}],"version-history":[{"count":1,"href":"https:\/\/elpuclitico.cl\/index.php\/wp-json\/wp\/v2\/posts\/2630\/revisions"}],"predecessor-version":[{"id":2632,"href":"https:\/\/elpuclitico.cl\/index.php\/wp-json\/wp\/v2\/posts\/2630\/revisions\/2632"}],"wp:featuredmedia":[{"embeddable":true,"href":"https:\/\/elpuclitico.cl\/index.php\/wp-json\/wp\/v2\/media\/2631"}],"wp:attachment":[{"href":"https:\/\/elpuclitico.cl\/index.php\/wp-json\/wp\/v2\/media?parent=2630"}],"wp:term":[{"taxonomy":"category","embeddable":true,"href":"https:\/\/elpuclitico.cl\/index.php\/wp-json\/wp\/v2\/categories?post=2630"},{"taxonomy":"post_tag","embeddable":true,"href":"https:\/\/elpuclitico.cl\/index.php\/wp-json\/wp\/v2\/tags?post=2630"}],"curies":[{"name":"wp","href":"https:\/\/api.w.org\/{rel}","templated":true}]}}