{"id":2641,"date":"2024-06-03T17:15:00","date_gmt":"2024-06-03T17:15:00","guid":{"rendered":"http:\/\/elpuclitico.cl\/?p=2641"},"modified":"2025-12-22T00:01:45","modified_gmt":"2025-12-22T00:01:45","slug":"fejj-acusa-silencio-de-comunidad-estudiantil-ante-secuestrados-por-hamas","status":"publish","type":"post","link":"https:\/\/elpuclitico.cl\/index.php\/2024\/06\/03\/fejj-acusa-silencio-de-comunidad-estudiantil-ante-secuestrados-por-hamas\/","title":{"rendered":"FEJJ acusa silencio de comunidad estudiantil ante secuestrados por Hamas"},"content":{"rendered":"\n<p><em>Realizaron intervenci\u00f3n en frontis de Casa Central <\/em><\/p>\n\n\n\n<p>Este lunes 27 de mayo, la Federaci\u00f3n de estudiantes y j\u00f3venes jud\u00edos (FEJJ) llev\u00f3 a cabo una protesta en el marco de los 233 d\u00edas que cumplen las personas secuestradas por Hamas. Acus\u00f3 silencio de parte la comunidad estudiantil ante la tragedia del 7 de octubre del 2023. Y solicit\u00f3, adem\u00e1s, la desmantelaci\u00f3n de Hamas; \u201cel gobierno terrorista de Gaza, para que la guerra y las muertes terminen inmediatamente\u201d.<\/p>\n\n\n\n<p>A trav\u00e9s de una intervenci\u00f3n que incluy\u00f3 pancartas, folletos y peluches, estudiantes de la FEJJ se manifestaron en contra de Hamas, exigiendo que sea desbaratado para que cese la guerra y las muertes en Medio Oriente.<\/p>\n\n\n\n<p>En suma, la manifestaci\u00f3n se desarrollo en total tranquilidad logrando captar la atenci\u00f3n de los transe\u00fantes que en ese momento transitaban por las afueras de la universidad.<\/p>\n\n\n\n<p>\u201cMujeres violadas, pantalones con sangre, ni\u00f1os asesinados, y todo esto documentado con una alegr\u00eda inhumana por los mismos terroristas. Queremos que la guerra acabe. Pedimos que devuelvan a los secuestrados inmediatamente\u201d as\u00ed reza uno de los folletos entregados durante la intervenci\u00f3n ocurrida este mediod\u00eda por estudiantes miembros de la FEJJ, los cuales, a trav\u00e9s de peluches, lienzos y el uso de micr\u00f3fonos resaltaron los 233 d\u00edas que llevan secuestradas las victimas de Hamas, acusando que \u201cEl estudiantado ha elegido el silencio\u201d ante esta situaci\u00f3n ocurrida ya, el 7 de octubre del 2023.<\/p>\n\n\n\n<p>\ud83d\udce3\u201cComo federaci\u00f3n de Estudiantes y J\u00f3venes Jud\u00edos, estamos aqu\u00ed hoy, en la Universidad Cat\u00f3lica de Chile para pedir por la devoluci\u00f3n de los secuestrados. Llevan 233 d\u00edas, 233 d\u00edas en manos de Hamas, y el mundo est\u00e1 callado. El estudiantado ha elegido el silencio, nosotros sabemos que esta guerra debe terminar, creemos firmemente que Palestina debe ser libre de Hamas\u201d, afirma la presidenta de la FEJJ, Micaela Tramer.<\/p>\n","protected":false},"excerpt":{"rendered":"<p>Realizaron intervenci\u00f3n en frontis de Casa Central Este lunes 27 de mayo, la Federaci\u00f3n de estudiantes y j\u00f3venes jud\u00edos (FEJJ) llev\u00f3 a cabo una protesta en el marco de los 233 d\u00edas que cumplen las personas secuestradas por Hamas. Acus\u00f3 silencio de parte la comunidad estudiantil ante la tragedia del 7 de octubre del 2023. [&hellip;]<\/p>\n","protected":false},"author":1,"featured_media":2642,"comment_status":"open","ping_status":"open","sticky":false,"template":"","format":"standard","meta":{"_eb_attr":"","_gspb_post_css":"","om_disable_all_campaigns":false,"_monsterinsights_skip_tracking":false,"_monsterinsights_sitenote_active":false,"_monsterinsights_sitenote_note":"","_monsterinsights_sitenote_category":0,"footnotes":""},"categories":[14],"tags":[22],"class_list":["post-2641","post","type-post","status-publish","format-standard","has-post-thumbnail","hentry","category-actualidad","tag-destacado"],"blocksy_meta":[],"aioseo_notices":[],"_links":{"self":[{"href":"https:\/\/elpuclitico.cl\/index.php\/wp-json\/wp\/v2\/posts\/2641","targetHints":{"allow":["GET"]}}],"collection":[{"href":"https:\/\/elpuclitico.cl\/index.php\/wp-json\/wp\/v2\/posts"}],"about":[{"href":"https:\/\/elpuclitico.cl\/index.php\/wp-json\/wp\/v2\/types\/post"}],"author":[{"embeddable":true,"href":"https:\/\/elpuclitico.cl\/index.php\/wp-json\/wp\/v2\/users\/1"}],"replies":[{"embeddable":true,"href":"https:\/\/elpuclitico.cl\/index.php\/wp-json\/wp\/v2\/comments?post=2641"}],"version-history":[{"count":2,"href":"https:\/\/elpuclitico.cl\/index.php\/wp-json\/wp\/v2\/posts\/2641\/revisions"}],"predecessor-version":[{"id":4756,"href":"https:\/\/elpuclitico.cl\/index.php\/wp-json\/wp\/v2\/posts\/2641\/revisions\/4756"}],"wp:featuredmedia":[{"embeddable":true,"href":"https:\/\/elpuclitico.cl\/index.php\/wp-json\/wp\/v2\/media\/2642"}],"wp:attachment":[{"href":"https:\/\/elpuclitico.cl\/index.php\/wp-json\/wp\/v2\/media?parent=2641"}],"wp:term":[{"taxonomy":"category","embeddable":true,"href":"https:\/\/elpuclitico.cl\/index.php\/wp-json\/wp\/v2\/categories?post=2641"},{"taxonomy":"post_tag","embeddable":true,"href":"https:\/\/elpuclitico.cl\/index.php\/wp-json\/wp\/v2\/tags?post=2641"}],"curies":[{"name":"wp","href":"https:\/\/api.w.org\/{rel}","templated":true}]}}