{"id":2650,"date":"2024-06-25T23:07:52","date_gmt":"2024-06-25T23:07:52","guid":{"rendered":"http:\/\/elpuclitico.cl\/?p=2650"},"modified":"2024-06-25T23:07:55","modified_gmt":"2024-06-25T23:07:55","slug":"lo-valledor-desde-dentro","status":"publish","type":"post","link":"https:\/\/elpuclitico.cl\/index.php\/2024\/06\/25\/lo-valledor-desde-dentro\/","title":{"rendered":"Lo Valledor desde dentro"},"content":{"rendered":"\n<p><em>Fundado modestamente en 1968, Lo Valledor supone el mercado mayorista m\u00e1s grande que existe en el pa\u00eds y el tercero m\u00e1s grande de Latinoam\u00e9rica. Ubicado en la comuna de Pedro Aguirre Cerda, su historia da cuenta de un conjunto de comerciantes que, siendo mal recibidos en el sector poniente de La vega, comenzaron a organizarse en un sitio eriazo hasta dar forma a un mercado municipal que con el tiempo fue cedido a cerca de mil comerciantes. El mercado de Lo Valledor, sin duda, da cuenta de un lado de la historia chilena ligado al trabajo de la tierra y la agricultura. No obstante, el presente del mercado advierte y refleja uno de los principales dilemas del pa\u00eds: la sonada crisis de seguridad.<\/em><\/p>\n\n\n\n<p>Es el lunes primero de abril del 2024, y el mercado de Lo Valledor recibe a sus visitantes de una forma inusitada. Medios comunicacionales, de distintas zonas del pa\u00eds, han acudido para cubrir c\u00f3mo el mercado mayorista \u00edcono de la historia nacional instaura medidas de control de identidad a sus visitantes. Las puertas del recinto conjugan un choque de autoridad e incertidumbre. Personal de seguridad debe explicar a m\u00e1s de alguna persona que sin sus documentos no puede ingresar al mercado. As\u00ed, una comerciante informal es escoltada fuera del recinto, pero entre c\u00e1maras, multitud, y ruido; tres estruendos separan la b\u00fasqueda de certidumbre de un resultado ca\u00f3tico: la mujer accedi\u00f3 al arma del guardia que la escoltaba, arremeti\u00f3 contra el personal de seguridad, e hizo evidente que, al menos de forma gradual, la violencia delictual ha penetrado en el distintivo mercado nacional.<\/p>\n\n\n\n<p>\u201cEl a\u00f1o pasado tuvimos varios percances, y nos pareci\u00f3 que hab\u00eda que ir empezando a adoptar medidas\u201d, expone Marcelo Araya, gerente comunicacional de Lo Valledor quien otrora fue fundador de <em>Informe Especial<\/em>, editor general de TVN, y quien est\u00e1 a cargo de las comunicaciones de Lo Valledor hace m\u00e1s de diez a\u00f1os. Entre las medidas mencionadas por Araya, est\u00e1n la solicitud de documentos que acrediten la identidad de quienes visiten Lo Valledor, pues pilares fundamentales para la seguridad del mercado, como las c\u00e1maras y los guardias motorizados, se estaban haciendo insuficientes. Esto como consecuencia a lo que Araya cataloga como \u201cuna delincuencia que nosotros no hab\u00edamos advertido, o que si bien estaba ocurriendo en el pa\u00eds, no nos ocurr\u00eda a nosotros\u00bb.<\/p>\n\n\n\n<p><strong>Una sucesi\u00f3n de hechos<\/strong><\/p>\n\n\n\n<p>Cuando el principal responsable comunicacional de Lo Valledor plantea que las nuevas medidas responden a una serie de percances, hace referencia a dos en particular: el ataque a un comerciante rancag\u00fcino, y el homicidio de los agricultores de Malloa.<\/p>\n\n\n\n<p>El primer incidente, supuso un intento de asalto en que un comerciante result\u00f3 baleado e internado en el Hospital Barros Luco. El susodicho, de 48 a\u00f1os, tra\u00eda 60 millones de pesos en efectivo, y buscaba abastecer su propio negocio en el mercado de Rancagua. Referente al suceso, Araya declara que se trata de un hecho en que result\u00f3 dif\u00edcil reaccionar, ya que \u201clos tipos usaban armas de otro nivel y fue todo muy fugaz\u00bb.<\/p>\n\n\n\n<p>El segundo incidente tiene relaci\u00f3n con dos agricultores de Malloa que, en plena ruta de la fruta, habr\u00edan sido v\u00edctimas de un intento de robo que acab\u00f3 en homicidio. Las v\u00edctimas se dedicaban al cultivo de tomates, y el mismo d\u00eda del suceso hab\u00edan estado haciendo negocios en Lo Valledor. Al respecto, trabajadores del recinto aseguran que la acci\u00f3n delictual fue producto de un supuesto \u201cdateo\u201d. Luis Quesada, funcionario de seguridad del mercado que lleva a\u00f1os trabajando en las puertas del recinto, asegura que la filtraci\u00f3n de datos entre trabajadores espor\u00e1dicos del recinto produjo el fat\u00eddico percance.<\/p>\n\n\n\n<p>&nbsp;El mismo Marcelo Araya, confirma la teor\u00eda de c\u00f3mo el problema de la difusi\u00f3n de datos al interior del mercado, en aquella instancia, signific\u00f3 el homicidio de los ya mencionados comerciantes: \u201cNosotros evitamos que nos pase algo dentro del recinto, pero dadas las circunstancias, era alguien que sali\u00f3 de ac\u00e1 y que lo datearon\u201d.<\/p>\n\n\n\n<p>El incidente de Malloa, m\u00e1s all\u00e1 de lo fat\u00eddico, signific\u00f3 que la administraci\u00f3n del mercado tomara conciencia respecto a cuan necesario resultaba mantener un control sobre los trabajadores, que muchas veces prestaban servicios espor\u00e1dicos a locatarios del recinto. Dada esta situaci\u00f3n, en el a\u00f1o 2023, comenz\u00f3 a regir como medida general el empadronamiento del personal de los diversos locales del mercado. La norma, manifestaba una profunda preocupaci\u00f3n respecto a quienes hac\u00edan ingreso al mercado, y por ello, puede verse como una antesala a lo que signific\u00f3 la m\u00e1s reciente medida del recinto: el comenzar a solicitar c\u00e9dulas de identidad o documentos similares a cualquier persona que quiera hacer ingreso al mercado de Lo Valledor.<\/p>\n\n\n\n<p>Luis Quesada, desde su posici\u00f3n de trabajador de la seguridad de Lo Valledor, plantea que, frente a las nuevas normas, \u201clos locatarios las asumieron como tal, y las tomaron como buenas medidas\u201d. Araya, desde la gerencia comunicacional plantea una postura similar: \u201cnos parece que es lo m\u00e1s correcto que podemos hacer, no nos hemos arrepentido para nada\u201d.<\/p>\n\n\n\n<p>Bien es sabido que el d\u00eda en que las medidas fueron puestas en marcha, Mariana Cea, comerciante informal que ya registraba delitos por maltrato de obra a carabineros, efectu\u00f3 disparos contra dos guardias y un camar\u00f3grafo en el mercado; pero es igual de importante, entender que, frente a las nuevas normas, las posturas de los comerciantes distan de las planteadas por las fuentes oficiales.<\/p>\n\n\n\n<p><strong>La opini\u00f3n de los locatarios<\/strong><\/p>\n\n\n\n<p>Marcos Valenzuela, uno de los locatarios que lleva a\u00f1os trabajando en el mercado, se\u00f1ala que, frente a las nuevas medidas, la situaci\u00f3n \u201cha empeorado mucho porque ha bajado la afluencia de p\u00fablico\u201d.&nbsp; Valenzuela incluso plantea una disminuci\u00f3n significativa respecto a los ingresos de los locales: \u201ccomo comerciantes nos ha afectado en m\u00e1s de un 50% en lo que son las ventas\u201d. El locatario tambi\u00e9n arremete contra la dirigencia y la seguridad del sitio. \u201cEn lugar de ayudarnos, nos hacen m\u00e1s dramas, todas las trabas que se puedan, no s\u00e9 si querr\u00e1n matar Lo Valledor\u201d, menciona Valenzuela. Otra de las cr\u00edticas del comerciante apunta a la conformaci\u00f3n de la dirigencia: \u201cson pocos los que trabajan, de los dirigentes aqu\u00ed, que tengan puestos establecidos; ellos hicieron las cosas a la pinta de ellos\u201d.<\/p>\n\n\n\n<p>\u201cAqu\u00ed a nosotros nos ha bajado un poco el p\u00fablico\u201d, afirma Claudio Gonz\u00e1lez, otro de los locatarios, quien, al igual que Valenzuela, percibe un descenso en las ventas que se efect\u00faan en el mercado. Gonz\u00e1lez hace un especial \u00e9nfasis en c\u00f3mo tambi\u00e9n se ha empezado a limitar el ingreso al mercado con carros de supermercado, y que ello, ha hecho m\u00e1s engorrosa la experiencia de compra para cualquier visitante. A su vez, el comerciante tambi\u00e9n se\u00f1ala como otra de las causas tras el descenso de las ventas, los 6.500 pesos que los visitantes deben pagar si quieren ingresar al mercado con un veh\u00edculo, cifra que considera elevada, y que deber\u00eda ser puesta en revisi\u00f3n por la dirigencia. \u201cEn las reuniones que hay, dicen que si cobraran menos no se solventar\u00edan los gastos, y es una estupidez grand\u00edsima porque uno se da cuenta de lo que cobran aqu\u00ed y esto es una mina de plata\u201d, asegura Gonz\u00e1lez.<\/p>\n\n\n\n<p>En general, las preocupaciones de los comerciantes de Lo Valledor dicen relaci\u00f3n con el descenso en el flujo de clientes. Al respecto, alegan desconexi\u00f3n por parte de una dirigencia que contin\u00faa imponiendo diversas limitantes a quienes gusten visitar el mercado. Referente a pr\u00f3ximas medidas de seguridad, otra de las inquietudes de los locatarios pasa por la posibilidad de masificar torniquetes en las diversas entradas al mercado, pues ello significar\u00eda entorpecer a\u00fan m\u00e1s la visita de clientes que, hoy en d\u00eda, no acaban de acostumbrarse a los nuevos requerimientos que exige visitar el mercado mayorista m\u00e1s importante del pa\u00eds.<\/p>\n\n\n\n<p><strong>Un futuro, un presente que resolver<\/strong><\/p>\n\n\n\n<p>A\u00fan frente a la exhaustiva cobertura que los medios de comunicaci\u00f3n han brindado a Lo Valledor, especialmente por las nuevas medidas de seguridad implementadas, lo cierto es que tanto locatarios como cargos ligados a la gerencia, muestran esperanzas respecto al futuro del mercado.<\/p>\n\n\n\n<p>Son muchos los locatarios que enfrentan el d\u00eda a d\u00eda con la esperanza de que el mercado mejore. Ra\u00fal Huerta, por ejemplo, dice levantarse d\u00eda con d\u00eda solo esperando \u201cque venga m\u00e1s gente, que se arregle un poco la situaci\u00f3n, y que la seguridad sea buena\u201d. Marcos Valenzuela, otro de los comerciantes, expresa trabajar con pensamientos y motivaciones similares: \u201csiempre con la esperanza de que esto vaya a mejorar, por eso es <a>que<\/a> seguimos luchando\u201d.<\/p>\n\n\n\n<p>Araya, desde la gerencia comunicacional, expone que Lo Valledor, desde la actitud que se tiene a agricultores y clientes es \u201cun mercado de futuro\u201d, y en consonancia a ello se tienen distintos proyectos que, o ya est\u00e1n en marcha, o se est\u00e1n terminando de gestionar. Actualmente el sitio, por ejemplo, presta ayuda a distintos agricultores que hallan amenazadas sus cosechas por las sequ\u00edas, pues muchos de los desechos del mercado, son transformados en composta que es donada a individuos que trabajan la tierra y que comercian en Lo Valledor. \u201cTenemos 300 agricultores que est\u00e1n recibiendo nuestra ayuda, se est\u00e1n ahorrando, por lo que ellos mismos confiesan, entre 2 y 3 millones de pesos mensuales de no tener que comprar fardo\u201d, enfatiza Araya sobre la medida.<\/p>\n\n\n\n<p>Adem\u00e1s, el gerente comunicacional plantea como una problem\u00e1tica el manejo de altas sumas de dinero en efectivo por parte de los locatarios, y tiene la convicci\u00f3n de que hace falta una sucursal bancaria que preste sus servicios de noche, principal horario de funcionamiento del mercado: \u201cConf\u00edo en que vamos a tener la posibilidad de contar con otro banco, seguramente a alguien la va a aparecer interesante y nos va a proveer una sucursal que funcione de noche\u201d.<\/p>\n\n\n\n<p>A su vez, Araya tambi\u00e9n expone que, pese a los diversos dilemas, el crecimiento y la expansi\u00f3n no dejan de ser desaf\u00edos importantes para el mercado mayorista, pues con miras al futuro, planean edificar en un nuevo sitio ubicado entre Maip\u00fa y Carlos Valdovinos. \u201cVamos a construir ah\u00ed un proyecto muy bonito, que va a ser un mercado de abasto para vender en detalle, pensando en los vecinos de cerrillos, de Maip\u00fa, todos van a poder venir. Incluso vamos a construir un edificio, estamos vi\u00e9ndolo con universidades, un proyecto de 10 pisos de altura, con subterr\u00e1neo, y adem\u00e1s algo que no tenemos ahora: el paso que nos conecta al metro\u201d, comenta Araya. <\/p>\n\n\n\n<p>Lo Valledor supone un sitio representativo para la historia del pa\u00eds, y tal vez, un ejemplo e inspiraci\u00f3n para el futuro. A\u00fan frente a los problemas que enfrenta el mercado, el sitio y su personal buscan distintas soluciones frente a sus problemas, no importando si en el camino surgen diferencias de opini\u00f3n o confrontaciones. Es en esa resiliencia, en esa b\u00fasqueda del prevalecer, que el pa\u00eds podr\u00eda inspirarse en Lo Valledor, pues frente a problem\u00e1ticas que ata\u00f1en a un pueblo, el querer evitar confrontaciones por tener ideas distintas no puede ser excusa para no actuar. Las soluciones llegan, pero no sin intentos, no sin los sanos desacuerdos que nacen de una democracia.<\/p>\n\n\n\n<hr class=\"wp-block-separator has-alpha-channel-opacity\"\/>\n\n\n\n<p><\/p>\n","protected":false},"excerpt":{"rendered":"<p>Fundado modestamente en 1968, Lo Valledor supone el mercado mayorista m\u00e1s grande que existe en el pa\u00eds y el tercero m\u00e1s grande de Latinoam\u00e9rica. Ubicado en la comuna de Pedro Aguirre Cerda, su historia da cuenta de un conjunto de comerciantes que, siendo mal recibidos en el sector poniente de La vega, comenzaron a organizarse [&hellip;]<\/p>\n","protected":false},"author":1,"featured_media":2651,"comment_status":"open","ping_status":"open","sticky":false,"template":"","format":"standard","meta":{"_eb_attr":"","_gspb_post_css":"","om_disable_all_campaigns":false,"_monsterinsights_skip_tracking":false,"_monsterinsights_sitenote_active":false,"_monsterinsights_sitenote_note":"","_monsterinsights_sitenote_category":0,"footnotes":""},"categories":[14,20],"tags":[],"class_list":["post-2650","post","type-post","status-publish","format-standard","has-post-thumbnail","hentry","category-actualidad","category-reportajes"],"blocksy_meta":[],"aioseo_notices":[],"_links":{"self":[{"href":"https:\/\/elpuclitico.cl\/index.php\/wp-json\/wp\/v2\/posts\/2650","targetHints":{"allow":["GET"]}}],"collection":[{"href":"https:\/\/elpuclitico.cl\/index.php\/wp-json\/wp\/v2\/posts"}],"about":[{"href":"https:\/\/elpuclitico.cl\/index.php\/wp-json\/wp\/v2\/types\/post"}],"author":[{"embeddable":true,"href":"https:\/\/elpuclitico.cl\/index.php\/wp-json\/wp\/v2\/users\/1"}],"replies":[{"embeddable":true,"href":"https:\/\/elpuclitico.cl\/index.php\/wp-json\/wp\/v2\/comments?post=2650"}],"version-history":[{"count":1,"href":"https:\/\/elpuclitico.cl\/index.php\/wp-json\/wp\/v2\/posts\/2650\/revisions"}],"predecessor-version":[{"id":2652,"href":"https:\/\/elpuclitico.cl\/index.php\/wp-json\/wp\/v2\/posts\/2650\/revisions\/2652"}],"wp:featuredmedia":[{"embeddable":true,"href":"https:\/\/elpuclitico.cl\/index.php\/wp-json\/wp\/v2\/media\/2651"}],"wp:attachment":[{"href":"https:\/\/elpuclitico.cl\/index.php\/wp-json\/wp\/v2\/media?parent=2650"}],"wp:term":[{"taxonomy":"category","embeddable":true,"href":"https:\/\/elpuclitico.cl\/index.php\/wp-json\/wp\/v2\/categories?post=2650"},{"taxonomy":"post_tag","embeddable":true,"href":"https:\/\/elpuclitico.cl\/index.php\/wp-json\/wp\/v2\/tags?post=2650"}],"curies":[{"name":"wp","href":"https:\/\/api.w.org\/{rel}","templated":true}]}}