{"id":2653,"date":"2024-07-02T00:23:15","date_gmt":"2024-07-02T00:23:15","guid":{"rendered":"http:\/\/elpuclitico.cl\/?p=2653"},"modified":"2026-02-25T04:07:51","modified_gmt":"2026-02-25T04:07:51","slug":"por-un-nuevo-financiamiento-en-la-educacion-confech-entrega-petitorio-2024-2","status":"publish","type":"post","link":"https:\/\/elpuclitico.cl\/index.php\/2024\/07\/02\/por-un-nuevo-financiamiento-en-la-educacion-confech-entrega-petitorio-2024-2\/","title":{"rendered":"\u201cPor un Nuevo Financiamiento en la Educaci\u00f3n\u201d: Confech entrega petitorio 2024\u00a0"},"content":{"rendered":"\n<p>Con una marcha que culmin\u00f3 en el Ministerio de Educaci\u00f3n, la CONFECh present\u00f3 su petitorio que aboga, entre otras cosas, por la condonaci\u00f3n del CAE, un nuevo financiamiento estatal y la implementaci\u00f3n de servicios especializados de salud mental en universidades.&nbsp;<\/p>\n\n\n\n<p>Este martes 18 de junio la Confederaci\u00f3n de Estudiantes de Chile (CONFECh) convoc\u00f3 a una marcha para la entrega del Petitorio Nacional 2024, marcha la cual tuvo como consigna \u201cPor un Nuevo Financiamiento en la Educaci\u00f3n\u201d. El trayecto const\u00f3 desde el GAM hasta las oficinas del Ministerio de Educaci\u00f3n, donde representantes de la CONFECh (siendo Catalina Jofr\u00e9, presidenta FEUC, una de ellos) se reunieron con el subsecretario de Educaci\u00f3n Superior, V\u00edctor Orellana, para presentar el petitorio y las demandas prioritarias.&nbsp;&nbsp;<\/p>\n\n\n\n<p>17 p\u00e1ginas tienen el documento erigido por la confederaci\u00f3n, en donde se presentan una serie de requerimientos. En salud mental, se habla de una necesidad urgente de reforzar los servicios en las instituciones de educaci\u00f3n superior, incluyendo la creaci\u00f3n de unidades especializadas y la implementaci\u00f3n de capacitaciones en Primeros Auxilios Psicol\u00f3gicos. Adem\u00e1s, el petitorio aboga por medidas espec\u00edficas para estudiantes que son padres, madres o trabajadores, y la mejora del acceso al transporte p\u00fablico (Ley \u201cQue Pase la Micro\u201d) y a una alimentaci\u00f3n digna. En este \u00faltimo punto, por ejemplo, se exige el reajuste de la BAES seg\u00fan el \u00cdndice de Precios al Consumidor.&nbsp;&nbsp;<\/p>\n\n\n\n<p>Asimismo, demanda un \u201cNuevo Modelo de Financiamiento a la Educaci\u00f3n Superior por Aporte Basal del Estado\u201d, como tambi\u00e9n el fin del Cr\u00e9dito con Aval del Estado y su condonaci\u00f3n; a pesar que desde el Ejecutivo ya han cortado de ra\u00edz el hablar de \u201ccondonar\u201d o \u201ccondonaci\u00f3n\u201d respecto al CAE.&nbsp;<\/p>\n\n\n\n<p>Adem\u00e1s, aborda seis puntos en general: bienestar estudiantil, financiamiento de la educaci\u00f3n superior, gobierno universitario, g\u00e9nero y sexualidad, memoria y DD. HH, y crisis clim\u00e1tica, contaminaci\u00f3n y biodiversidad. Todas estas aristas se abordan desde distintos \u00e1mbitos, buscando dar relevancia a los gobiernos universitarios; elecci\u00f3n de decano, oficinas para asuntos relacionados con integridad sexual y disidencias, mayor equidad de g\u00e9nero en bibliograf\u00edas, entre otras.&nbsp;&nbsp;<\/p>\n\n\n\n<p>Hubo diversas manifestaciones en las afueras del Mineduc, tanto de estudiantes secundarios como estudiantes de la Universidad de Chile, estos \u00faltimos levantando lienzos con la frase \u201ceducar para liberar, no para lucrar\u201d. Manifestaciones que no estuvieron exentas de confrontaciones entre carabineros y estudiantes.&nbsp;&nbsp;<\/p>\n\n\n\n<p>Catalina Jofr\u00e9, presidenta de la FEUC, fue clara en decir \u201cla Federaci\u00f3n no se hace parte de ninguna de sus manifestaciones, sobre todo porque est\u00e1n marcadas de violencia y nosotros no avalamos la violencia como un m\u00e9todo de acci\u00f3n pol\u00edtica\u201d.&nbsp;&nbsp;&nbsp;<\/p>\n\n\n\n<p>Luego de la reuni\u00f3n que mantuvo con el subsecretario de Educaci\u00f3n Superior, V\u00edctor Orellana, se le consult\u00f3 respecto a los acuerdos que pudieron concretarse, \u201clos principales acuerdos fue hablar del nuevo proyecto que habla del financiamiento de la Educaci\u00f3n Superior y c\u00f3mo nosotros podemos aportar. Como FEUC y CONFECh nos interesa poder ser parte de la decisi\u00f3n prelegislativa\u201d. Tambi\u00e9n se abordaron posibilidades de abrir mesas de trabajo respecto a salud mental, al igual como las que est\u00e1n manteniendo en transportes.&nbsp;&nbsp;&nbsp;<\/p>\n\n\n\n<p>Respecto a la postura de la Federaci\u00f3n frente a la condonaci\u00f3n del CAE y en qu\u00e9 pueden ir ayudando en materia prelegislativa, Jofr\u00e9 explica que \u201chay que focalizarnos principalmente en la gente que est\u00e1 en una situaci\u00f3n grave de endeudamiento (&#8230;), y luego hablar de un nuevo sistema de financiamiento de la educaci\u00f3n, que no la entienda como una acci\u00f3n econ\u00f3mica, sino m\u00e1s bien como un derecho. Eso es lo que principalmente nosotros queremos participar siendo estudiantes universitarios\u201d&nbsp;&nbsp;<\/p>\n\n\n\n<p>La educaci\u00f3n sexual es un punto que se aborda en el petitorio, donde se pide tanto implementaci\u00f3n como promoci\u00f3n de Educaci\u00f3n Sexual Integral en las instituciones educativas, lo que en materia gubernamental a\u00fan no pasa a trabajo prelegislativo. Tambi\u00e9n, la condonaci\u00f3n universal del CAE como promesa de campa\u00f1a. Respecto a esto, la presidenta FEUC hace un alcance de que al Gobierno \u201cse le estaba olvidando que ellos ven\u00edan de las calles tambi\u00e9n\u201d, y que no hab\u00eda existido \u201cning\u00fan hito importante hasta la Cuenta P\u00fablica en temas de Educaci\u00f3n Superior\u201d. Sin embargo, afirma que desde la federaci\u00f3n ven con buenos ojos \u201cque se hable de un nuevo sistema de Educaci\u00f3n Superior\u201d&nbsp;&nbsp;&nbsp;&nbsp;<\/p>\n\n\n\n<p>Respecto a las diversas manifestaciones y disturbios a las afueras del MINEDUC por parte de secundarios y estudiantes de la Universidad de Chile, Catalina Jofr\u00e9, destac\u00f3 el dialogo que hace la FEUC: \u201cCreemos que una forma buena y positiva que tiene nuestra federaci\u00f3n es hacer pol\u00edtica desde el di\u00e1logo porque tambi\u00e9n as\u00ed a trav\u00e9s de la historia hemos conseguido muchas cosas\u201d. Tambi\u00e9n, recalc\u00f3 las distintas demandas que tiene cada casa de estudios y la forma en la que cada una se gu\u00eda.&nbsp;&nbsp;<\/p>\n","protected":false},"excerpt":{"rendered":"<p>Con una marcha que culmin\u00f3 en el Ministerio de Educaci\u00f3n, la CONFECh present\u00f3 su petitorio que aboga, entre otras cosas, por la condonaci\u00f3n del CAE, un nuevo financiamiento estatal y la implementaci\u00f3n de servicios especializados de salud mental en universidades.&nbsp; Este martes 18 de junio la Confederaci\u00f3n de Estudiantes de Chile (CONFECh) convoc\u00f3 a una [&hellip;]<\/p>\n","protected":false},"author":1,"featured_media":2654,"comment_status":"open","ping_status":"open","sticky":false,"template":"","format":"standard","meta":{"_eb_attr":"","_gspb_post_css":"","om_disable_all_campaigns":false,"_monsterinsights_skip_tracking":false,"_monsterinsights_sitenote_active":false,"_monsterinsights_sitenote_note":"","_monsterinsights_sitenote_category":0,"footnotes":""},"categories":[14,17],"tags":[22],"class_list":["post-2653","post","type-post","status-publish","format-standard","has-post-thumbnail","hentry","category-actualidad","category-politicauniversitaria","tag-destacado"],"blocksy_meta":[],"aioseo_notices":[],"_links":{"self":[{"href":"https:\/\/elpuclitico.cl\/index.php\/wp-json\/wp\/v2\/posts\/2653","targetHints":{"allow":["GET"]}}],"collection":[{"href":"https:\/\/elpuclitico.cl\/index.php\/wp-json\/wp\/v2\/posts"}],"about":[{"href":"https:\/\/elpuclitico.cl\/index.php\/wp-json\/wp\/v2\/types\/post"}],"author":[{"embeddable":true,"href":"https:\/\/elpuclitico.cl\/index.php\/wp-json\/wp\/v2\/users\/1"}],"replies":[{"embeddable":true,"href":"https:\/\/elpuclitico.cl\/index.php\/wp-json\/wp\/v2\/comments?post=2653"}],"version-history":[{"count":1,"href":"https:\/\/elpuclitico.cl\/index.php\/wp-json\/wp\/v2\/posts\/2653\/revisions"}],"predecessor-version":[{"id":2655,"href":"https:\/\/elpuclitico.cl\/index.php\/wp-json\/wp\/v2\/posts\/2653\/revisions\/2655"}],"wp:featuredmedia":[{"embeddable":true,"href":"https:\/\/elpuclitico.cl\/index.php\/wp-json\/wp\/v2\/media\/2654"}],"wp:attachment":[{"href":"https:\/\/elpuclitico.cl\/index.php\/wp-json\/wp\/v2\/media?parent=2653"}],"wp:term":[{"taxonomy":"category","embeddable":true,"href":"https:\/\/elpuclitico.cl\/index.php\/wp-json\/wp\/v2\/categories?post=2653"},{"taxonomy":"post_tag","embeddable":true,"href":"https:\/\/elpuclitico.cl\/index.php\/wp-json\/wp\/v2\/tags?post=2653"}],"curies":[{"name":"wp","href":"https:\/\/api.w.org\/{rel}","templated":true}]}}