{"id":2656,"date":"2024-07-02T00:26:13","date_gmt":"2024-07-02T00:26:13","guid":{"rendered":"http:\/\/elpuclitico.cl\/?p=2656"},"modified":"2024-07-03T15:29:52","modified_gmt":"2024-07-03T15:29:52","slug":"hay-que-ver-caso-a-caso-gran-canciller-de-la-uc-se-muestra-dispuesto-a-que-se-revisen-convenios-con-universidades-israelies","status":"publish","type":"post","link":"https:\/\/elpuclitico.cl\/index.php\/2024\/07\/02\/hay-que-ver-caso-a-caso-gran-canciller-de-la-uc-se-muestra-dispuesto-a-que-se-revisen-convenios-con-universidades-israelies\/","title":{"rendered":"\u201cHAY QUE VER CASO A CASO\u201d: Gran Canciller de la UC se muestra dispuesto a que se revisen convenios con universidades israel\u00edes&nbsp;"},"content":{"rendered":"\n<p>En medio de las recientes manifestaciones estudiantiles relacionadas al conflicto palestino-israel\u00ed, el tambi\u00e9n arzobispo de Santiago, Fernando Chomal\u00ed, se refiri\u00f3 al llamado de los estudiantes destacando que&nbsp;&nbsp;<\/p>\n\n\n\n<p>El d\u00eda de ayer se realiz\u00f3 la Conferencia Episcopal Chilena, en la que los obispos de La Serena, Antofagasta, Concepci\u00f3n y Santiago presentaron el documento \u201cFui forastero y me recibieron\u201d, en el Instituto Cat\u00f3lico Chileno de Migraci\u00f3n, ubicado en la Parroquia Latinoamericana en Providencia. Fue precisamente Fernando Chomal\u00ed, quien, al ser adem\u00e1s Gran Canciller de la Pontificia Universidad Cat\u00f3lica, habl\u00f3 posterior a la presentaci\u00f3n sobre las manifestaciones de los estudiantes en favor de Palestina y exigiendo el corte de relaciones con universidades israel\u00eds.&nbsp;<\/p>\n\n\n\n<p>Consultado por la Radio B\u00edo-B\u00edo, el arzobispo parti\u00f3 agradeciendo a los estudiantes por tener inter\u00e9s en lo que pasa en todas partes del mundo, destacando lo significativo que la comunidad universitaria se interese por salir m\u00e1s all\u00e1 de sus fronteras acad\u00e9micas. \u201cLa universidad es por naturaleza el espacio del di\u00e1logo y por (&#8230;) todo lo que sea el di\u00e1logo las instancias universitarias est\u00e1n llamadas a promoverlas (\u2026) y por supuesto descartar bajo todo punto de vista la violencia que nunca es un camino para lograr fines\u201d. &nbsp;<\/p>\n\n\n\n<p>En esta l\u00ednea, el canciller mencion\u00f3 que: \u201chay que ver las consecuencias que significa eso especialmente para los m\u00e1s pobres (&#8230;) por ejemplo la facultad de agronom\u00eda tiene un convenio para mejorar los cultivos en Chile que va en beneficio de los m\u00e1s pobres, romper con la universidad ser\u00eda castigar a personas que no tienen nada que ver con el conflicto\u201d.&nbsp;<\/p>\n\n\n\n<p>Tras decir esto, el periodista de B\u00edo-B\u00edo pregunt\u00f3 sobre el descarte a romper convenios institucionales con universidades israel\u00eds, a lo que el arzobispo respondi\u00f3: \u201cHay que ver caso por caso de qu\u00e9 convenio se trata, (&#8230;) pero si es un fin bueno que beneficia a los m\u00e1s pobres que no tiene absolutamente nada que ver con la violencia ni hay ninguna relaci\u00f3n directa con el conflicto, yo pienso que hay que pensarlo seriamente\u201d.&nbsp;&nbsp;<\/p>\n\n\n\n<p>Ante esto, el Gran Canciller recalc\u00f3 que hay que tratar los temas \u201ca la luz de la raz\u00f3n\u201d, enfatizando tambi\u00e9n en condenar la violencia. \u201cSiempre bajo todas las condiciones, un corte radical a la violencia (&#8230;) no es un camino para que nos entendamos los seres humanos y sobre todo cuando hay ni\u00f1os inocentes que est\u00e1n involucrados en ello\u201d&nbsp;<\/p>\n\n\n\n<p>Finalmente, fue consultado respecto al lienzo de que estudiantes de la Universidad de Chile levantaron para manifestarse contra los lazos de la entidad acad\u00e9mica con sus s\u00edmiles de Israel, afirmando lo siguiente: \u201cPienso que ese lienzo no aporta nada, no aporta la soluci\u00f3n del problema, pero ese no es el tema de fondo, el tema de fondo es que hay alumnos que leg\u00edtimamente quieren reflexionar sobre una situaci\u00f3n muy compleja y creo que todas las universidades tienen el derecho y el deber de acogerlos, escucharlos y que prevalezca la raz\u00f3n\u201d.&nbsp;<\/p>\n\n\n\n<p>Ante las declaraciones del eclesial, la presidenta de la FEUC, Catalina Jofr\u00e9 coment\u00f3 para Radio B\u00edo-B\u00edo que le \u201calegra profundamente escuchar que el arzobispo est\u00e9 de acuerdo con revisar los convenios, que efectivamente no traen cosas positivas\u201d. Y tambi\u00e9n le insisti\u00f3 al rector Ignacio S\u00e1nchez a escuchar las demandas de los estudiantes y disolver acuerdos con Israel.&nbsp;<\/p>\n\n\n\n<p>El rector ha sido reiterativo en plantear que no se romper\u00e1n lazos debido a que \u201cestos convenios han permitido el desarrollo estudiantil y acad\u00e9mico y tambi\u00e9n servir de puente entre instituciones de la zona de conflicto (&#8230;) las universidades tiendan puentes de di\u00e1logo y colaboraci\u00f3n en esta \u00e1rea de conflicto, para buscar caminos de paz\u201d. Luego de que la presidenta de la FEUC se\u00f1alara sobre tres de las universidades israel\u00eds que tienen convenios con la UC, entregan formaci\u00f3n militar y herramientas de investigaci\u00f3n militar para ocupaciones. Por tanto, la declaraci\u00f3n de la autoridad eclesi\u00e1stica abre la puerta a un di\u00e1logo respecto al tema.&nbsp;<\/p>\n","protected":false},"excerpt":{"rendered":"<p>En medio de las recientes manifestaciones estudiantiles relacionadas al conflicto palestino-israel\u00ed, el tambi\u00e9n arzobispo de Santiago, Fernando Chomal\u00ed, se refiri\u00f3 al llamado de los estudiantes destacando que&nbsp;&nbsp; El d\u00eda de ayer se realiz\u00f3 la Conferencia Episcopal Chilena, en la que los obispos de La Serena, Antofagasta, Concepci\u00f3n y Santiago presentaron el documento \u201cFui forastero y [&hellip;]<\/p>\n","protected":false},"author":1,"featured_media":2657,"comment_status":"open","ping_status":"open","sticky":false,"template":"","format":"standard","meta":{"_eb_attr":"","_gspb_post_css":"","om_disable_all_campaigns":false,"_monsterinsights_skip_tracking":false,"_monsterinsights_sitenote_active":false,"_monsterinsights_sitenote_note":"","_monsterinsights_sitenote_category":0,"footnotes":""},"categories":[14],"tags":[22],"class_list":["post-2656","post","type-post","status-publish","format-standard","has-post-thumbnail","hentry","category-actualidad","tag-destacado"],"blocksy_meta":[],"aioseo_notices":[],"_links":{"self":[{"href":"https:\/\/elpuclitico.cl\/index.php\/wp-json\/wp\/v2\/posts\/2656","targetHints":{"allow":["GET"]}}],"collection":[{"href":"https:\/\/elpuclitico.cl\/index.php\/wp-json\/wp\/v2\/posts"}],"about":[{"href":"https:\/\/elpuclitico.cl\/index.php\/wp-json\/wp\/v2\/types\/post"}],"author":[{"embeddable":true,"href":"https:\/\/elpuclitico.cl\/index.php\/wp-json\/wp\/v2\/users\/1"}],"replies":[{"embeddable":true,"href":"https:\/\/elpuclitico.cl\/index.php\/wp-json\/wp\/v2\/comments?post=2656"}],"version-history":[{"count":2,"href":"https:\/\/elpuclitico.cl\/index.php\/wp-json\/wp\/v2\/posts\/2656\/revisions"}],"predecessor-version":[{"id":4753,"href":"https:\/\/elpuclitico.cl\/index.php\/wp-json\/wp\/v2\/posts\/2656\/revisions\/4753"}],"wp:featuredmedia":[{"embeddable":true,"href":"https:\/\/elpuclitico.cl\/index.php\/wp-json\/wp\/v2\/media\/2657"}],"wp:attachment":[{"href":"https:\/\/elpuclitico.cl\/index.php\/wp-json\/wp\/v2\/media?parent=2656"}],"wp:term":[{"taxonomy":"category","embeddable":true,"href":"https:\/\/elpuclitico.cl\/index.php\/wp-json\/wp\/v2\/categories?post=2656"},{"taxonomy":"post_tag","embeddable":true,"href":"https:\/\/elpuclitico.cl\/index.php\/wp-json\/wp\/v2\/tags?post=2656"}],"curies":[{"name":"wp","href":"https:\/\/api.w.org\/{rel}","templated":true}]}}