{"id":2666,"date":"2024-07-11T00:51:14","date_gmt":"2024-07-11T00:51:14","guid":{"rendered":"http:\/\/elpuclitico.cl\/?p=2666"},"modified":"2024-07-25T17:48:20","modified_gmt":"2024-07-25T17:48:20","slug":"por-dos-de-las-cuatro-causas-eduardo-macaya-es-declarado-culpable-por-delitos-de-abuso-sexual-en-contra-de-menores-de-edad","status":"publish","type":"post","link":"https:\/\/elpuclitico.cl\/index.php\/2024\/07\/11\/por-dos-de-las-cuatro-causas-eduardo-macaya-es-declarado-culpable-por-delitos-de-abuso-sexual-en-contra-de-menores-de-edad\/","title":{"rendered":"Por dos de las cuatro causas: Eduardo Macaya es declarado culpable por delitos de abuso sexual en contra de menores de edad"},"content":{"rendered":"\n<p><em>La Fiscal\u00eda Regional de O\u2019Higgins solicit\u00f3 12 a\u00f1os de prisi\u00f3n por los cuatro casos que se le acusaban. Sin embargo, se le declar\u00f3 culpable por solo dos de estas denuncias . La sentencia ser\u00e1 le\u00edda el 19 de julio.<\/em><\/p>\n\n\n\n<p>El Tribunal Oral en lo Penal de San Fernando declar\u00f3 culpable al empresario Eduardo Macaya Zentinelli por delitos de abuso sexual en contra de dos menores de edad. El padre del senador y presidente de la UDI, Javier Macaya, fue acusado en junio del a\u00f1o pasado de haber abusado de cuatro menores de edad, entre las que se encontrar\u00edan dos menores \u201cmuy cercanas\u201d a \u00e9l.<\/p>\n\n\n\n<p>El primero de estos casos se dio a conocer gracias a que una de las v\u00edctimas, de entonces 12 a\u00f1os, le cont\u00f3 a su familia que Macaya Zentinelli hab\u00eda abusado de ella. Tras esta primera denuncia, se dieron a conocer tres casos m\u00e1s.<\/p>\n\n\n\n<p>Entre las pruebas presentadas, se encuentran videos en los que se registr\u00f3 la consumaci\u00f3n de uno de los delitos, el cual fue grabado por otra menor, quien dio aviso de este hecho a su familia en conjunto con otras dos primas quienes tambi\u00e9n confesaron los actos. Estas denuncias habr\u00edan generado controversia dentro de la familia, a tal punto que familiares intentaron justificar su acto, diciendo que en esos videos \u00e9l estaba ebrio y que por ello tuvo esa \u201cactitud cari\u00f1osa\u201d.<\/p>\n\n\n\n<p>Si bien el empresario ha negado las acusaciones, alegando a que la causa en su contra es solo por el cargo de su hijo. Sin embargo, el jurado lo consider\u00f3 como culpable de abuso sexual en dos de los cuatro casos que fueron denunciados. Si bien la fiscal\u00eda solicito 12 a\u00f1os por los cuatro delitos, Macaya Zentinelli arriesga hasta 17 a\u00f1os de c\u00e1rcel. De esta forma, se espera que la sentencia se d\u00e9 a conocer el pr\u00f3ximo viernes 19 de julio.<\/p>\n","protected":false},"excerpt":{"rendered":"<p>La Fiscal\u00eda Regional de O\u2019Higgins solicit\u00f3 12 a\u00f1os de prisi\u00f3n por los cuatro casos que se le acusaban. Sin embargo, se le declar\u00f3 culpable por solo dos de estas denuncias . La sentencia ser\u00e1 le\u00edda el 19 de julio. El Tribunal Oral en lo Penal de San Fernando declar\u00f3 culpable al empresario Eduardo Macaya Zentinelli [&hellip;]<\/p>\n","protected":false},"author":1,"featured_media":2667,"comment_status":"open","ping_status":"open","sticky":false,"template":"","format":"standard","meta":{"_eb_attr":"","_gspb_post_css":"","om_disable_all_campaigns":false,"_monsterinsights_skip_tracking":false,"_monsterinsights_sitenote_active":false,"_monsterinsights_sitenote_note":"","_monsterinsights_sitenote_category":0,"footnotes":""},"categories":[14],"tags":[22],"class_list":["post-2666","post","type-post","status-publish","format-standard","has-post-thumbnail","hentry","category-actualidad","tag-destacado"],"blocksy_meta":[],"aioseo_notices":[],"_links":{"self":[{"href":"https:\/\/elpuclitico.cl\/index.php\/wp-json\/wp\/v2\/posts\/2666","targetHints":{"allow":["GET"]}}],"collection":[{"href":"https:\/\/elpuclitico.cl\/index.php\/wp-json\/wp\/v2\/posts"}],"about":[{"href":"https:\/\/elpuclitico.cl\/index.php\/wp-json\/wp\/v2\/types\/post"}],"author":[{"embeddable":true,"href":"https:\/\/elpuclitico.cl\/index.php\/wp-json\/wp\/v2\/users\/1"}],"replies":[{"embeddable":true,"href":"https:\/\/elpuclitico.cl\/index.php\/wp-json\/wp\/v2\/comments?post=2666"}],"version-history":[{"count":3,"href":"https:\/\/elpuclitico.cl\/index.php\/wp-json\/wp\/v2\/posts\/2666\/revisions"}],"predecessor-version":[{"id":2670,"href":"https:\/\/elpuclitico.cl\/index.php\/wp-json\/wp\/v2\/posts\/2666\/revisions\/2670"}],"wp:featuredmedia":[{"embeddable":true,"href":"https:\/\/elpuclitico.cl\/index.php\/wp-json\/wp\/v2\/media\/2667"}],"wp:attachment":[{"href":"https:\/\/elpuclitico.cl\/index.php\/wp-json\/wp\/v2\/media?parent=2666"}],"wp:term":[{"taxonomy":"category","embeddable":true,"href":"https:\/\/elpuclitico.cl\/index.php\/wp-json\/wp\/v2\/categories?post=2666"},{"taxonomy":"post_tag","embeddable":true,"href":"https:\/\/elpuclitico.cl\/index.php\/wp-json\/wp\/v2\/tags?post=2666"}],"curies":[{"name":"wp","href":"https:\/\/api.w.org\/{rel}","templated":true}]}}