{"id":2742,"date":"2024-09-04T15:13:52","date_gmt":"2024-09-04T15:13:52","guid":{"rendered":"http:\/\/elpuclitico.cl\/?p=2742"},"modified":"2026-02-25T04:06:08","modified_gmt":"2026-02-25T04:06:08","slug":"se-vota-mocion-de-paro-simbolico-por-11-de-septiembre","status":"publish","type":"post","link":"https:\/\/elpuclitico.cl\/index.php\/2024\/09\/04\/se-vota-mocion-de-paro-simbolico-por-11-de-septiembre\/","title":{"rendered":"Se vota moci\u00f3n de paro simb\u00f3lico por 11 de septiembre"},"content":{"rendered":"\n<p><em>Con 5 puntos repetidos del petitorio de Memoria y Derechos Humanos de 2023, y la exigencia de cortar v\u00ednculos con 3 universidades israel\u00edes, se presenta a votaci\u00f3n estudiantil el 4 y 5 de septiembre.<\/em><\/p>\n\n\n\n<p>La FEUC, junto a la CS y los colectivos de Memoria y DD.HH. someter\u00e1n a votaci\u00f3n en los distintos territorios de la Universidad el documento titulado \u201cA 51 a\u00f1os del Golpe de Estado\u201d, en la que presentan 6 demandas a Rector\u00eda, sumado a un llamado a la paralizaci\u00f3n estudiantil durante el 11 de septiembre.<\/p>\n\n\n\n<p>\u201cTeniendo presente este doloroso pasado, consideramos que hoy tenemos la oportunidad de mirar hacia atr\u00e1s con honestidad, asumir los errores cometidos y demostrar con acciones concretas el compromiso de la UC con la memoria, la justicia, la reparaci\u00f3n y los derechos humanos. As\u00ed tambi\u00e9n para demostrarle a todo el pa\u00eds que nuestra universidad ahora tiene la valent\u00eda de hacer lo correcto para con la justicia y la dignidad humana, distinto a lo que fue en los 17 a\u00f1os de dictadura militar\u201d, es como parte el petitorio.<\/p>\n\n\n\n<p>Dentro de las demandas encabezadas por la FEUC se encuentran varias ya conocidas por el estudiantado, ya que fueron presentadas en el petitorio del aniversario 50\u00b0 del golpe, redactado por la directiva de Sabina Orellana. Entre esos puntos destaca la b\u00fasqueda del perd\u00f3n institucional del Rector S\u00e1nchez por los testimonios que avalan que la UC \u201centreg\u00f3 la informaci\u00f3n de compa\u00f1eros que hoy se encuentran desaparecidos\u201d, el cual fue desestimado por el mismo Rector S\u00e1nchez en 2023: \u201cLa comunidad universitaria, (\u2026) amplia y diversa como lo era y sigue siendo, se manifest\u00f3 en su gran mayor\u00eda contraria a los atropellos de los derechos humanos, expres\u00e1ndose en los medios y realizando diferentes manifestaciones de protesta, lo que colabor\u00f3 a la evoluci\u00f3n democr\u00e1tica de la transici\u00f3n\u201d, desestim\u00f3.<\/p>\n\n\n\n<p>En segundo punto, tambi\u00e9n reaparece la exigencia de que se elimine el doctorado \u201chonoris causa\u201d entregado por la Casa de Estudios al Vicealmirante Jorge Swett Marge, quien fue rector designado posterior al 11 de septiembre. \u201cSu nombramiento no fue solo ileg\u00edtimo, sino tambi\u00e9n ilegal\u201d, acusa la FEUC agregando que su gesti\u00f3n fue la responsable de entregar a la DINA al profesor Alejandro \u00c1valos, detenido en 1976 mientras se trasladaba a su casa desde su recinto de trabajo. \u201cEl rector (Swett) permiti\u00f3 que la UC se desarrollara en sus labores m\u00e1s propias. El otorgamiento del grado de Doctor Honoris Causa al rector Swett consider\u00f3 todos estos argumentos y sigui\u00f3 todos los procesos y mecanismos acad\u00e9micos que est\u00e1n en nuestros Estatutos\u201d, remarc\u00f3 S\u00e1nchez sobre este punto en su respuesta al petitorio del a\u00f1o 2023.<\/p>\n\n\n\n<p>En los puntos subsiguientes, los firmantes exigen la creaci\u00f3n de un Centro Interdisciplinario de Derechos Humanos en la UC, y la entrega de t\u00edtulos p\u00f3stumos y reconocimientos acad\u00e9micos a v\u00edctimas de la dictadura pertenecientes a la comunidad UC: \u201cLa rector\u00eda de Ignacio S\u00e1nchez ya acord\u00f3 con las familias y la comunidad UC rendir homenaje a todas las v\u00edctimas de la dictadura, sin embargo, se ha negado a entregarles t\u00edtulos y reconocimiento. Sus razones recaen en aspectos administrativos o de avance curricular, olvidando que fue el r\u00e9gimen el que impidi\u00f3 a los estudiantes alargar su trayectoria en la UC\u201d, agregan en el petitorio.<\/p>\n\n\n\n<p>El \u00faltimo punto hace referencia a la contingencia internacional, la cual hacen un llamado al \u201crespeto de los derechos humanos\u201d en tiempos actuales. Es por esto por lo que reiteran el llamado iniciado junto a la Organizaci\u00f3n Solidaria con Palestina UC en abril de que la universidad suspenda convenios con 3 universidades israel\u00edes que tendr\u00edan participaci\u00f3n en la guerra en Palestina (Universidad Hebrea de Jerusal\u00e9n, Instituto Israel\u00ed de Tecnolog\u00eda, y la Universidad de Tel Aviv): \u201cAl d\u00eda de hoy ha habido m\u00e1s de cuarenta mil civiles asesinados, m\u00e1s de la mitad de los hogares en Gaza han sido bombardeados y en el parlamento de Israel se ha abogado por la legitimidad de la tortura sexual sobre prisioneros \u00e1rabes, por lo que se hace m\u00e1s urgente que nunca tomar acci\u00f3n desde todos nuestros espacios\u201d, argumentan desde la FEUC, CS y Memoria.<\/p>\n\n\n\n<p>Los resultados se conocer\u00e1n en la tarde del jueves 6 de septiembre, en la que la Federaci\u00f3n comunicar\u00e1 los resultados catastrados por los Centros de Estudiantes respectivos.<\/p>\n","protected":false},"excerpt":{"rendered":"<p>Con 5 puntos repetidos del petitorio de Memoria y Derechos Humanos de 2023, y la exigencia de cortar v\u00ednculos con 3 universidades israel\u00edes, se presenta a votaci\u00f3n estudiantil el 4 y 5 de septiembre. La FEUC, junto a la CS y los colectivos de Memoria y DD.HH. someter\u00e1n a votaci\u00f3n en los distintos territorios de [&hellip;]<\/p>\n","protected":false},"author":1,"featured_media":2743,"comment_status":"open","ping_status":"open","sticky":false,"template":"","format":"standard","meta":{"_eb_attr":"","_gspb_post_css":"","om_disable_all_campaigns":false,"_monsterinsights_skip_tracking":false,"_monsterinsights_sitenote_active":false,"_monsterinsights_sitenote_note":"","_monsterinsights_sitenote_category":0,"footnotes":""},"categories":[14,17],"tags":[22],"class_list":["post-2742","post","type-post","status-publish","format-standard","has-post-thumbnail","hentry","category-actualidad","category-politicauniversitaria","tag-destacado"],"blocksy_meta":[],"aioseo_notices":[],"_links":{"self":[{"href":"https:\/\/elpuclitico.cl\/index.php\/wp-json\/wp\/v2\/posts\/2742","targetHints":{"allow":["GET"]}}],"collection":[{"href":"https:\/\/elpuclitico.cl\/index.php\/wp-json\/wp\/v2\/posts"}],"about":[{"href":"https:\/\/elpuclitico.cl\/index.php\/wp-json\/wp\/v2\/types\/post"}],"author":[{"embeddable":true,"href":"https:\/\/elpuclitico.cl\/index.php\/wp-json\/wp\/v2\/users\/1"}],"replies":[{"embeddable":true,"href":"https:\/\/elpuclitico.cl\/index.php\/wp-json\/wp\/v2\/comments?post=2742"}],"version-history":[{"count":2,"href":"https:\/\/elpuclitico.cl\/index.php\/wp-json\/wp\/v2\/posts\/2742\/revisions"}],"predecessor-version":[{"id":2745,"href":"https:\/\/elpuclitico.cl\/index.php\/wp-json\/wp\/v2\/posts\/2742\/revisions\/2745"}],"wp:featuredmedia":[{"embeddable":true,"href":"https:\/\/elpuclitico.cl\/index.php\/wp-json\/wp\/v2\/media\/2743"}],"wp:attachment":[{"href":"https:\/\/elpuclitico.cl\/index.php\/wp-json\/wp\/v2\/media?parent=2742"}],"wp:term":[{"taxonomy":"category","embeddable":true,"href":"https:\/\/elpuclitico.cl\/index.php\/wp-json\/wp\/v2\/categories?post=2742"},{"taxonomy":"post_tag","embeddable":true,"href":"https:\/\/elpuclitico.cl\/index.php\/wp-json\/wp\/v2\/tags?post=2742"}],"curies":[{"name":"wp","href":"https:\/\/api.w.org\/{rel}","templated":true}]}}