{"id":2786,"date":"2024-09-12T21:48:39","date_gmt":"2024-09-12T21:48:39","guid":{"rendered":"http:\/\/elpuclitico.cl\/?p=2786"},"modified":"2026-02-25T04:05:38","modified_gmt":"2026-02-25T04:05:38","slug":"bus-exige-cambio-de-nombre-del-auditorio-jaime-guzman","status":"publish","type":"post","link":"https:\/\/elpuclitico.cl\/index.php\/2024\/09\/12\/bus-exige-cambio-de-nombre-del-auditorio-jaime-guzman\/","title":{"rendered":"BUS exige cambio de nombre del auditorio Jaime Guzm\u00e1n"},"content":{"rendered":"\n<p><em>A trav\u00e9s de un comunicado p\u00fablico, y en colaboraci\u00f3n con los movimientos F.A, JJ.CC. y Surgencia, la Brigada Universitaria Socialista demand\u00f3 el cambio del nombre del auditorio y disculpas del Rector por participaci\u00f3n de exsenador en Comisi\u00f3n Ort\u00fazar.<\/em><\/p>\n\n\n\n<p>En el contexto de los 51 a\u00f1os del Golpe de Estado, la Brigada Universitaria Socialista en adhesi\u00f3n con Frente Amplio, Juventudes Comunistas y Surgencia, han abierto un petitorio en busca de cambiar el nombre de la sala \u201cJaime Guzm\u00e1n Err\u00e1zuriz\u201d ubicada en la Facultad de Derecho.&nbsp;<\/p>\n\n\n\n<p>El descontento se centra en el papel destacado que desempe\u00f1\u00f3 el exsenador chileno en la creaci\u00f3n de la \u201cComisi\u00f3n Ort\u00fazar\u201d y en la Constituci\u00f3n de 1980. En su comunicado, se argumenta que la existencia de una sala con el nombre de Jaime Guzm\u00e1n es problem\u00e1tica, especialmente considerando que la universidad recibe a visitantes externos para convenciones y eventos. Se pregunta: \u201c\u00bfAcaso no nos avergonzamos de que lleguen a nuestra universidad y vean c\u00f3mo se reconoce a una figura que fue parte de la destrucci\u00f3n de la democracia en Chile?\u201d Adem\u00e1s, se se\u00f1ala que la presencia de este nombre en la instituci\u00f3n puede ser vista como una afrenta a la memoria hist\u00f3rica y al bienestar de la comunidad universitaria, subrayando que la petici\u00f3n para cambiar el nombre va m\u00e1s all\u00e1 de las paredes del campus.&nbsp;<\/p>\n\n\n\n<p>Middleton, secretaria pol\u00edtica de la BUS, afirma: \u201cConsideramos fundamental para la formaci\u00f3n de nuestra universidad que cada miembro de nuestra comunidad se sienta c\u00f3modo, seguro y orgulloso de ella. Mantener el nombre de Jaime Guzm\u00e1n en una sala de nuestra facultad es un gesto que perjudica el bienestar com\u00fan.\u201d&nbsp;<\/p>\n\n\n\n<p>Adem\u00e1s, se solicitan las disculpas institucionales del Rector Ignacio S\u00e1nchez por su rol en la preservaci\u00f3n de dicha figura dentro de la universidad.&nbsp;En este contexto, Middleton a\u00f1ade: \u201cNecesitamos que el rector pida perd\u00f3n en nombre de la instituci\u00f3n a todos aquellos miembros de nuestra comunidad que cada vez que van a aquella sala, se les restriega el da\u00f1o que produjo la dictadura, y que Jaime Guzm\u00e1n se encarg\u00f3 de avalar legalmente\u201d. &nbsp;<\/p>\n","protected":false},"excerpt":{"rendered":"<p>A trav\u00e9s de un comunicado p\u00fablico, y en colaboraci\u00f3n con los movimientos F.A, JJ.CC. y Surgencia, la Brigada Universitaria Socialista demand\u00f3 el cambio del nombre del auditorio y disculpas del Rector por participaci\u00f3n de exsenador en Comisi\u00f3n Ort\u00fazar. En el contexto de los 51 a\u00f1os del Golpe de Estado, la Brigada Universitaria Socialista en adhesi\u00f3n [&hellip;]<\/p>\n","protected":false},"author":1,"featured_media":2787,"comment_status":"open","ping_status":"open","sticky":false,"template":"","format":"standard","meta":{"_eb_attr":"","_gspb_post_css":"","om_disable_all_campaigns":false,"_monsterinsights_skip_tracking":false,"_monsterinsights_sitenote_active":false,"_monsterinsights_sitenote_note":"","_monsterinsights_sitenote_category":0,"footnotes":""},"categories":[14,17],"tags":[22],"class_list":["post-2786","post","type-post","status-publish","format-standard","has-post-thumbnail","hentry","category-actualidad","category-politicauniversitaria","tag-destacado"],"blocksy_meta":[],"aioseo_notices":[],"_links":{"self":[{"href":"https:\/\/elpuclitico.cl\/index.php\/wp-json\/wp\/v2\/posts\/2786","targetHints":{"allow":["GET"]}}],"collection":[{"href":"https:\/\/elpuclitico.cl\/index.php\/wp-json\/wp\/v2\/posts"}],"about":[{"href":"https:\/\/elpuclitico.cl\/index.php\/wp-json\/wp\/v2\/types\/post"}],"author":[{"embeddable":true,"href":"https:\/\/elpuclitico.cl\/index.php\/wp-json\/wp\/v2\/users\/1"}],"replies":[{"embeddable":true,"href":"https:\/\/elpuclitico.cl\/index.php\/wp-json\/wp\/v2\/comments?post=2786"}],"version-history":[{"count":2,"href":"https:\/\/elpuclitico.cl\/index.php\/wp-json\/wp\/v2\/posts\/2786\/revisions"}],"predecessor-version":[{"id":4751,"href":"https:\/\/elpuclitico.cl\/index.php\/wp-json\/wp\/v2\/posts\/2786\/revisions\/4751"}],"wp:featuredmedia":[{"embeddable":true,"href":"https:\/\/elpuclitico.cl\/index.php\/wp-json\/wp\/v2\/media\/2787"}],"wp:attachment":[{"href":"https:\/\/elpuclitico.cl\/index.php\/wp-json\/wp\/v2\/media?parent=2786"}],"wp:term":[{"taxonomy":"category","embeddable":true,"href":"https:\/\/elpuclitico.cl\/index.php\/wp-json\/wp\/v2\/categories?post=2786"},{"taxonomy":"post_tag","embeddable":true,"href":"https:\/\/elpuclitico.cl\/index.php\/wp-json\/wp\/v2\/tags?post=2786"}],"curies":[{"name":"wp","href":"https:\/\/api.w.org\/{rel}","templated":true}]}}