{"id":2792,"date":"2024-09-14T23:57:02","date_gmt":"2024-09-14T23:57:02","guid":{"rendered":"http:\/\/elpuclitico.cl\/?p=2792"},"modified":"2025-12-28T23:25:41","modified_gmt":"2025-12-28T23:25:41","slug":"los-malabares-del-tricel-y-feuc-para-unas-elecciones-relampago","status":"publish","type":"post","link":"https:\/\/elpuclitico.cl\/index.php\/2024\/09\/14\/los-malabares-del-tricel-y-feuc-para-unas-elecciones-relampago\/","title":{"rendered":"Los malabares del TRICEL y FEUC para unas elecciones rel\u00e1mpago\u00a0\u00a0"},"content":{"rendered":"\n<p><em>El adelanto de las elecciones FEUC, aprobado con los votos favorables de NAU, MG, y Solidaridad, fue criticado por diversos movimientos y partidos pol\u00edticos de la universidad, quienes tildaron la decisi\u00f3n de \u201cirresponsable\u201d y \u201cdesesperada\u201d.&nbsp;<\/em>&nbsp;<\/p>\n\n\n\n<p>El pasado 5 de septiembre el Consejo Ejecutivo decidi\u00f3 que las elecciones para la FEUC, la Consejer\u00eda Superior y las Consejer\u00edas Territoriales se realizar\u00e1n los pr\u00f3ximos 8 y 9 de octubre. Catalina Jofr\u00e9, actual presidenta de la Federaci\u00f3n de Estudiantes de la UC, present\u00f3 esta sugerencia al TRICEL y fue aprobada por el Consejo. Seg\u00fan lo anterior, los comicios se realizar\u00e1n en una fecha m\u00e1s temprana que en a\u00f1os anteriores, que coincidir\u00e1n con la Feria Novata.\u00a0<\/p>\n\n\n\n<p>La reforma erigida por la FEUC fue aprobada en el Consejo y consta de cuatro art\u00edculos. Primero: la \u201ctransitoriedad\u201d, es decir, que las modificaciones estatutarias solo rigen para este proceso eleccionario de cara al periodo 2024-25. Segundo: la determinaci\u00f3n de esca\u00f1os de Consejer\u00edas Territoriales, donde el Ejecutivo, de existir \u201cmodificaciones sustanciales en la distribuci\u00f3n de estudiantes\u201d en un territorio determinado, \u201cpropondr\u00e1 al Consejo las modificaciones al sistema de circunscripciones que sean necesarias\u201d. Tercero: la modificaci\u00f3n a la fecha del cambio de mando, donde \u201cLa Directiva, la Consejer\u00eda Superior y los Consejeros electos asumir\u00e1n sus funciones 30 d\u00edas h\u00e1biles luego de la proclamaci\u00f3n oficial\u201d, y tambi\u00e9n el alcance respecto al TRICEL que \u201ctendr\u00e1 un m\u00e1ximo de 5 d\u00edas para cumplir su cometido, contados a partir de la finalizaci\u00f3n total del proceso\u201d. Cuarto: la modificaci\u00f3n en la fecha de elecciones, donde la elecci\u00f3n \u201cse verificar\u00e1 dentro de los meses de octubre y\/o noviembre, en una fecha que ser\u00e1 determinada por el Presidente en ejercicio, en acuerdo con el ejecutivo, por lo menos con 15 d\u00edas h\u00e1biles de anticipaci\u00f3n\u201d.&nbsp;<\/p>\n\n\n\n<p>En este contexto, Ro Zuleta, Encargada Pol\u00edtica del Frente Amplio UC, se\u00f1al\u00f3 que hay una \u201ccancha dispareja\u201d en cuanto a la socializaci\u00f3n de la propuesta desde la Federaci\u00f3n. Asimismo, acus\u00f3 que esta decisi\u00f3n no se convers\u00f3 con el resto de los movimientos y partidos pol\u00edticos, ni con los centros de estudiantes: \u201cEntendemos que la federaci\u00f3n s\u00ed tuvo conversaciones con algunos centros de estudiantes, pero particularmente aquellos de territorios m\u00e1s peque\u00f1os, de carreras m\u00e1s peque\u00f1as, fueron dejados de lado de esta conversaci\u00f3n\u201d, agreg\u00f3.&nbsp;<\/p>\n\n\n\n<p>En relaci\u00f3n con esto, Zuleta coment\u00f3: \u201cHay una clara cancha dispareja en cuanto al manejo de la informaci\u00f3n respecto a esta fecha. [&#8230;] Es injusto para el resto de los movimientos y partidos que no son la Nueva Acci\u00f3n Universitaria\u201d, refiri\u00e9ndose espec\u00edficamente al cambio de fecha.&nbsp;<\/p>\n\n\n\n<p>Desde la FEUC, se argument\u00f3 que la decisi\u00f3n respond\u00eda a la necesidad de asegurar el qu\u00f3rum, el cual ha sido dif\u00edcil de alcanzar en los \u00faltimos procesos electorales. En este contexto, el a\u00f1o pasado, durante la primera vuelta de las elecciones, el qu\u00f3rum oficial fue del 48,78%. De los 27.677 estudiantes habilitados para votar, participaron 13.500. Para alcanzar el umbral del 50% m\u00e1s uno, faltaron 339 estudiantes.&nbsp;&nbsp;<\/p>\n\n\n\n<p>Esta justificaci\u00f3n ha generado opiniones divididas. Desde el NAU! se\u00f1alaron que \u201cel verdadero desaf\u00edo que todos los movimientos deben enfrentar es el qu\u00f3rum, y las decisiones en la Federaci\u00f3n, as\u00ed como las de los distintos representantes, deben siempre priorizar la democracia\u201d. Valentina Salda\u00f1a, miembro del TRICEL por la NAU! Declar\u00f3 para otra pieza de El PUCl\u00edtico: \u201cCualquiera de las propuestas que haya hecho la FEUC en base de aumentar el quorum siempre es bueno\u201d.&nbsp;&nbsp;<\/p>\n\n\n\n<p>En una l\u00ednea similar, el grupo Solidaridad destac\u00f3 la falta de alternativas en las fechas para la celebraci\u00f3n de los comicios. Confiados en el trabajo anual, Jean Joublan, miembro de solidaridad, se\u00f1al\u00f3 que la decisi\u00f3n la tomaban con calma y que no les causaba mayor conmoci\u00f3n. En ese sentido, destacaron que octubre no pose\u00eda muchas otras fechas como opciones.&nbsp;<\/p>\n\n\n\n<p>Sin embargo, Joublan reconoci\u00f3 que el cambio de fecha tom\u00f3 desprevenido algunos movimientos, expresando que \u201cafecta sus log\u00edsticas, afecta a sus procesos internos que, s\u00ed en algunos movimientos puede afectar mucho\u201d.&nbsp;<\/p>\n\n\n\n<p>Por otro lado, los grupos Avanzar, Frente Amplio y JJ.CC. criticaron la decisi\u00f3n, se\u00f1alando que la falta de anticipaci\u00f3n les ha afectado. En este sentido, Alonso Maga\u00f1a, coordinador de Avanzar, acus\u00f3 a la federaci\u00f3n de actuar de manera irresponsable, subrayando que la decisi\u00f3n beneficia \u00fanicamente a los movimientos con mayor trayectoria en la universidad, como el NAU o el MG.&nbsp;<\/p>\n\n\n\n<p>Por su parte, desde la JJ.CC. se\u00f1alaron que \u201cel adelanto de las fechas de votaci\u00f3n es un acto desesperado de la Nueva Acci\u00f3n Universitaria por miedo a no poder seguir perpetuando su salida federativa como todos los a\u00f1os\u201d, acusando que la decisi\u00f3n no contribuir\u00eda a alcanzar el qu\u00f3rum, ya que no se informa correctamente sobre los programas de las listas. Una cr\u00edtica similar hizo Maga\u00f1a (AVZ), quien opin\u00f3 que esta decisi\u00f3n afectar\u00e1 a\u00fan m\u00e1s la participaci\u00f3n estudiantil en la pol\u00edtica universitaria. A\u00f1adi\u00f3 que, aunque la participaci\u00f3n tambi\u00e9n ha sido influenciada por factores externos, \u201cel paup\u00e9rrimo trabajo que se ha venido haciendo desde el 2018-2019, cuando la NAU volvi\u00f3 a la federaci\u00f3n, ha ido mermando la adherencia de los estudiantes a la pol\u00edtica universitaria\u201d.&nbsp;<\/p>\n\n\n\n<p>En este contexto, Leonor Terz\u00e1n, militante de la JJ.CC. y recientemente nombrada ministra del TRICEL por Gabriel Abbagliati, exministro del mismo organismo, argument\u00f3 que la falta de tiempo para desarrollar propuestas program\u00e1ticas adecuadas contribuye a la desafecci\u00f3n de los estudiantes de la UC, quienes consideran poco relevantes los programas ofrecidos por los movimientos. Terz\u00e1n tambi\u00e9n se\u00f1al\u00f3 que la medida no ayudar\u00e1 a alcanzar el qu\u00f3rum, calific\u00e1ndola de \u201cuna medida parche, una medida desesperada por parte de ciertos movimientos\u201d. Seg\u00fan ella, el verdadero problema de la participaci\u00f3n radica en la forma en que se hace pol\u00edtica en la universidad.&nbsp;<\/p>\n\n\n\n<p>Francisca Ayala, Secretaria General del Centro de Estudiantes de Ciencia Pol\u00edtica (CECIP), expres\u00f3 su preocupaci\u00f3n como representante: \u201cEsto se percibe solo a nivel de los centros de Humanidades, pero nos dio la impresi\u00f3n de que la decisi\u00f3n hab\u00eda sido discutida previamente entre algunos movimientos, ya que no recibimos quejas de Solidaridad ni del MG, lo cual es contrario a lo que uno esperar\u00eda\u201d.\u00a0<\/p>\n\n\n\n<p>Adem\u00e1s, Ayala critic\u00f3 la falta de consulta e informaci\u00f3n previa: \u201cPara los centros, esto ha sido una falta de respeto. Somos quienes organizamos las elecciones en nuestras respectivas carreras, coordinando datos y otros aspectos importantes. No se nos consult\u00f3 ni se nos inform\u00f3 por parte de la FEUC antes de hacer un cambio tan dr\u00e1stico a estas alturas del a\u00f1o\u201d.\u00a0<\/p>\n\n\n\n<p>Es importante se\u00f1alar que esta decisi\u00f3n tambi\u00e9n afecta a los Centros de Estudiantes, que deber\u00e1n preparar el padr\u00f3n con mayor anticipaci\u00f3n en comparaci\u00f3n con procesos electorales anteriores. Adem\u00e1s, la coincidencia de los comicios con la Feria Novata de este a\u00f1o exigir\u00e1 un mayor esfuerzo por parte de los organismos universitarios.&nbsp;&nbsp;<\/p>\n\n\n\n<p>Monchi Cabrera, CT de Lo Contador por la NAU, respondi\u00f3 a estas cr\u00edticas, resaltando la complejidad de los procesos de votaci\u00f3n, y que la decisi\u00f3n de un cambio de fecha se enmarca en la b\u00fasqueda de una estrategia concreta, que velara por la democracia y por combatir el qu\u00f3rum, ya que, seg\u00fan comentaba, \u201chay muchos m\u00e1s estudiantes en esta fecha que en noviembre, que es la fecha inicial de las votaciones\u201d.&nbsp;<\/p>\n\n\n\n<p>Recalc\u00f3 que todos los movimientos deber\u00edan tener claro que buscar alcanzar el qu\u00f3rum debe ser un objetivo com\u00fan, y que las decisiones de la Federaci\u00f3n y sus representantes deben velar por la democracia: \u201cDecir que esto s\u00f3lo beneficiar\u00eda a la NAU es una estrategia de un claro ejemplo de desconexi\u00f3n con la participaci\u00f3n de distintos movimientos de la UC, y una cu\u00f1a barata que tienen algunos movimientos.&nbsp;<\/p>\n\n\n\n<p>Movimiento Gremial fue consultado para participar en este reportaje, pero no respondieron.&nbsp;<\/p>\n","protected":false},"excerpt":{"rendered":"<p>El adelanto de las elecciones FEUC, aprobado con los votos favorables de NAU, MG, y Solidaridad, fue criticado por diversos movimientos y partidos pol\u00edticos de la universidad, quienes tildaron la decisi\u00f3n de \u201cirresponsable\u201d y \u201cdesesperada\u201d.&nbsp;&nbsp; El pasado 5 de septiembre el Consejo Ejecutivo decidi\u00f3 que las elecciones para la FEUC, la Consejer\u00eda Superior y las [&hellip;]<\/p>\n","protected":false},"author":1,"featured_media":2793,"comment_status":"open","ping_status":"open","sticky":false,"template":"","format":"standard","meta":{"_eb_attr":"","_gspb_post_css":"","om_disable_all_campaigns":false,"_monsterinsights_skip_tracking":false,"_monsterinsights_sitenote_active":false,"_monsterinsights_sitenote_note":"","_monsterinsights_sitenote_category":0,"footnotes":""},"categories":[14,44,17],"tags":[22],"class_list":["post-2792","post","type-post","status-publish","format-standard","has-post-thumbnail","hentry","category-actualidad","category-elecciones-feuc-2025","category-politicauniversitaria","tag-destacado"],"blocksy_meta":[],"aioseo_notices":[],"_links":{"self":[{"href":"https:\/\/elpuclitico.cl\/index.php\/wp-json\/wp\/v2\/posts\/2792","targetHints":{"allow":["GET"]}}],"collection":[{"href":"https:\/\/elpuclitico.cl\/index.php\/wp-json\/wp\/v2\/posts"}],"about":[{"href":"https:\/\/elpuclitico.cl\/index.php\/wp-json\/wp\/v2\/types\/post"}],"author":[{"embeddable":true,"href":"https:\/\/elpuclitico.cl\/index.php\/wp-json\/wp\/v2\/users\/1"}],"replies":[{"embeddable":true,"href":"https:\/\/elpuclitico.cl\/index.php\/wp-json\/wp\/v2\/comments?post=2792"}],"version-history":[{"count":7,"href":"https:\/\/elpuclitico.cl\/index.php\/wp-json\/wp\/v2\/posts\/2792\/revisions"}],"predecessor-version":[{"id":2800,"href":"https:\/\/elpuclitico.cl\/index.php\/wp-json\/wp\/v2\/posts\/2792\/revisions\/2800"}],"wp:featuredmedia":[{"embeddable":true,"href":"https:\/\/elpuclitico.cl\/index.php\/wp-json\/wp\/v2\/media\/2793"}],"wp:attachment":[{"href":"https:\/\/elpuclitico.cl\/index.php\/wp-json\/wp\/v2\/media?parent=2792"}],"wp:term":[{"taxonomy":"category","embeddable":true,"href":"https:\/\/elpuclitico.cl\/index.php\/wp-json\/wp\/v2\/categories?post=2792"},{"taxonomy":"post_tag","embeddable":true,"href":"https:\/\/elpuclitico.cl\/index.php\/wp-json\/wp\/v2\/tags?post=2792"}],"curies":[{"name":"wp","href":"https:\/\/api.w.org\/{rel}","templated":true}]}}