{"id":2859,"date":"2024-09-25T17:20:23","date_gmt":"2024-09-25T17:20:23","guid":{"rendered":"http:\/\/elpuclitico.cl\/?p=2859"},"modified":"2025-12-29T19:51:18","modified_gmt":"2025-12-29T19:51:18","slug":"lorena-medina-no-me-imagino-una-terna-sin-una-mujer","status":"publish","type":"post","link":"https:\/\/elpuclitico.cl\/index.php\/2024\/09\/25\/lorena-medina-no-me-imagino-una-terna-sin-una-mujer\/","title":{"rendered":"Lorena Medina: \u201cNo me imagino una terna sin una mujer\u201d\u00a0"},"content":{"rendered":"\n<p><em>El pasado 29 de agosto, Lorena Medina, profesora de la Facultad de Educaci\u00f3n y Letras y exdecana de Educaci\u00f3n en la Universidad Cat\u00f3lica, convers\u00f3 con El PUCl\u00edtico sobre su trayectoria y la posibilidad de asumir la rector\u00eda. \u00abQuiero ser rectora porque creo firmemente en el potencial transformador que tiene la educaci\u00f3n\u00bb, expres\u00f3 Lorena en la entrevista.<\/em><\/p>\n\n\n\n<p>Lorena Medina estudi\u00f3 en el emblem\u00e1tico Liceo 1, luego ingres\u00f3 a la universidad para estudiar Letras y tambi\u00e9n ser Licenciada en Pedagog\u00eda. Despu\u00e9s de unos a\u00f1os haciendo clases, se fue a hacer un doctorado en Psicolog\u00eda con Menci\u00f3n en Aprendizaje de Instrucci\u00f3n. Cuando regres\u00f3, volvi\u00f3 a trabajar haciendo clases en la Facultad de Educaci\u00f3n, en donde fue decana el a\u00f1o 2015 y el 2021. Trabaj\u00f3 en proyectos como la creaci\u00f3n del Penta UC, la creaci\u00f3n e instalaci\u00f3n de la Biblioteca Escolar Futuro UC y en ELEDUC (En libertad de Educaci\u00f3n), un programa educativo. Trabaj\u00f3 con mujeres del Centro Penitenciario Femenino de San Joaqu\u00edn para acompa\u00f1arlas en un proceso de tres etapas que las prepara para la educaci\u00f3n superior, las acompa\u00f1a una vez que ingresan, mientras que a su egreso las apoya para la inserci\u00f3n laboral, entre otros m\u00e1s. Hoy, adem\u00e1s de dedicarse al ramo de discurso, est\u00e1 \u201ccomo directora alterna de un centro basal de investigaci\u00f3n en ciencias\u201d. En este \u00faltimo, se dedican a realizar estudios de cambio clim\u00e1tico y conservaci\u00f3n biocultural en Puerto Williams.&nbsp;<\/p>\n\n\n\n<p>Lorena ha tenido una trayectoria acad\u00e9mica muy amplia, desde haber sido decana mujer en la universidad hasta participar como encargada de educaci\u00f3n en la campa\u00f1a de la excandidata presidencial Yasna Provoste. \u201cMuchas de las ideas que estaban en nuestro programa est\u00e1n hoy d\u00eda haci\u00e9ndose en el gobierno\u201d. De hecho, en el proyecto que est\u00e1 trabajando en Puerto Williams es un piloto de curr\u00edculum pertinente del territorio. \u201cA la unidad de curr\u00edculum del MINEDUC le interes\u00f3 much\u00edsimo el proyecto y vamos a firmar un convenio ahora (&#8230;) es un aporte a la pol\u00edtica p\u00fablica s\u00faper potente (&#8230;)\u201d. Asimismo, destaca que \u201cme han llamado en distintos gobiernos y en todos he ido (&#8230;) no soy militante ning\u00fan partido ni tengo el apoyo de ning\u00fan partido\u201d.\u00a0<\/p>\n\n\n\n<p><strong>Decanato 2015 y 2021<\/strong><\/p>\n\n\n\n<p>Cuando Medina participaba activamente como decana, fue presidenta de Decanos de Educaci\u00f3n de Chile del CRUCH. En el Consejo Nacional de Decanos de las Facultades de Educaci\u00f3n nace un proyecto en conjunto a una fundaci\u00f3n internacional para crear una red latinoamericana de facultades de educaci\u00f3n. \u201cCreamos una red que se llama Redecanedu. Yo la dej\u00e9 cuando me fui del Decanato y hoy d\u00eda tiene casi 50 facultades de Educaci\u00f3n latinoamericanas de 14 pa\u00edses que se re\u00fanen\u201d.&nbsp;&nbsp;<\/p>\n\n\n\n<p>Frente a los meses que vienen, Medina est\u00e1 convencida de que puede ser una buena opci\u00f3n para rector\u00eda. Este proceso, explica, \u201cha sido un poco distinto a otros, despu\u00e9s de 15 a\u00f1os del rector S\u00e1nchez. Esto es casi como nuevo en el sentido de que por primera vez hay como m\u00e1s ansiedad en lo que est\u00e1 pasando\u201d.&nbsp;<\/p>\n\n\n\n<p>Por esto, Lorena se siente capaz de ser una opci\u00f3n, pero quer\u00eda sentir el apoyo. \u201cCreo que es el momento de que haya un cambio, que haya una mujer en la rector\u00eda no es malo\u201d. Reconoce que estuvo \u00abmucho tiempo siendo la \u00fanica mujer decana en el Consejo Superior. Ese cambio ha sido m\u00e1s lento al interior de la Facultades porque se sigue votando m\u00e1s hombres que mujeres (&#8230;)\u201d.&nbsp;<\/p>\n\n\n\n<p>Sin embargo, ante la posibilidad de ser decana, dice: \u201cTengo una convicci\u00f3n potente de que podr\u00eda hacerlo bien y que tengo una experiencia de gesti\u00f3n importante (&#8230;) en ese sentido creo que puede ser un aporte interesante y ojo no solo por ser mujer (&#8230;) es porque uno tiene una carrera acad\u00e9mica, uno tiene una experiencia, uno ha trabajado y adem\u00e1s es mujer lo cual es maravilloso\u201d.&nbsp;<\/p>\n\n\n\n<p>\u201cSi soy una mujer en la terna, creo que ser\u00eda maravilloso (&#8230;) no me imagino una terna sin una mujer. Y me encantar\u00eda ser esa mujer en ese sentido\u201d&nbsp;<\/p>\n\n\n\n<p><strong>Programa y lineamientos<\/strong><\/p>\n\n\n\n<p>Lorena, en estos meses de espera por el trabajo del comit\u00e9 de b\u00fasqueda, elabor\u00f3 una propuesta. No solo en temas de equidad de g\u00e9nero, sino que tambi\u00e9n, la atenci\u00f3n a la diversidad. En el programa se presentan los lineamientos como \u201cla participaci\u00f3n y colaboraci\u00f3n de todas y todos los estamentos en los proyectos que son ejes fundamentales de la Universidad; una UC que se compromete con el bienestar, el cuidado de la salud de todos sus miembros; una universidad integrada con otra educaci\u00f3n, con otras instituciones de educaci\u00f3n superior y, una Universidad Cat\u00f3lica con este profundo di\u00e1logo entre fe y raz\u00f3n, desde el punto de vista cristiano, la acogida a todas las diversidades que quieran estar en esta universidad.\u201d&nbsp;&nbsp;<\/p>\n\n\n\n<p>Afirma que \u201cesta universidad, adem\u00e1s de ser un basti\u00f3n de construcci\u00f3n, de conocimientos y de excelencia, tiene que ser un espacio de construcci\u00f3n, de inclusi\u00f3n, de igualdad, de terminar un poquito con las brechas que tenemos. Necesitamos que las universidades se han portadoras de un mensaje distinto\u201d.&nbsp;<\/p>\n\n\n\n<p><strong>La posibilidad&nbsp;<\/strong>&nbsp;<\/p>\n\n\n\n<p>Existe la posibilidad de que salga una rectora para liderar la universidad los pr\u00f3ximos cinco a\u00f1os. Lorena, espera los resultados, \u201cesta universidad ha cambiado mucho y creo que nos conocen poco desde fuera (&#8230;) tenemos una labor que hacer para mostrar la historia de la Universidad, la voz femenina ha estado siempre presente (&#8230;) esta universidad tiene grandes mujeres, grandes acad\u00e9micas, funcionarias, profesionales\u201d.&nbsp;<\/p>\n\n\n\n<p>\u201cYo quiero ser una voz que abra caminos a otras mujeres, que lidere con di\u00e1logo, con empat\u00eda (&#8230;) Me gustar\u00eda construir un entorno donde cada estudiante, profesor, profesora, funcionaria de aseo, profesional, sienta que esto es un espacio en el que puede crecer\u201d.&nbsp;&nbsp;<\/p>\n\n\n\n<p>Medina, ha trabajado en conjunto con los estudiantes para conseguir los diversos proyectos que ha presentado. \u201cPara m\u00ed las y los estudiantes son el centro de nuestro quehacer (&#8230;) intentar\u00e9 de ser rectora, intentar\u00e9 que sientan ese lugar central, que se sientan parte y part\u00edcipe en el di\u00e1logo, de las decisiones m\u00e1s importantes de la Universidad\u201d.&nbsp;<\/p>\n\n\n\n<p>Por esto mismo, agrega \u201cquiero ser rectora porque creo firmemente en el potencial transformador que tiene la educaci\u00f3n\u201d.&nbsp;<\/p>\n\n\n\n<p>Finalmente, Lorena comenta a la comunidad: \u201cVoy a estar siempre disponible y abierta a las conversaciones, y ante cualquier centro de estudiante, consejera o consejero, presidente o presidenta FEUC. Voy a estar para conversar con quien quiera conversar, siempre y cuando el tiempo y la salud me lo permita\u201d.&nbsp;&nbsp;<\/p>\n","protected":false},"excerpt":{"rendered":"<p>El pasado 29 de agosto, Lorena Medina, profesora de la Facultad de Educaci\u00f3n y Letras y exdecana de Educaci\u00f3n en la Universidad Cat\u00f3lica, convers\u00f3 con El PUCl\u00edtico sobre su trayectoria y la posibilidad de asumir la rector\u00eda. \u00abQuiero ser rectora porque creo firmemente en el potencial transformador que tiene la educaci\u00f3n\u00bb, expres\u00f3 Lorena en la [&hellip;]<\/p>\n","protected":false},"author":1,"featured_media":2860,"comment_status":"open","ping_status":"open","sticky":false,"template":"","format":"standard","meta":{"_eb_attr":"","_gspb_post_css":"","om_disable_all_campaigns":false,"_monsterinsights_skip_tracking":false,"_monsterinsights_sitenote_active":false,"_monsterinsights_sitenote_note":"","_monsterinsights_sitenote_category":0,"footnotes":""},"categories":[14],"tags":[22],"class_list":["post-2859","post","type-post","status-publish","format-standard","has-post-thumbnail","hentry","category-actualidad","tag-destacado"],"blocksy_meta":[],"aioseo_notices":[],"_links":{"self":[{"href":"https:\/\/elpuclitico.cl\/index.php\/wp-json\/wp\/v2\/posts\/2859","targetHints":{"allow":["GET"]}}],"collection":[{"href":"https:\/\/elpuclitico.cl\/index.php\/wp-json\/wp\/v2\/posts"}],"about":[{"href":"https:\/\/elpuclitico.cl\/index.php\/wp-json\/wp\/v2\/types\/post"}],"author":[{"embeddable":true,"href":"https:\/\/elpuclitico.cl\/index.php\/wp-json\/wp\/v2\/users\/1"}],"replies":[{"embeddable":true,"href":"https:\/\/elpuclitico.cl\/index.php\/wp-json\/wp\/v2\/comments?post=2859"}],"version-history":[{"count":4,"href":"https:\/\/elpuclitico.cl\/index.php\/wp-json\/wp\/v2\/posts\/2859\/revisions"}],"predecessor-version":[{"id":2866,"href":"https:\/\/elpuclitico.cl\/index.php\/wp-json\/wp\/v2\/posts\/2859\/revisions\/2866"}],"wp:featuredmedia":[{"embeddable":true,"href":"https:\/\/elpuclitico.cl\/index.php\/wp-json\/wp\/v2\/media\/2860"}],"wp:attachment":[{"href":"https:\/\/elpuclitico.cl\/index.php\/wp-json\/wp\/v2\/media?parent=2859"}],"wp:term":[{"taxonomy":"category","embeddable":true,"href":"https:\/\/elpuclitico.cl\/index.php\/wp-json\/wp\/v2\/categories?post=2859"},{"taxonomy":"post_tag","embeddable":true,"href":"https:\/\/elpuclitico.cl\/index.php\/wp-json\/wp\/v2\/tags?post=2859"}],"curies":[{"name":"wp","href":"https:\/\/api.w.org\/{rel}","templated":true}]}}