{"id":2874,"date":"2024-09-27T16:01:50","date_gmt":"2024-09-27T16:01:50","guid":{"rendered":"http:\/\/elpuclitico.cl\/?p=2874"},"modified":"2025-12-28T22:20:32","modified_gmt":"2025-12-28T22:20:32","slug":"entre-polemicas-y-renuncias-evelyn-rojas-es-electa-nueva-presidenta-del-tricel","status":"publish","type":"post","link":"https:\/\/elpuclitico.cl\/index.php\/2024\/09\/27\/entre-polemicas-y-renuncias-evelyn-rojas-es-electa-nueva-presidenta-del-tricel\/","title":{"rendered":"Entre pol\u00e9micas y renuncias: Evelyn Rojas es electa nueva presidenta del TRICEL\u00a0"},"content":{"rendered":"\n<p><em>En la jornada del tribunal de este jueves, y madrugada del viernes, Isidora Contreras (NAU!) renunci\u00f3 frente a las acusaciones de conducta inapropiada por parte de ministros del TRICEL y otros asistentes. Por votaci\u00f3n un\u00e1nime, Evelyn Rojas (AVZ) fue electa nueva presidenta.\u00a0<\/em><\/p>\n\n\n\n<p>En la s\u00e9ptima sesi\u00f3n del TRICEL realizada esta semana, que comenz\u00f3 a las 21 horas y se extendi\u00f3 por 7 horas, se abordaron diversas tem\u00e1ticas en preparaci\u00f3n para las pr\u00f3ximas elecciones de la FEUC y el CS. Sin embargo, la reuni\u00f3n tambi\u00e9n incluy\u00f3 puntos controversiales, como un error administrativo en el que Isidora Contreras, expresidenta del TRICEL, se disculp\u00f3 ante los dem\u00e1s ministros, aclarando que su intenci\u00f3n nunca fue atacar a nadie.\u00a0<\/p>\n\n\n\n<p>El tema central de esta controversia surgi\u00f3 cuando la presidencia del TRICEL decidi\u00f3 emplazar al exmiembro del Tribunal, Gabriel Abbagliati (Otra Era) por la supuesta edici\u00f3n del documento de preinscripci\u00f3n tras su renuncia. Durante la reuni\u00f3n, se verific\u00f3 que Abbagliati no realiz\u00f3 ninguna modificaci\u00f3n, pero s\u00ed lo hizo Javier del Valle, ministro de fe del organismo. Ante esta situaci\u00f3n, Lydia Carrasco propuso invalidar la preinscripci\u00f3n y destituir a Isidora Contreras como presidenta del TRICEL debido a las malas pr\u00e1cticas observadas.&nbsp;&nbsp;<\/p>\n\n\n\n<p>Entre las acusaciones de malas pr\u00e1cticas se encuentran que el ministro de fe, del Valle, tuvo atribuciones que deber\u00edan corresponder solo a los ministros del tribunal. Adem\u00e1s, durante la reuni\u00f3n, Isidora Contreras envi\u00f3 por error un mensaje al grupo de Whatsapp de TRICEL elecciones FEUC-CS 2025, en el que insultaba a Evelyn Rojas, TRICEL de Avanzar. El mensaje dec\u00eda \u00abDel manual dice la culia\u00bb (SIC), refiri\u00e9ndose al manual por el cual se rige el organismo. Agregado a esto, los otros miembros del Tribunal denunciaron malos tratos y acusaciones mutuas entre integrantes.&nbsp;<\/p>\n\n\n\n<p>Tras horas de intenso debate, Contreras present\u00f3 su renuncia al tribunal, la cual fue aceptada un\u00e1nimemente por los miembros del organismo. Isidora expres\u00f3 sus \u00faltimas palabras antes de la votaci\u00f3n sobre su renuncia: \u00abPerd\u00f3n por no haber estado a la altura del cargo. No fue nunca mi intenci\u00f3n; siempre quise dar lo mejor de m\u00ed. Lo intent\u00e9, pero tal vez la experiencia me jug\u00f3 en contra. [&#8230;] Espero genuinamente que este proceso salga lo mejor posible, pese a la mala gesti\u00f3n que quiz\u00e1s tuve en esta instancia.\u00bb As\u00ed, Avanzar, NAU!, Otra Era, Independientes y Surgencia aprobaron la renuncia de Isidora a la presidencia.&nbsp;<\/p>\n\n\n\n<p>Dada la necesidad de una nueva presidencia para continuar organizando los aspectos de las pr\u00f3ximas elecciones, Lydia Carrasco nomin\u00f3 a Evelyn Rojas para que asumiera el cargo de presidenta del TRICEL. Sin que se presentara otra candidatura, y con el respaldo de todas las duplas en la votaci\u00f3n, Evelyn Rojas fue oficialmente elegida nueva presidenta del TRICEL.&nbsp;<\/p>\n\n\n\n<p>Evelyn Rojas, ahora presidenta del TRICEL, convers\u00f3 con el PUCl\u00edtico sobre lo acontecido en la s\u00e9ptima reuni\u00f3n del tribunal.&nbsp;<\/p>\n\n\n\n<p>\u201cEsto no fue una decisi\u00f3n pol\u00edtica; no tuvo que ver con pol\u00edticas, sino que se bas\u00f3, nuevamente, en el profesionalismo y la rigurosidad. Lo que pas\u00f3 con la presidencia fue precisamente eso: el resultado de un an\u00e1lisis basado en el profesionalismo y la rigurosidad\u201d, declara Rojas sobre la destituci\u00f3n de Contreras como presidenta del Tribunal. De igual manera, cree que \u201ces fundamental mantener la norma de que las felicitaciones son p\u00fablicas y las cr\u00edticas son privadas\u201d, y agrega que cualquier cr\u00edtica, o comentario sobre lo ocurrido en la sesi\u00f3n, se la comunicar\u00e1 a Isidora de forma privada.&nbsp;<\/p>\n\n\n\n<p>En relaci\u00f3n a la manipulaci\u00f3n del formulario de preinscripci\u00f3n por parte de externos, lo que llev\u00f3 a la anulaci\u00f3n de este mismo, Rojas menciona que \u201cno es un asunto que deba considerarse menor, porque cuando se tiene un documento que contiene informaci\u00f3n sensible, esa informaci\u00f3n debe permanecer pura. Debe llegar tal como fue recibida a las manos de las autoridades competentes, en este caso, la DAE\u201d. En la misma l\u00ednea, afirma que, a pesar de que esta medida puede considerarse extrema por algunos, \u201cen la rigurosidad no puede haber espacio para la duda\u201d.&nbsp;<\/p>\n\n\n\n<p><\/p>\n","protected":false},"excerpt":{"rendered":"<p>En la jornada del tribunal de este jueves, y madrugada del viernes, Isidora Contreras (NAU!) renunci\u00f3 frente a las acusaciones de conducta inapropiada por parte de ministros del TRICEL y otros asistentes. Por votaci\u00f3n un\u00e1nime, Evelyn Rojas (AVZ) fue electa nueva presidenta.\u00a0 En la s\u00e9ptima sesi\u00f3n del TRICEL realizada esta semana, que comenz\u00f3 a las [&hellip;]<\/p>\n","protected":false},"author":1,"featured_media":2876,"comment_status":"open","ping_status":"open","sticky":false,"template":"","format":"standard","meta":{"_eb_attr":"","_gspb_post_css":"","om_disable_all_campaigns":false,"_monsterinsights_skip_tracking":false,"_monsterinsights_sitenote_active":false,"_monsterinsights_sitenote_note":"","_monsterinsights_sitenote_category":0,"footnotes":""},"categories":[14,44,17],"tags":[22],"class_list":["post-2874","post","type-post","status-publish","format-standard","has-post-thumbnail","hentry","category-actualidad","category-elecciones-feuc-2025","category-politicauniversitaria","tag-destacado"],"blocksy_meta":[],"aioseo_notices":[],"_links":{"self":[{"href":"https:\/\/elpuclitico.cl\/index.php\/wp-json\/wp\/v2\/posts\/2874","targetHints":{"allow":["GET"]}}],"collection":[{"href":"https:\/\/elpuclitico.cl\/index.php\/wp-json\/wp\/v2\/posts"}],"about":[{"href":"https:\/\/elpuclitico.cl\/index.php\/wp-json\/wp\/v2\/types\/post"}],"author":[{"embeddable":true,"href":"https:\/\/elpuclitico.cl\/index.php\/wp-json\/wp\/v2\/users\/1"}],"replies":[{"embeddable":true,"href":"https:\/\/elpuclitico.cl\/index.php\/wp-json\/wp\/v2\/comments?post=2874"}],"version-history":[{"count":3,"href":"https:\/\/elpuclitico.cl\/index.php\/wp-json\/wp\/v2\/posts\/2874\/revisions"}],"predecessor-version":[{"id":2880,"href":"https:\/\/elpuclitico.cl\/index.php\/wp-json\/wp\/v2\/posts\/2874\/revisions\/2880"}],"wp:featuredmedia":[{"embeddable":true,"href":"https:\/\/elpuclitico.cl\/index.php\/wp-json\/wp\/v2\/media\/2876"}],"wp:attachment":[{"href":"https:\/\/elpuclitico.cl\/index.php\/wp-json\/wp\/v2\/media?parent=2874"}],"wp:term":[{"taxonomy":"category","embeddable":true,"href":"https:\/\/elpuclitico.cl\/index.php\/wp-json\/wp\/v2\/categories?post=2874"},{"taxonomy":"post_tag","embeddable":true,"href":"https:\/\/elpuclitico.cl\/index.php\/wp-json\/wp\/v2\/tags?post=2874"}],"curies":[{"name":"wp","href":"https:\/\/api.w.org\/{rel}","templated":true}]}}