{"id":2885,"date":"2024-09-28T00:12:33","date_gmt":"2024-09-28T00:12:33","guid":{"rendered":"https:\/\/elpuclitico.cl\/?p=2885"},"modified":"2025-12-28T23:23:29","modified_gmt":"2025-12-28T23:23:29","slug":"preinscripcion-anulada-e-inscripcion-retrasada","status":"publish","type":"post","link":"https:\/\/elpuclitico.cl\/index.php\/2024\/09\/28\/preinscripcion-anulada-e-inscripcion-retrasada\/","title":{"rendered":"Preinscripci\u00f3n anulada e inscripci\u00f3n retrasada"},"content":{"rendered":"\n<p><em>TRICEL invalida preinscripci\u00f3n de candidaturas de elecciones tras dudas sobre posible manipulaci\u00f3n del formulario y aplaza inscripci\u00f3n oficial para el lunes 30 de septiembre<\/em><\/p>\n\n\n\n<p>Los embrollos no cesan dentro del Consejo FEUC de cara a las pr\u00f3ximas elecciones FEUC 2025. A la renuncia de la otrora presidenta del TRICEL, Isidora Contreras (NAU!), y el ascenso de la carta Avanzar, Evelyn Rojas, se suma la invalidaci\u00f3n del periodo de inicio para la preinscripci\u00f3n de candidaturas por parte del tribunal calificador de elecciones.<\/p>\n\n\n\n<p>La votaci\u00f3n fue casi un\u00e1nime. La dupla de Avanzar, Otra Era, Independientes y Surgencia vot\u00f3 a favor de invalidar el proceso, sin embargo, la dupla NAU! (Isidora Contreras Jara y Valentina Salda\u00f1a Rivera) vot\u00f3 a favor de validar el proceso de preinscripci\u00f3n.<\/p>\n\n\n\n<p>Todo parte con un emplazamiento por parte de la presidencia del TRICEL para con Gabriel Abbagliati, ex TRICEL por la JJ.CC, quien renunci\u00f3 a su cargo el 16 de septiembre. Abbagliati era parte del formulario de preinscripci\u00f3n de candidaturas aun cuando ya no formaba parte del tribunal calificador. Ante esto, Isidora Contreras busca respuestas por parte de Gabriel, sin embargo, \u00e9l se defendi\u00f3 aclarando que fue un error al abrir la aplicaci\u00f3n Teams; estaba \u201chaciendo un trabajo\u201d y entr\u00f3 dado que se encontr\u00f3 con un archivo del cual deber\u00eda estar eliminado. No solo eso, sino tambi\u00e9n que le llegaban correos privados del TRICEL. Gabriel, en el extenso consejo extraordinario, destac\u00f3 que \u201cno se tomaron los resguardos con una informaci\u00f3n super sensible\u201d.<\/p>\n\n\n\n<p>Posterior a la intervenci\u00f3n de Abbagliati, Javier del Valle -actual primer vicepresidente de la FEUC y ministro de fe del proceso- dio cuenta que 295 respuestas no se han agregado, como tambi\u00e9n que no se eliminaron ni agregaron filas. El emplazamiento a Gabriel finalmente no da lugar en cuanto cambios efectuados se refiere. Por otra parte, Del Valle s\u00ed realiz\u00f3 cambios en el formulario, pues orden\u00f3 una fila, pero sin alterar contenido alguno.<\/p>\n\n\n\n<p>Toda esta situaci\u00f3n de Abbagliati y la demostraci\u00f3n de Javier Del Valle deriv\u00f3 en otra problem\u00e1tica. Y es que Evelyn Rojas -quien a\u00fan no era electa presidente TRICEL- erigi\u00f3 una cr\u00edtica respecto a las atribuciones del vicepresidente FEUC, Javier Del Valle, quien ten\u00eda total control sobre los archivos de Excel.<\/p>\n\n\n\n<p>Modificaciones m\u00e1s, modificaciones menos. Lo cierto es que a partir de esta situaci\u00f3n los distintos miembros del tribunal vieron en todo este l\u00edo un atentado frente a la transparencia del proceso, lo que deriv\u00f3 en la invalidaci\u00f3n del formulario.<\/p>\n\n\n\n<p>En el consejo extraordinario realizado hoy a eso de las 14:00 hrs, se llev\u00f3 a cabo una votaci\u00f3n para ver si la fecha estipulada para las elecciones FEUC 2025 (8 y 9 de octubre) se manten\u00eda, o en caso contrario, se cambiaba dado las recientes pol\u00e9micas. Finalmente, por 20 votos a favor y 19 en contra, se mantiene la fecha acordada por el Consejo Ejecutivo el pasado 5 de septiembre.<\/p>\n\n\n\n<p><\/p>\n","protected":false},"excerpt":{"rendered":"<p>TRICEL invalida preinscripci\u00f3n de candidaturas de elecciones tras dudas sobre posible manipulaci\u00f3n del formulario y aplaza inscripci\u00f3n oficial para el lunes 30 de septiembre Los embrollos no cesan dentro del Consejo FEUC de cara a las pr\u00f3ximas elecciones FEUC 2025. A la renuncia de la otrora presidenta del TRICEL, Isidora Contreras (NAU!), y el ascenso [&hellip;]<\/p>\n","protected":false},"author":1,"featured_media":2886,"comment_status":"open","ping_status":"open","sticky":false,"template":"","format":"standard","meta":{"_eb_attr":"","_gspb_post_css":"","om_disable_all_campaigns":false,"_monsterinsights_skip_tracking":false,"_monsterinsights_sitenote_active":false,"_monsterinsights_sitenote_note":"","_monsterinsights_sitenote_category":0,"footnotes":""},"categories":[14,44,17],"tags":[22],"class_list":["post-2885","post","type-post","status-publish","format-standard","has-post-thumbnail","hentry","category-actualidad","category-elecciones-feuc-2025","category-politicauniversitaria","tag-destacado"],"blocksy_meta":[],"aioseo_notices":[],"_links":{"self":[{"href":"https:\/\/elpuclitico.cl\/index.php\/wp-json\/wp\/v2\/posts\/2885","targetHints":{"allow":["GET"]}}],"collection":[{"href":"https:\/\/elpuclitico.cl\/index.php\/wp-json\/wp\/v2\/posts"}],"about":[{"href":"https:\/\/elpuclitico.cl\/index.php\/wp-json\/wp\/v2\/types\/post"}],"author":[{"embeddable":true,"href":"https:\/\/elpuclitico.cl\/index.php\/wp-json\/wp\/v2\/users\/1"}],"replies":[{"embeddable":true,"href":"https:\/\/elpuclitico.cl\/index.php\/wp-json\/wp\/v2\/comments?post=2885"}],"version-history":[{"count":1,"href":"https:\/\/elpuclitico.cl\/index.php\/wp-json\/wp\/v2\/posts\/2885\/revisions"}],"predecessor-version":[{"id":2887,"href":"https:\/\/elpuclitico.cl\/index.php\/wp-json\/wp\/v2\/posts\/2885\/revisions\/2887"}],"wp:featuredmedia":[{"embeddable":true,"href":"https:\/\/elpuclitico.cl\/index.php\/wp-json\/wp\/v2\/media\/2886"}],"wp:attachment":[{"href":"https:\/\/elpuclitico.cl\/index.php\/wp-json\/wp\/v2\/media?parent=2885"}],"wp:term":[{"taxonomy":"category","embeddable":true,"href":"https:\/\/elpuclitico.cl\/index.php\/wp-json\/wp\/v2\/categories?post=2885"},{"taxonomy":"post_tag","embeddable":true,"href":"https:\/\/elpuclitico.cl\/index.php\/wp-json\/wp\/v2\/tags?post=2885"}],"curies":[{"name":"wp","href":"https:\/\/api.w.org\/{rel}","templated":true}]}}