{"id":2914,"date":"2024-10-05T01:36:50","date_gmt":"2024-10-05T01:36:50","guid":{"rendered":"https:\/\/elpuclitico.cl\/?p=2914"},"modified":"2025-12-28T22:20:25","modified_gmt":"2025-12-28T22:20:25","slug":"moira-cortez-sobre-posible-inhabilitacion-no-habria-nada-sustantivo-para-bajarme-la-candidatura","status":"publish","type":"post","link":"https:\/\/elpuclitico.cl\/index.php\/2024\/10\/05\/moira-cortez-sobre-posible-inhabilitacion-no-habria-nada-sustantivo-para-bajarme-la-candidatura\/","title":{"rendered":"Moira Cortez sobre posible inhabilitaci\u00f3n: \u201cNo habr\u00eda nada sustantivo para bajarme la candidatura\u201d\u00a0"},"content":{"rendered":"\n<p><em>Tras acusaciones de supuesto incumplimiento a estatutos, la militante del NAU afirma que cuenta con todos los requisitos para postularse como candidata a la presidencia para FEUC 2025.<\/em>\u00a0<\/p>\n\n\n\n<p>A solo d\u00edas del inicio de las votaciones para elegir a la pr\u00f3xima Federaci\u00f3n, se dio a conocer la posible inhabilitaci\u00f3n&nbsp;de la candidata a la presidencia por la Nueva Acci\u00f3n Universitaria. Seg\u00fan una filtraci\u00f3n de datos, Moira Cortez, actualmente no se encontrar\u00eda inscrita en el padr\u00f3n correspondiente del Tribunal Calificador de Elecciones (TRICEL). La raz\u00f3n de esto ser\u00eda que Cortez no figura en la n\u00f3mina de alumnos de pregrado, lo que podr\u00eda inhabilitar su candidatura y su derecho a ejercer su voto.&nbsp;<\/p>\n\n\n\n<p>Con base en esto, durante el debate realizado por el programa&nbsp;P\u00e1gina 33 de Radio UC, el moderador interpel\u00f3 a Moira por la nota publicada en este mismo medio y por la acusaci\u00f3n en su contra. Cortez respondi\u00f3 que contaba con los certificados correspondientes que acreditan su estatus de alumna regular, y que ya los hab\u00eda enviado a la Direcci\u00f3n de Asuntos Estudiantiles (DAE) y al TRICEL. Ante esto, Sof\u00eda Mackena, candidata a presidenta FEUC por el Movimiento Gremial, utiliz\u00f3 su r\u00e9plica para denunciar una posible filtraci\u00f3n de informaci\u00f3n, ya que dichos datos solo los manejan miembros del Tribunal.&nbsp;<\/p>\n\n\n\n<p>Mediante esta conversaci\u00f3n en el debate, Cortez explic\u00f3 que en la actualidad se est\u00e1 llevando a cabo la conexi\u00f3n entre los niveles de pregrado y postgrado en la carrera de Ciencia Pol\u00edtica. Esta conexi\u00f3n permite que ciertos cursos que un estudiante de postgrado est\u00e1 tomando tambi\u00e9n cuenten como asignaturas para su programa de pregrado. De ser as\u00ed, la militante del NAU! estar\u00eda habilitada para postularse como candidata y emitir su derecho a voto.&nbsp;<\/p>\n\n\n\n<p>En la reuni\u00f3n del TRICEL del jueves 3 de octubre, el Tribunal, reconoci\u00f3 la existencia de una candidatura, para la presidencia de la Federaci\u00f3n, que no se encontraba habilitada para participar en los comicios. Hasta el momento de publicaci\u00f3n de la nota, el Tribunal a\u00fan no emite una resoluci\u00f3n oficial respecto al tema.&nbsp;<\/p>\n\n\n\n<p>El PUCl\u00edtico consult\u00f3 directamente a Cortez para obtener su declaraci\u00f3n con relaci\u00f3n a su estatus acad\u00e9mico. \u201cYo igual lo he tomado con tranquilidad, porque, obviamente, si yo me postul\u00e9 para ser candidata es porque comprendo cu\u00e1les son los estatutos de la FEUC y cu\u00e1les son los requisitos, y yo cumplo con los requisitos\u201d,&nbsp;afirm\u00f3 la candidata a la presidencia de la Federaci\u00f3n.&nbsp;<\/p>\n\n\n\n<p>De igual manera, Cortez asegur\u00f3 que el TRICEL ya cuenta con los documentos solicitados para acreditar que la candidata s\u00ed figura como alumna regular de la universidad.&nbsp;<\/p>\n\n\n\n<p>Respecto a la filtraci\u00f3n de informaci\u00f3n, Moira expresa su preocupaci\u00f3n por esta situaci\u00f3n, se\u00f1alando: \u00abMuchas personas saben que estoy haciendo un mag\u00edster en Ciencia Pol\u00edtica, pero que empiecen a cuestionar la candidatura y que hayan investigado si efectivamente soy alumna de pregrado o no, me parece que es una falta sumamente grave\u201d, comenta Cortez en referencia a la filtraci\u00f3n de su estatus acad\u00e9mico.&nbsp;<\/p>\n\n\n\n<p>De igual manera, la candidata a la presidencia de la Federaci\u00f3n considera que la divulgaci\u00f3n de su informaci\u00f3n personal \u201ces una falta a la sana competencia, porque esas situaciones deben tratarse directamente con el TRICEL y no de forma p\u00fablica.\u00bb&nbsp;<\/p>\n\n\n\n<p>Finalmente, Cortez comenta que, en un contexto en el que las campa\u00f1as electorales ya son complejas, la situaci\u00f3n se ha vuelto \u00abpoco humana\u00bb debido a la falta de empat\u00eda hacia la tem\u00e1tica de la salud mental. La candidata de la Nueva Acci\u00f3n Universitaria declara que este proceso ha sido particularmente \u00abinc\u00f3modo\u00bb.&nbsp;<\/p>\n\n\n\n<p>El veredicto sobre si Moira Cortez ser\u00e1 inhabilitada o no como candidata a la presidencia FEUC, ser\u00e1 tratado en reuni\u00f3n del TRICEL durante la sesi\u00f3n que se est\u00e1 desarrollando. Ampliaremos.&nbsp;<\/p>\n","protected":false},"excerpt":{"rendered":"<p>Tras acusaciones de supuesto incumplimiento a estatutos, la militante del NAU afirma que cuenta con todos los requisitos para postularse como candidata a la presidencia para FEUC 2025.\u00a0 A solo d\u00edas del inicio de las votaciones para elegir a la pr\u00f3xima Federaci\u00f3n, se dio a conocer la posible inhabilitaci\u00f3n&nbsp;de la candidata a la presidencia por [&hellip;]<\/p>\n","protected":false},"author":1,"featured_media":2915,"comment_status":"open","ping_status":"open","sticky":false,"template":"","format":"standard","meta":{"_eb_attr":"","_gspb_post_css":"","om_disable_all_campaigns":false,"_monsterinsights_skip_tracking":false,"_monsterinsights_sitenote_active":false,"_monsterinsights_sitenote_note":"","_monsterinsights_sitenote_category":0,"footnotes":""},"categories":[14,44,17],"tags":[22],"class_list":["post-2914","post","type-post","status-publish","format-standard","has-post-thumbnail","hentry","category-actualidad","category-elecciones-feuc-2025","category-politicauniversitaria","tag-destacado"],"blocksy_meta":[],"aioseo_notices":[],"_links":{"self":[{"href":"https:\/\/elpuclitico.cl\/index.php\/wp-json\/wp\/v2\/posts\/2914","targetHints":{"allow":["GET"]}}],"collection":[{"href":"https:\/\/elpuclitico.cl\/index.php\/wp-json\/wp\/v2\/posts"}],"about":[{"href":"https:\/\/elpuclitico.cl\/index.php\/wp-json\/wp\/v2\/types\/post"}],"author":[{"embeddable":true,"href":"https:\/\/elpuclitico.cl\/index.php\/wp-json\/wp\/v2\/users\/1"}],"replies":[{"embeddable":true,"href":"https:\/\/elpuclitico.cl\/index.php\/wp-json\/wp\/v2\/comments?post=2914"}],"version-history":[{"count":1,"href":"https:\/\/elpuclitico.cl\/index.php\/wp-json\/wp\/v2\/posts\/2914\/revisions"}],"predecessor-version":[{"id":2916,"href":"https:\/\/elpuclitico.cl\/index.php\/wp-json\/wp\/v2\/posts\/2914\/revisions\/2916"}],"wp:featuredmedia":[{"embeddable":true,"href":"https:\/\/elpuclitico.cl\/index.php\/wp-json\/wp\/v2\/media\/2915"}],"wp:attachment":[{"href":"https:\/\/elpuclitico.cl\/index.php\/wp-json\/wp\/v2\/media?parent=2914"}],"wp:term":[{"taxonomy":"category","embeddable":true,"href":"https:\/\/elpuclitico.cl\/index.php\/wp-json\/wp\/v2\/categories?post=2914"},{"taxonomy":"post_tag","embeddable":true,"href":"https:\/\/elpuclitico.cl\/index.php\/wp-json\/wp\/v2\/tags?post=2914"}],"curies":[{"name":"wp","href":"https:\/\/api.w.org\/{rel}","templated":true}]}}