{"id":2924,"date":"2024-10-05T19:15:21","date_gmt":"2024-10-05T19:15:21","guid":{"rendered":"https:\/\/elpuclitico.cl\/?p=2924"},"modified":"2025-12-28T23:22:26","modified_gmt":"2025-12-28T23:22:26","slug":"fin-a-la-incertidumbre-moira-cortez-es-confirmada-como-candidata-y-la-nau-sigue-en-carrera","status":"publish","type":"post","link":"https:\/\/elpuclitico.cl\/index.php\/2024\/10\/05\/fin-a-la-incertidumbre-moira-cortez-es-confirmada-como-candidata-y-la-nau-sigue-en-carrera\/","title":{"rendered":"Fin a la incertidumbre: Moira Cortez es confirmada como candidata y la NAU! sigue en carrera. \u00a0"},"content":{"rendered":"\n<p><em>Tras una extensa revisi\u00f3n de antecedentes y largas horas de discusi\u00f3n el TRICEL procedi\u00f3 a validar la candidatura de la candidata a presidenta por la Nueva Acci\u00f3n Universitaria, Moira Cortez. \u00a0<\/em><\/p>\n\n\n\n<p>Tras la filtraci\u00f3n de datos que indicaban que la candidata a la presidencia de la Nueva Acci\u00f3n Universitaria, Moira Cortez, no se encontraba inscrita en el padr\u00f3n entregada por la Direcci\u00f3n de Asuntos Estudiantiles (DAE), el Tribunal Calificador de Elecciones (TRICEL) se aboc\u00f3 en investigar la situaci\u00f3n estudiantil que la candidata pose\u00eda. En una presentaci\u00f3n de antecedentes que comenz\u00f3 en la noche del viernes, algunos ministros del Tribunal \u2014incluyendo a la presidenta, Evelyn Rojas\u2014, presentaron documentos con relaci\u00f3n al estatus acad\u00e9mico Cortez para determinar si deb\u00eda o no habilitarse como candidata a la presidencia de la Federaci\u00f3n.&nbsp;Finalmente, este s\u00e1bado, a d\u00edas de las votaciones, el Tribunal valid\u00f3 la candidatura en forma un\u00e1nime. &nbsp; &nbsp;<\/p>\n\n\n\n<p>De esta forma, la reuni\u00f3n que comenzar\u00eda el viernes 4 de octubre se centr\u00f3 en analizar una serie de documentos entregados por la propia candidata y la Direcci\u00f3n de Asuntos Estudiantiles. En espec\u00edfico, se present\u00f3 un documento con fecha 21 de agosto del presente a\u00f1o que indicaban a Moira Cortez como estudiante en v\u00edas de titulaci\u00f3n, mientras que, otro documento con fecha 4 de octubre, indicaban a la candidata como alumna de postgrado, espec\u00edficamente del Magister en Ciencia Pol\u00edtica menci\u00f3n Gobierno y Pol\u00edticas P\u00fablicas. Con base en lo anterior, el TRICEL declar\u00f3 que, aunque se ten\u00edan certezas que Moira Cortez era estudiante de postgrado, hab\u00eda serias dudas sobre si hab\u00eda perdido su calidad de estudiante de pregrado. &nbsp;<\/p>\n\n\n\n<p>En vista de lo anterior, y accediendo a una solicitud del NAU!, el tribunal otorg\u00f3 un plazo extraordinario y fatal hasta las 12pm de este s\u00e1bado para que se presentasen m\u00e1s documentos, de car\u00e1cter personal, que indicasen que situaci\u00f3n pose\u00eda Moira Cortez como alumna de la universidad. Los antecedentes, presentados con 13 minutos de atraso, y validados por la directora de Asuntos Estudiantiles, Carolina M\u00e9ndez, sindicaban a Moira Cortez como estudiante de pregrado. &nbsp;&nbsp;<\/p>\n\n\n\n<p>Con los nuevos antecedentes en manos del TRICEL, se procedi\u00f3 a una extensa discusi\u00f3n, que incluso, incluy\u00f3 cuestionamientos a la forma en c\u00f3mo se recabaron los nuevos documentos. Sin embargo, y constatando que los documentos proporcionados por la DAE contaban con el conocimiento de la Unidad Acad\u00e9mica de Ciencia Pol\u00edtica, se procedi\u00f3 a aprobar, de forma un\u00e1nime entre los ministros del Tribunal Calificador de Elecciones, la validaci\u00f3n de la candidatura.&nbsp;<\/p>\n","protected":false},"excerpt":{"rendered":"<p>Tras una extensa revisi\u00f3n de antecedentes y largas horas de discusi\u00f3n el TRICEL procedi\u00f3 a validar la candidatura de la candidata a presidenta por la Nueva Acci\u00f3n Universitaria, Moira Cortez. \u00a0 Tras la filtraci\u00f3n de datos que indicaban que la candidata a la presidencia de la Nueva Acci\u00f3n Universitaria, Moira Cortez, no se encontraba inscrita [&hellip;]<\/p>\n","protected":false},"author":1,"featured_media":2925,"comment_status":"open","ping_status":"open","sticky":false,"template":"","format":"standard","meta":{"_eb_attr":"","_gspb_post_css":"","om_disable_all_campaigns":false,"_monsterinsights_skip_tracking":false,"_monsterinsights_sitenote_active":false,"_monsterinsights_sitenote_note":"","_monsterinsights_sitenote_category":0,"footnotes":""},"categories":[14,44,17],"tags":[22],"class_list":["post-2924","post","type-post","status-publish","format-standard","has-post-thumbnail","hentry","category-actualidad","category-elecciones-feuc-2025","category-politicauniversitaria","tag-destacado"],"blocksy_meta":[],"aioseo_notices":[],"_links":{"self":[{"href":"https:\/\/elpuclitico.cl\/index.php\/wp-json\/wp\/v2\/posts\/2924","targetHints":{"allow":["GET"]}}],"collection":[{"href":"https:\/\/elpuclitico.cl\/index.php\/wp-json\/wp\/v2\/posts"}],"about":[{"href":"https:\/\/elpuclitico.cl\/index.php\/wp-json\/wp\/v2\/types\/post"}],"author":[{"embeddable":true,"href":"https:\/\/elpuclitico.cl\/index.php\/wp-json\/wp\/v2\/users\/1"}],"replies":[{"embeddable":true,"href":"https:\/\/elpuclitico.cl\/index.php\/wp-json\/wp\/v2\/comments?post=2924"}],"version-history":[{"count":2,"href":"https:\/\/elpuclitico.cl\/index.php\/wp-json\/wp\/v2\/posts\/2924\/revisions"}],"predecessor-version":[{"id":2927,"href":"https:\/\/elpuclitico.cl\/index.php\/wp-json\/wp\/v2\/posts\/2924\/revisions\/2927"}],"wp:featuredmedia":[{"embeddable":true,"href":"https:\/\/elpuclitico.cl\/index.php\/wp-json\/wp\/v2\/media\/2925"}],"wp:attachment":[{"href":"https:\/\/elpuclitico.cl\/index.php\/wp-json\/wp\/v2\/media?parent=2924"}],"wp:term":[{"taxonomy":"category","embeddable":true,"href":"https:\/\/elpuclitico.cl\/index.php\/wp-json\/wp\/v2\/categories?post=2924"},{"taxonomy":"post_tag","embeddable":true,"href":"https:\/\/elpuclitico.cl\/index.php\/wp-json\/wp\/v2\/tags?post=2924"}],"curies":[{"name":"wp","href":"https:\/\/api.w.org\/{rel}","templated":true}]}}