{"id":2996,"date":"2024-10-07T03:32:59","date_gmt":"2024-10-07T03:32:59","guid":{"rendered":"https:\/\/elpuclitico.cl\/?p=2996"},"modified":"2025-12-28T23:22:13","modified_gmt":"2025-12-28T23:22:13","slug":"presidenta-del-tricel-tras-denunciar-hostigamientos-yo-creo-que-la-politica-no-se-hace-asi","status":"publish","type":"post","link":"https:\/\/elpuclitico.cl\/index.php\/2024\/10\/07\/presidenta-del-tricel-tras-denunciar-hostigamientos-yo-creo-que-la-politica-no-se-hace-asi\/","title":{"rendered":"Presidenta del TRICEL tras denunciar hostigamientos: \u201cYo creo que la pol\u00edtica no se hace as\u00ed\u201d\u00a0\u00a0"},"content":{"rendered":"\n<p><em>Evelyn Rojas, de la dupla Avanzar, present\u00f3 dos denuncias por hostigamiento y amenazas en la sesi\u00f3n del Tribunal de este domingo. En esta instancia, Rojas denunci\u00f3 un perfil falso con su nombre y mensajes hostiles por parte de estudiantes y miembros de los movimientos pol\u00edticos de la UC. \u00a0<\/em><\/p>\n\n\n\n<p>Durante la reuni\u00f3n ordinaria, Evelyn Rojas, presidenta del TRICEL por Avanzar, denunci\u00f3 la difusi\u00f3n de mensajes emitidos en un perfil, que califica como falso, con su nombre en \u201cX\u201d (anteriormente Twitter). Rojas interpuso una denuncia formal por hostigamiento, posible suplantaci\u00f3n de identidad, difamaci\u00f3n y amenazas en la Polic\u00eda de Investigaciones (PDI). Adem\u00e1s, agreg\u00f3 que, en conjunto a su abogado, interpuso un recurso de protecci\u00f3n en contra de dos personas de la comunidad universitaria y se acercar\u00e1 a Secretar\u00eda General para iniciar acciones contra dichas personas por lo que le hicieron a ella y a su imagen.&nbsp;<\/p>\n\n\n\n<p>Adem\u00e1s de esta situaci\u00f3n, la representante expuso que una jefa de campa\u00f1a de un movimiento pol\u00edtico de la UC \u201cnegoci\u00f3\u201d bajar sus propias candidaturas con un motivo que Rojas no quiso explicitar en la sesi\u00f3n. Seg\u00fan coment\u00f3 a El PUCl\u00edtico, la presidenta del TRICEL habr\u00eda recibido un archivo de forma an\u00f3nima a trav\u00e9s de un correo. \u201cEl audio completo yo lo voy a presentar como una denuncia, como persona natural, ante las autoridades como una mala praxis\u201d, coment\u00f3 Rojas sobre las medidas que tomar\u00e1 en relaci\u00f3n con el audio filtrado.&nbsp;&nbsp;<\/p>\n\n\n\n<p>La reacci\u00f3n desde Avanzar indica que se cerr\u00f3 la conversaci\u00f3n con Alonso Maga\u00f1a, coordinador general&nbsp;del movimiento, y Evelyn Rojas, quienes quedaron en buenos t\u00e9rminos con respecto a la situaci\u00f3n de \u201cX\u201d. Rojas comenta: \u201cAunque considero que el manejo de la situaci\u00f3n no fue el mejor, es comprensible dada la etapa que atraviesan en sus vidas los j\u00f3venes militantes del movimiento.\u201d Adem\u00e1s, la presidenta del TRICEL se lo expres\u00f3 expl\u00edcitamente a Maga\u00f1a, subrayando la importancia del respeto que se mantuvo en todo momento.&nbsp;<\/p>\n\n\n\n<p>Comentando a El PUCl\u00edtico, Rojas habl\u00f3 sobre&nbsp;lo que han sido las jornadas en estos d\u00edas. Durante la \u00faltima semana, el TRICEL ha trabajado en campus de Villarrica para realizar capacitaciones en preparaci\u00f3n para las elecciones, y tambi\u00e9n ha sesionado durante horas extensas: \u201cEntonces, si todo eso no te demuestra que quiero hacer bien la pega, y si no te demuestra que yo no me merec\u00eda esto, no s\u00e9 en qu\u00e9 mundo estamos. Y yo creo, que la pol\u00edtica no se hace as\u00ed\u201d, declara Rojas.&nbsp;<\/p>\n\n\n\n<p>Estas denuncias de malos tratos, por parte de movimientos pol\u00edticos hacia el TRICEL, se suman a las presentadas por la ministra del Tribunal, Lydia Carrasco, de la dupla de Surgencia. Dichas pr\u00e1cticas ser\u00e1n levantadas a las autoridades universitarias respectivas para ser investigadas.&nbsp;<\/p>\n","protected":false},"excerpt":{"rendered":"<p>Evelyn Rojas, de la dupla Avanzar, present\u00f3 dos denuncias por hostigamiento y amenazas en la sesi\u00f3n del Tribunal de este domingo. En esta instancia, Rojas denunci\u00f3 un perfil falso con su nombre y mensajes hostiles por parte de estudiantes y miembros de los movimientos pol\u00edticos de la UC. \u00a0 Durante la reuni\u00f3n ordinaria, Evelyn Rojas, [&hellip;]<\/p>\n","protected":false},"author":1,"featured_media":2997,"comment_status":"open","ping_status":"open","sticky":false,"template":"","format":"standard","meta":{"_eb_attr":"","_gspb_post_css":"","om_disable_all_campaigns":false,"_monsterinsights_skip_tracking":false,"_monsterinsights_sitenote_active":false,"_monsterinsights_sitenote_note":"","_monsterinsights_sitenote_category":0,"footnotes":""},"categories":[14,44,17],"tags":[22],"class_list":["post-2996","post","type-post","status-publish","format-standard","has-post-thumbnail","hentry","category-actualidad","category-elecciones-feuc-2025","category-politicauniversitaria","tag-destacado"],"blocksy_meta":[],"aioseo_notices":[],"_links":{"self":[{"href":"https:\/\/elpuclitico.cl\/index.php\/wp-json\/wp\/v2\/posts\/2996","targetHints":{"allow":["GET"]}}],"collection":[{"href":"https:\/\/elpuclitico.cl\/index.php\/wp-json\/wp\/v2\/posts"}],"about":[{"href":"https:\/\/elpuclitico.cl\/index.php\/wp-json\/wp\/v2\/types\/post"}],"author":[{"embeddable":true,"href":"https:\/\/elpuclitico.cl\/index.php\/wp-json\/wp\/v2\/users\/1"}],"replies":[{"embeddable":true,"href":"https:\/\/elpuclitico.cl\/index.php\/wp-json\/wp\/v2\/comments?post=2996"}],"version-history":[{"count":1,"href":"https:\/\/elpuclitico.cl\/index.php\/wp-json\/wp\/v2\/posts\/2996\/revisions"}],"predecessor-version":[{"id":2998,"href":"https:\/\/elpuclitico.cl\/index.php\/wp-json\/wp\/v2\/posts\/2996\/revisions\/2998"}],"wp:featuredmedia":[{"embeddable":true,"href":"https:\/\/elpuclitico.cl\/index.php\/wp-json\/wp\/v2\/media\/2997"}],"wp:attachment":[{"href":"https:\/\/elpuclitico.cl\/index.php\/wp-json\/wp\/v2\/media?parent=2996"}],"wp:term":[{"taxonomy":"category","embeddable":true,"href":"https:\/\/elpuclitico.cl\/index.php\/wp-json\/wp\/v2\/categories?post=2996"},{"taxonomy":"post_tag","embeddable":true,"href":"https:\/\/elpuclitico.cl\/index.php\/wp-json\/wp\/v2\/tags?post=2996"}],"curies":[{"name":"wp","href":"https:\/\/api.w.org\/{rel}","templated":true}]}}