{"id":3000,"date":"2024-10-07T19:39:30","date_gmt":"2024-10-07T19:39:30","guid":{"rendered":"https:\/\/elpuclitico.cl\/?p=3000"},"modified":"2024-10-07T19:39:30","modified_gmt":"2024-10-07T19:39:30","slug":"la-osidemocracia-en-la-feuc","status":"publish","type":"post","link":"https:\/\/elpuclitico.cl\/index.php\/2024\/10\/07\/la-osidemocracia-en-la-feuc\/","title":{"rendered":"La osidemocracia en la FEUC"},"content":{"rendered":"\n<p>Se\u00f1or Director:<\/p>\n\n\n\n<p>A d\u00edas de una nueva elecci\u00f3n de la Federaci\u00f3n de Estudiantes de la Pontificia Universidad Cat\u00f3lica, conviene traer a la memoria un cuento que, aunque infantil, refleja la triste realidad universitaria:<\/p>\n\n\n\n<p>En el lejano pueblo de la \u201cOsiversidad Mielt\u00f3lica\u201d, una comunidad de ositos coloridos, se preparaban para elegir a quien dirigir\u00eda su aldea el a\u00f1o 2024. Los ositos naranjo, verde, azul, rojo y morado estaban listos para competir en las Osielecciones.<\/p>\n\n\n\n<p>Pero, al abrir las Osiurnas, se encontraron con un OsiProblema: solo el 48,78% de los ositos hab\u00eda participado, cuando la norma exig\u00eda el 50% para validar la elecci\u00f3n. Los ositos, temiendo perder el poder, se reunieron a escondidas en el bosque para reinterpretar el qu\u00f3rum, proponiendo una \u201csoluci\u00f3n\u201d que sumaba los votos de la primera y una \u201cposible\u201d segunda vuelta. As\u00ed, lograron la segunda vuelta y, para sorpresa de nadie, el osito verde se hizo nuevamente con el poder de la Villa.<\/p>\n\n\n\n<p>Este cuento, refleja claramente lo que ha sucedido en la Federaci\u00f3n de Estudiantes de la Universidad Cat\u00f3lica. En donde, lo que supuestamente deber\u00eda ser un verdadero espacio para el di\u00e1logo y la representaci\u00f3n, se ha desvirtuado a tal nivel en que parecer\u00eda ser el jard\u00edn infantil de movimientos pol\u00edticos y donde las malas pr\u00e1cticas llegan a ser un reflejo de la realidad nacional. Realmente sorprende el af\u00e1n de poder que ha llevado a algunos movimientos a reinterpretar las reglas a su conveniencia, las malas pr\u00e1cticas, sobornos e incluso hostigamientos, alej\u00e1ndose de los principios que supuestamente defienden.<\/p>\n\n\n\n<p>Lo m\u00e1s preocupante es que estas \u201cosipracticas\u201d, ejecutadas en absoluta discreci\u00f3n, no solo corrompen a\u00fan m\u00e1s el sistema universitario, sino que, en su af\u00e1n de la b\u00fasqueda incansable del poder, mezclando intereses personales por sobre las necesidades e intereses de los mismos estudiantes, est\u00e1n hundiendo d\u00eda a d\u00eda la pol\u00edtica universitaria real.<\/p>\n\n\n\n<p>La baja participaci\u00f3n no es un problema aislado, sino que es un s\u00edntoma de verdadero desencanto con la pol\u00edtica universitaria. \u00bfY la respuesta? Un sucio juego por ver quien consigue gobernar la Osiversidad Mielt\u00f3lica.<\/p>\n\n\n\n<p>Para entender lo que hoy sucede en la pol\u00edtica universitaria de la UC, no hace falta analizar complicadas teor\u00edas pol\u00edticas, basta con observar el comportamiento infantil de algunos que, como en el cuento de los ositos, est\u00e1n m\u00e1s preocupados por conservar el poder que por representar a quienes los eligen.<\/p>\n\n\n\n<p><strong>Lista An\u00falemelo<\/strong><\/p>\n","protected":false},"excerpt":{"rendered":"<p>Se\u00f1or Director: A d\u00edas de una nueva elecci\u00f3n de la Federaci\u00f3n de Estudiantes de la Pontificia Universidad Cat\u00f3lica, conviene traer a la memoria un cuento que, aunque infantil, refleja la triste realidad universitaria: En el lejano pueblo de la \u201cOsiversidad Mielt\u00f3lica\u201d, una comunidad de ositos coloridos, se preparaban para elegir a quien dirigir\u00eda su aldea [&hellip;]<\/p>\n","protected":false},"author":1,"featured_media":3001,"comment_status":"open","ping_status":"open","sticky":false,"template":"","format":"standard","meta":{"_eb_attr":"","_gspb_post_css":"","om_disable_all_campaigns":false,"_monsterinsights_skip_tracking":false,"_monsterinsights_sitenote_active":false,"_monsterinsights_sitenote_note":"","_monsterinsights_sitenote_category":0,"footnotes":""},"categories":[13,21],"tags":[],"class_list":["post-3000","post","type-post","status-publish","format-standard","has-post-thumbnail","hentry","category-carta-a-la-directora","category-opinion"],"blocksy_meta":[],"aioseo_notices":[],"_links":{"self":[{"href":"https:\/\/elpuclitico.cl\/index.php\/wp-json\/wp\/v2\/posts\/3000","targetHints":{"allow":["GET"]}}],"collection":[{"href":"https:\/\/elpuclitico.cl\/index.php\/wp-json\/wp\/v2\/posts"}],"about":[{"href":"https:\/\/elpuclitico.cl\/index.php\/wp-json\/wp\/v2\/types\/post"}],"author":[{"embeddable":true,"href":"https:\/\/elpuclitico.cl\/index.php\/wp-json\/wp\/v2\/users\/1"}],"replies":[{"embeddable":true,"href":"https:\/\/elpuclitico.cl\/index.php\/wp-json\/wp\/v2\/comments?post=3000"}],"version-history":[{"count":1,"href":"https:\/\/elpuclitico.cl\/index.php\/wp-json\/wp\/v2\/posts\/3000\/revisions"}],"predecessor-version":[{"id":3002,"href":"https:\/\/elpuclitico.cl\/index.php\/wp-json\/wp\/v2\/posts\/3000\/revisions\/3002"}],"wp:featuredmedia":[{"embeddable":true,"href":"https:\/\/elpuclitico.cl\/index.php\/wp-json\/wp\/v2\/media\/3001"}],"wp:attachment":[{"href":"https:\/\/elpuclitico.cl\/index.php\/wp-json\/wp\/v2\/media?parent=3000"}],"wp:term":[{"taxonomy":"category","embeddable":true,"href":"https:\/\/elpuclitico.cl\/index.php\/wp-json\/wp\/v2\/categories?post=3000"},{"taxonomy":"post_tag","embeddable":true,"href":"https:\/\/elpuclitico.cl\/index.php\/wp-json\/wp\/v2\/tags?post=3000"}],"curies":[{"name":"wp","href":"https:\/\/api.w.org\/{rel}","templated":true}]}}