{"id":3090,"date":"2024-10-23T02:42:41","date_gmt":"2024-10-23T02:42:41","guid":{"rendered":"https:\/\/elpuclitico.cl\/?p=3090"},"modified":"2025-12-28T22:19:01","modified_gmt":"2025-12-28T22:19:01","slug":"listas-en-2da-vuelta-rinden-cuentas-de-campana-fuera-de-plazo","status":"publish","type":"post","link":"https:\/\/elpuclitico.cl\/index.php\/2024\/10\/23\/listas-en-2da-vuelta-rinden-cuentas-de-campana-fuera-de-plazo\/","title":{"rendered":"Listas en 2da vuelta rinden cuentas de campa\u00f1a fuera de plazo"},"content":{"rendered":"\n<p><em>Durante el lunes las cinco fuerzas que presentaron lista declararon sus gastos de campa\u00f1a 2025 al TRICEL. Las de Amanecer y Solidaridad fueron enviadas fuera de plazo seg\u00fan lo establecido por el Tribunal. Las campa\u00f1as sobrepasaron los 6 millones de pesos en total, siendo las m\u00e1s costosas la de Solidaridad y NAU!<\/em><\/p>\n\n\n\n<p>El pasado s\u00e1bado, El PUCl\u00edtico se contact\u00f3 con los cinco movimiento y pacto que participaron de la primera vuelta de las elecciones FEUC. Al consultar respecto a la transparencia de gastos de campa\u00f1a, los dirigentes derivaron a consultar al Tribunal Calificador de Elecciones (TRICEL). A pesar de que la informaci\u00f3n se ha entregado en a\u00f1os previos, la dupla independiente, Enzo Troncoso y Alonso Rivera, solicitaron al TRICEL que se discutiera en sesi\u00f3n para que todos los miembros estuvieran de acuerdo antes de mandar la informaci\u00f3n, por lo que reci\u00e9n este martes, El PUCl\u00edtico pudo tener acceso a las declaraciones de expensas.&nbsp;&nbsp;<\/p>\n\n\n\n<p>Recordemos que seg\u00fan el estatuto FEUC (art. 67. <em>De las rendiciones de cuentas de las campa\u00f1as<\/em>) l<strong>os gastos deben ser declarados al TRICEL dos d\u00edas antes de las elecciones<\/strong>. Sin embargo, seg\u00fan un acuerdo alcanzado por el TRICEL, el plazo l\u00edmite&nbsp;qued\u00f3 para el lunes 21 de octubre a las 23:59 de la noche, o sea, un \u00fanico d\u00eda de antelaci\u00f3n. De esta forma, Amanecer y Solidaridad presentaron su rendici\u00f3n de gastos fuera del plazo estipulado. Debido a esto podr\u00eda existir una sanci\u00f3n, pero esta decisi\u00f3n depende del Tribunal, puesto que en el estatuto no se especifica nada para este tipo de incumplimiento. Hasta la fecha, no hay conocimiento de la posible penalizaci\u00f3n.&nbsp;&nbsp;<\/p>\n\n\n\n<p>De acuerdo con el art\u00edculo 65 del Estatuto, durante la preinscripci\u00f3n de candidaturas, se debe presentar al Secretario General un presupuesto preliminar de los gastos de campa\u00f1a que no supere las 118.86 UF ($4.511.974 pesos chilenos). En caso de que los gastos declarados superen esta cifra, se aplicar\u00e1 una multa proporcional a la Beca Cardenal Ra\u00fal Silva Henr\u00edquez.&nbsp;<\/p>\n\n\n\n<p>Aquello ser\u00eda la \u00fanica reglamentaci\u00f3n con respecto a la materia presupuestaria. Diego Zapata, miembro del TRICEL durante el proceso electoral 2023-24 expres\u00f3 sus preocupaciones referidas al estatuto en un reportaje publicado por El PUCl\u00edtico el 24 de diciembre de 2023: \u201cLa poca regulaci\u00f3n sobre la rendici\u00f3n de cuentas har\u00eda posibles irregularidades. Por ejemplo, <strong>la regulaci\u00f3n actual, hasta cierto punto, permite que la rendici\u00f3n de cuentas sea sin entregar boletas<\/strong>. La regulaci\u00f3n actual es insuficiente y es potencialmente peligrosa\u201d.&nbsp;&nbsp;&nbsp;<\/p>\n\n\n\n<p><strong>Presupuestos preliminares de las campa\u00f1as FEUC 2025:&nbsp;<\/strong>&nbsp;<\/p>\n\n\n\n<ul class=\"wp-block-list\">\n<li>Amanecer: $1.192.000&nbsp;<\/li>\n<\/ul>\n\n\n\n<div class=\"wp-block-file\"><a id=\"wp-block-file--media-6e69a2e0-ba04-4c78-a429-b9fcab7c84fe\" href=\"https:\/\/elpuclitico.cl\/wp-content\/uploads\/2024\/10\/Presupuesto-FEUC-2025-Amanecer_Alex-Molina-Amanecer.xlsx\">Presupuesto Amanecer<\/a><a href=\"https:\/\/elpuclitico.cl\/wp-content\/uploads\/2024\/10\/Presupuesto-FEUC-2025-Amanecer_Alex-Molina-Amanecer.xlsx\" class=\"wp-block-file__button wp-element-button\" download aria-describedby=\"wp-block-file--media-6e69a2e0-ba04-4c78-a429-b9fcab7c84fe\">Descarga<\/a><\/div>\n\n\n\n<ul class=\"wp-block-list\">\n<li>1A: $1.338.500&nbsp;<\/li>\n<\/ul>\n\n\n\n<div class=\"wp-block-file\"><a id=\"wp-block-file--media-9dffe87f-eccf-4637-8775-28f16dd2d3c9\" href=\"https:\/\/elpuclitico.cl\/wp-content\/uploads\/2024\/10\/Presupuesto-de-campana-Lista-1A-2024_Seo-Yang-1-1A.xlsx\">Presupuesto Movimiento Gremial (1A)<\/a><a href=\"https:\/\/elpuclitico.cl\/wp-content\/uploads\/2024\/10\/Presupuesto-de-campana-Lista-1A-2024_Seo-Yang-1-1A.xlsx\" class=\"wp-block-file__button wp-element-button\" download aria-describedby=\"wp-block-file--media-9dffe87f-eccf-4637-8775-28f16dd2d3c9\">Descarga<\/a><\/div>\n\n\n\n<ul class=\"wp-block-list\">\n<li>Solidaridad: $1.274.248&nbsp;<\/li>\n<\/ul>\n\n\n\n<div class=\"wp-block-file\"><a id=\"wp-block-file--media-f107516b-1b47-413d-8e6e-9d110493c26d\" href=\"https:\/\/elpuclitico.cl\/wp-content\/uploads\/2024\/10\/Presupuesto-preliminar-de-campana-FEUC-2024_Pablo-Guerrero-1-SDD.xlsx\">Presupuesto Solidaridad <\/a><a href=\"https:\/\/elpuclitico.cl\/wp-content\/uploads\/2024\/10\/Presupuesto-preliminar-de-campana-FEUC-2024_Pablo-Guerrero-1-SDD.xlsx\" class=\"wp-block-file__button wp-element-button\" download aria-describedby=\"wp-block-file--media-f107516b-1b47-413d-8e6e-9d110493c26d\">Descarga<\/a><\/div>\n\n\n\n<ul class=\"wp-block-list\">\n<li>Avanzar: $1.382.632 \u00a0<\/li>\n<\/ul>\n\n\n\n<div class=\"wp-block-file\"><a id=\"wp-block-file--media-86443d56-005b-4edb-890a-564dc35a676d\" href=\"https:\/\/elpuclitico.cl\/wp-content\/uploads\/2024\/10\/WhatsApp-Image-2024-09-30-at-18.52.38_Benjamin-Gonzalez-2-avanzar.jpeg\">Presupuesto Avanzar<\/a><a href=\"https:\/\/elpuclitico.cl\/wp-content\/uploads\/2024\/10\/WhatsApp-Image-2024-09-30-at-18.52.38_Benjamin-Gonzalez-2-avanzar.jpeg\" class=\"wp-block-file__button wp-element-button\" download aria-describedby=\"wp-block-file--media-86443d56-005b-4edb-890a-564dc35a676d\">Descarga<\/a><\/div>\n\n\n\n<ul class=\"wp-block-list\">\n<li>NAU!: $1.750.480&nbsp;<\/li>\n<\/ul>\n\n\n\n<div class=\"wp-block-file\"><a id=\"wp-block-file--media-3c12b788-f70c-47ef-8000-c4aabd3b6202\" href=\"https:\/\/elpuclitico.cl\/wp-content\/uploads\/2024\/10\/Presupuesto-1_Antonia-Abarca-NAU-1.xlsx\">Presupuesto NAU<\/a><a href=\"https:\/\/elpuclitico.cl\/wp-content\/uploads\/2024\/10\/Presupuesto-1_Antonia-Abarca-NAU-1.xlsx\" class=\"wp-block-file__button wp-element-button\" download aria-describedby=\"wp-block-file--media-3c12b788-f70c-47ef-8000-c4aabd3b6202\">Descarga<\/a><\/div>\n\n\n\n<figure class=\"wp-block-image size-full\"><img fetchpriority=\"high\" decoding=\"async\" width=\"716\" height=\"515\" src=\"https:\/\/elpuclitico.cl\/wp-content\/uploads\/2024\/10\/PRESUPUESTOS.png\" alt=\"\" class=\"wp-image-3091\" srcset=\"https:\/\/elpuclitico.cl\/wp-content\/uploads\/2024\/10\/PRESUPUESTOS.png 716w, https:\/\/elpuclitico.cl\/wp-content\/uploads\/2024\/10\/PRESUPUESTOS-300x216.png 300w\" sizes=\"(max-width: 716px) 100vw, 716px\" \/><\/figure>\n\n\n\n<p><strong>Gastos de campa\u00f1a 2025 declarados por los movimientos<\/strong>&nbsp;<\/p>\n\n\n\n<p>Solidaridad, el movimiento que pas\u00f3 a segunda vuelta, declar\u00f3 haber gastado $2.680.837, superando su presupuesto inicial por m\u00e1s de un mill\u00f3n de pesos. Seg\u00fan la ficha adjuntada, \u2014la cual fue enviada este martes 22 a las 0:40 de la madrugada\u2014,&nbsp;en lo que m\u00e1s se gast\u00f3 fue en dulces Fruna para la segunda vuelta ($493.880); seguido por dulces Fruna para la primera vuelta ($412.030); y, por \u00faltimo, la comida de las jornadas que fue un total de $257.330.&nbsp;&nbsp;<\/p>\n\n\n\n<div class=\"wp-block-file\"><a id=\"wp-block-file--media-197797e3-2aeb-496e-8477-9d4d6e434c6d\" href=\"https:\/\/elpuclitico.cl\/wp-content\/uploads\/2024\/10\/Presupuesto-final-SDD-campana-2025.xlsx\">Gastos Solidaridad<\/a><a href=\"https:\/\/elpuclitico.cl\/wp-content\/uploads\/2024\/10\/Presupuesto-final-SDD-campana-2025.xlsx\" class=\"wp-block-file__button wp-element-button\" download aria-describedby=\"wp-block-file--media-197797e3-2aeb-496e-8477-9d4d6e434c6d\">Descarga<\/a><\/div>\n\n\n\n<p>El movimiento de centro izquierda, la Nueva Acci\u00f3n Universitaria, present\u00f3 un gasto de $1.591.746. Seg\u00fan lo detallado en su documento, enviado el lunes 21 cerca de la medianoche, los mayores gastos se realizaron en banderas ($250.000), estampados de poleras ($216.000) y \u201cCeNAU\u201d, una actividad interna del movimiento para recaudar fondos, donde, seg\u00fan su declaraci\u00f3n de gastos, invirtieron $206.000. El movimiento que actualmente lidera la federaci\u00f3n incluy\u00f3 32 capturas de pantalla con las transferencias efectuadas durante la campa\u00f1a.&nbsp;<\/p>\n\n\n\n<div class=\"wp-block-file\"><a id=\"wp-block-file--media-031bc25e-49de-476a-a4d0-a0f8df3fa219\" href=\"https:\/\/elpuclitico.cl\/wp-content\/uploads\/2024\/10\/PRESUPUESTO-NAU-2024-1.xlsx\">Gastos NAU<\/a><a href=\"https:\/\/elpuclitico.cl\/wp-content\/uploads\/2024\/10\/PRESUPUESTO-NAU-2024-1.xlsx\" class=\"wp-block-file__button wp-element-button\" download aria-describedby=\"wp-block-file--media-031bc25e-49de-476a-a4d0-a0f8df3fa219\">Descarga<\/a><\/div>\n\n\n\n<p>Avanzar, el movimiento liberal, rindi\u00f3 cuentas de $1.350.689. En el documento que present\u00f3 al Tribunal, Avanzar fue el \u00fanico movimiento en presentar boletas, con un total de 22. Sus mayores inversiones fueron en dise\u00f1adora, en donde se declar\u00f3 un total de $250.000; seguido de una m\u00e1quina de chapitas ($156.870) y, por \u00faltimo, el dise\u00f1o stencyl ($100.000).&nbsp;El movimiento azul envi\u00f3 sus gastos este lunes 21 de octubre en la ma\u00f1ana.&nbsp;<\/p>\n\n\n\n<div class=\"wp-block-file\"><a id=\"wp-block-file--media-b837317f-2db0-4cc8-85c7-ac872b85c0d2\" href=\"https:\/\/elpuclitico.cl\/wp-content\/uploads\/2024\/10\/Rendicion-de-Gastos-__Avanzar.xlsx\">Gastos Avanzar<\/a><a href=\"https:\/\/elpuclitico.cl\/wp-content\/uploads\/2024\/10\/Rendicion-de-Gastos-__Avanzar.xlsx\" class=\"wp-block-file__button wp-element-button\" download aria-describedby=\"wp-block-file--media-b837317f-2db0-4cc8-85c7-ac872b85c0d2\">Descarga<\/a><\/div>\n\n\n\n<p>La lista 1A, del Movimiento Gremial, gast\u00f3 un total de $1.329.787, usando menos de lo que ten\u00edan presupuestado preliminarmente. Al igual que el NAU, el MG present\u00f3 sus gastos el lunes 21 cerca de la medianoche. En lo que m\u00e1s se declar\u00f3 gasto fue en la compra de poleras, para la cual, seg\u00fan sus comentarios, transfirieron a dos cuentas distintas un total de $350.000. En segundo lugar, estar\u00eda la comida de campa\u00f1a, que present\u00f3 un gasto de $331.410 y finalmente, $184.560 se declararon en compras a Fruna, como helados y dulces.&nbsp;&nbsp;&nbsp;<\/p>\n\n\n\n<div class=\"wp-block-file\"><a id=\"wp-block-file--media-4097f381-2768-42ff-9a82-7205c6fc3d51\" href=\"https:\/\/elpuclitico.cl\/wp-content\/uploads\/2024\/10\/IMG_2557.jpeg\">Gastos Movimiento Gremial<\/a><a href=\"https:\/\/elpuclitico.cl\/wp-content\/uploads\/2024\/10\/IMG_2557.jpeg\" class=\"wp-block-file__button wp-element-button\" download aria-describedby=\"wp-block-file--media-4097f381-2768-42ff-9a82-7205c6fc3d51\">Descarga<\/a><\/div>\n\n\n\n<p>Por su parte,&nbsp;Amanecer fue el \u00faltimo en enviar su rendici\u00f3n de cuentas al TRICEL. El pacto de izquierda envi\u00f3 sus gastos de campa\u00f1a este martes 22 a las 10:59 de la ma\u00f1ana. Seg\u00fan lo declarado en el documento, la lista gast\u00f3 $1.077.030 en primera y segunda vuelta, invirtiendo alrededor de $100.000 menos de lo presentado en el presupuesto. Entre los mayores gastos de campa\u00f1a de esta lista, se encuentran la realizaci\u00f3n de flyers por $463.100, la compra de pinturas, brochas y pinceles por $183.200 y la adquisici\u00f3n de chapitas por $150.000 en segunda vuelta. De esta forma, Amanecer es la lista que menos gastos de campa\u00f1a tuvo seg\u00fan lo declarado.&nbsp;<\/p>\n\n\n\n<div class=\"wp-block-file\"><a id=\"wp-block-file--media-99edb377-effb-4519-85e5-97da3199d141\" href=\"https:\/\/elpuclitico.cl\/wp-content\/uploads\/2024\/10\/Rendicion-de-Cuentas-Amanecer-2024-1.xlsx\">Gastos Amanecer <\/a><a href=\"https:\/\/elpuclitico.cl\/wp-content\/uploads\/2024\/10\/Rendicion-de-Cuentas-Amanecer-2024-1.xlsx\" class=\"wp-block-file__button wp-element-button\" download aria-describedby=\"wp-block-file--media-99edb377-effb-4519-85e5-97da3199d141\">Descarga<\/a><\/div>\n\n\n\n<figure class=\"wp-block-image size-full\"><img decoding=\"async\" width=\"715\" height=\"538\" src=\"https:\/\/elpuclitico.cl\/wp-content\/uploads\/2024\/10\/GASTOS.png\" alt=\"\" class=\"wp-image-3092\" srcset=\"https:\/\/elpuclitico.cl\/wp-content\/uploads\/2024\/10\/GASTOS.png 715w, https:\/\/elpuclitico.cl\/wp-content\/uploads\/2024\/10\/GASTOS-300x225.png 300w\" sizes=\"(max-width: 715px) 100vw, 715px\" \/><\/figure>\n\n\n\n<p>Cabe recalcar que en el estatuto no se indica que los movimientos deban presentar boletas o alg\u00fan documento que respalde los gastos declarados. Adem\u00e1s, los montos presentados en el reportaje corresponden a declaraciones realizadas por las listas al Tribunal, los cuales no han sido visados y que podr\u00edan diferir de los gastos reales.<\/p>\n","protected":false},"excerpt":{"rendered":"<p>Durante el lunes las cinco fuerzas que presentaron lista declararon sus gastos de campa\u00f1a 2025 al TRICEL. Las de Amanecer y Solidaridad fueron enviadas fuera de plazo seg\u00fan lo establecido por el Tribunal. Las campa\u00f1as sobrepasaron los 6 millones de pesos en total, siendo las m\u00e1s costosas la de Solidaridad y NAU! El pasado s\u00e1bado, [&hellip;]<\/p>\n","protected":false},"author":1,"featured_media":3091,"comment_status":"open","ping_status":"open","sticky":false,"template":"","format":"standard","meta":{"_eb_attr":"","_gspb_post_css":"","om_disable_all_campaigns":false,"_monsterinsights_skip_tracking":false,"_monsterinsights_sitenote_active":false,"_monsterinsights_sitenote_note":"","_monsterinsights_sitenote_category":0,"footnotes":""},"categories":[14,44,17],"tags":[22],"class_list":["post-3090","post","type-post","status-publish","format-standard","has-post-thumbnail","hentry","category-actualidad","category-elecciones-feuc-2025","category-politicauniversitaria","tag-destacado"],"blocksy_meta":[],"aioseo_notices":[],"_links":{"self":[{"href":"https:\/\/elpuclitico.cl\/index.php\/wp-json\/wp\/v2\/posts\/3090","targetHints":{"allow":["GET"]}}],"collection":[{"href":"https:\/\/elpuclitico.cl\/index.php\/wp-json\/wp\/v2\/posts"}],"about":[{"href":"https:\/\/elpuclitico.cl\/index.php\/wp-json\/wp\/v2\/types\/post"}],"author":[{"embeddable":true,"href":"https:\/\/elpuclitico.cl\/index.php\/wp-json\/wp\/v2\/users\/1"}],"replies":[{"embeddable":true,"href":"https:\/\/elpuclitico.cl\/index.php\/wp-json\/wp\/v2\/comments?post=3090"}],"version-history":[{"count":5,"href":"https:\/\/elpuclitico.cl\/index.php\/wp-json\/wp\/v2\/posts\/3090\/revisions"}],"predecessor-version":[{"id":3111,"href":"https:\/\/elpuclitico.cl\/index.php\/wp-json\/wp\/v2\/posts\/3090\/revisions\/3111"}],"wp:featuredmedia":[{"embeddable":true,"href":"https:\/\/elpuclitico.cl\/index.php\/wp-json\/wp\/v2\/media\/3091"}],"wp:attachment":[{"href":"https:\/\/elpuclitico.cl\/index.php\/wp-json\/wp\/v2\/media?parent=3090"}],"wp:term":[{"taxonomy":"category","embeddable":true,"href":"https:\/\/elpuclitico.cl\/index.php\/wp-json\/wp\/v2\/categories?post=3090"},{"taxonomy":"post_tag","embeddable":true,"href":"https:\/\/elpuclitico.cl\/index.php\/wp-json\/wp\/v2\/tags?post=3090"}],"curies":[{"name":"wp","href":"https:\/\/api.w.org\/{rel}","templated":true}]}}