{"id":3112,"date":"2024-10-23T14:33:17","date_gmt":"2024-10-23T14:33:17","guid":{"rendered":"https:\/\/elpuclitico.cl\/?p=3112"},"modified":"2025-12-28T22:19:11","modified_gmt":"2025-12-28T22:19:11","slug":"javiera-diaz-luz-de-valentia","status":"publish","type":"post","link":"https:\/\/elpuclitico.cl\/index.php\/2024\/10\/23\/javiera-diaz-luz-de-valentia\/","title":{"rendered":"JAVIERA D\u00cdAZ: Luz de valent\u00eda"},"content":{"rendered":"\n<p><em>La candidata busca una in\u00e9dita presidencia de la Federaci\u00f3n de Estudiantes de la Universidad Cat\u00f3lica. Estudiante de Ciencia Pol\u00edtica, criada pol\u00edticamente bajo el alero del feminismo, frenteamplista y la indiscutible cara visible de una izquierda renovada que llega a destronar la hegemon\u00eda NAU!, D\u00edaz se enfrenta no solo ante Solidaridad, sino tambi\u00e9n a un sector no menor del estudiantado que ve con distancia el proyecto \u201cm\u00e1s a la izquierda\u201d. \u00bfQui\u00e9n es Javiera D\u00edaz? \u00bfLograr\u00e1 el\u201camanecer\u201d?<\/em><\/p>\n\n\n\n<p>Es un d\u00eda m\u00e1s de primavera en Santiago. Cerca de las 6 de la tarde el sol comienza a caer, por lo cual hay cada vez menos luz natural en el patio de Derecho de la Pontificia Universidad Cat\u00f3lica de Chile. Javiera D\u00edaz -Javidi, para los amigos- lleva todo el d\u00eda en tareas de campa\u00f1a. Acaba de salir de una reuni\u00f3n de lista junto a la Direcci\u00f3n de Asuntos Estudiantiles y hace s\u00f3lo un par de horas tuvo el tercer debate de la semana.<\/p>\n\n\n\n<ul class=\"wp-block-list\"><\/ul>\n\n\n\n<p>&#8211; <strong>\u00bfHa sido muy duro lo de los debates?<\/strong><\/p>\n\n\n\n<p><strong><em>\u201cS\u00ed, igual s\u00ed. Pero creo que, no s\u00e9, a veces uno quiere presentar m\u00e1s ideas de programa y eso igual cuesta porque se van muy a la pelea chica. No te digo que tampoco somos inocentes en tirar esos palos, pero en segunda vuelta igual ya es como \u2018caen de nuevo en lo mismo\u2019, entonces es m\u00e1s cansador\u201d.&nbsp;<\/em><\/strong><\/p>\n\n\n\n<p>\u201cNo podemos permitir que nuestra casa de estudios caiga en manos de estudiantes que son manipulados por partidos pol\u00edticos y que tientan contra la libertad de expresi\u00f3n en nuestra Universidad\u201d, as\u00ed versa un post del Movimiento Gremial donde le dan apoyo electoral a Solidaridad en segunda vuelta. Por otra parte, Avanzar, que si bien no le da apoyo a ninguna lista particular, el argumento para con Amanecer se adscribe al \u201cuso de la violencia como m\u00e9todo de acci\u00f3n pol\u00edtica\u201d y \u201cla imposici\u00f3n de agendas de partidos pol\u00edticos ajenos a los intereses de nuestros compa\u00f1eros\u201d. La cr\u00edtica que m\u00e1s se repite apunta a tres de los cuatro movimientos que componen Amanecer: la Brigada Universitaria Socialista, el ala del Frente Amplio en la UC y las Juventudes Comunistas UC. Movimientos que en esencia no nacen puramente de las bases estudiantiles, sino de una fuerte inspiraci\u00f3n partidista.&nbsp;<\/p>\n\n\n\n<p>La pol\u00edtica agota, y Javiera que bastante tiempo lleva en esto, lo sabe. Sus primeros acercamientos nacen de la figura de la ex presidenta Michelle Bachelet, ya que, recuerda con asombro su semblante tan hist\u00f3rico y lo in\u00e9dito que una mujer llegase a la presidencia; no porque no fuera importante, sino por lo ins\u00f3lito de no haber existido nunca antes una presidenta.<\/p>\n\n\n\n<p>Luego de un espor\u00e1dico pasar por el centro de alumnos de su colegio, Javidi se hizo parte activa del movimiento feminista. En la misma l\u00ednea, menciona como la toma feminista de Casa Central en 2018 lleg\u00f3 a varios establecimientos de Chile, incluyendo el suyo:&nbsp; \u201c Yo estaba en segundo medio (&#8230;), me acuerdo que hicimos una asamblea feminista por primera vez. Ah\u00ed fui y cach\u00e9 a las cabras m\u00e1s grandes que estaban planteandome esto (&#8230;), empec\u00e9 todo lo que era mi representaci\u00f3n estudiantil desde el feminismo, siempre fue desde ah\u00ed y era lo que se me hac\u00eda m\u00e1s c\u00f3modo tambi\u00e9n\u201d.<\/p>\n\n\n\n<p>Luego de un 2018 y 2019 turbados entre toma y estallido social, lleg\u00f3 el 2020. El \u00faltimo a\u00f1o de ense\u00f1anza media de Javidi que, truncado por la pandemia, la llev\u00f3 a hacerse parte de Tremendas, una organizaci\u00f3n que en sus palabras: \u201des de ni\u00f1as y j\u00f3venes que creen que deben ser las motoras del cambio, un espacio para que puedan hacer un activismo desde sus vivencias y sus convicciones, desde el feminismo y la acci\u00f3n clim\u00e1tica\u201d. Hace poco m\u00e1s de un a\u00f1o que es la vocera de esta organizaci\u00f3n, la cual le entreg\u00f3 las primeras armas para que, a d\u00eda de hoy, sea una carta presidencial a la FEUC.<\/p>\n\n\n\n<p>Entr\u00f3 a Tremendas en 2020, y en 2021 a la UC. En segundo medio comenz\u00f3 la b\u00fasqueda sobre qu\u00e9 carrera estudiar, y entre el limbo del Derecho, la Sociolog\u00eda y la Ciencia Pol\u00edtica, prefiri\u00f3 decantarse por esta \u00faltima. \u00bfY por qu\u00e9 Ciencia Pol\u00edtica? Porque, en palabras de Javidi, es una carrera con una interdisciplinariedad de la cual las otras opciones carecen. \u201cEntr\u00e9 el primer a\u00f1o, tuve mi primer ramo de pol\u00edtica comparada y dije: esto es lo que siempre estuve buscando\u201d, rememora Javiera.<\/p>\n\n\n\n<p>Ingres\u00f3 al extinto partido Convergencia Social en 2021 para hacer campa\u00f1a por el presidente Gabriel Boric. Javiera dice que \u201ccree en un proyecto liderado por \u00e9l\u201d y ah\u00ed le pica el bichito m\u00e1s en serio. Comenz\u00f3 en el comando por Boric dentro de su comuna y luego poco a poco se fue alejando del partido, pues hab\u00eda espacios en donde, al haber mucha gente (grupos de cientos de personas), no ve\u00eda tanta participaci\u00f3n. Sin embargo, tras una historia de Instagram a raz\u00f3n de la Feria Novata, D\u00edaz se entera que existe una base de Convergencia Social en la UC y se une. En sus palabras ah\u00ed encontr\u00f3 un espacio donde aterrizar sus \u201cideas como estudiante y una militancia m\u00e1s activa con el frente estudiantil\u201d.<\/p>\n\n\n\n<p>Dos a\u00f1os despu\u00e9s, tras entrar a la vocal\u00eda de g\u00e9nero y disidencias de Ciencia Pol\u00edtica, desde su base le proponen postular a la consejer\u00eda territorial por Humanidades en representaci\u00f3n de lo que fue el pacto Otra Era. Candidatura que fue un \u00e9xito pues Javidi fue electa con la primera mayor\u00eda.&nbsp;<\/p>\n\n\n\n<p>\u201cNo esperaba que ser consejera territorial fuera tan lindo\u201d dice D\u00edaz.\u201cMe gustaba mucho por el aporte a mi territorio, como tambi\u00e9n porque al ser un cargo que si bien es representaci\u00f3n estudiantil, tambi\u00e9n tiene un lado pol\u00edtico que no tiene, por ejemplo, un centro de estudiante\u201d destaca la candidata.<\/p>\n\n\n\n<p>Respecto a lo que respecta ser federaci\u00f3n, Javidi da cuenta de lo admirable y dif\u00edcil que es dicho trabajo. \u201cValoro mucho lo que puede llegar a ser el rol de una presidencia, el potencial que se le puede sacar, creo que es bac\u00e1n y no se usa el potencial. Yo siempre miraba la presidencia diciendo \u00absi yo fuera presidente har\u00eda esto\u201d.<\/p>\n\n\n\n<p><strong><em>\u201c(&#8230;) para un poco resolver temas que llevan mucho rato en espera\u201d<\/em><\/strong><\/p>\n\n\n\n<ul class=\"wp-block-list\"><\/ul>\n\n\n\n<p>&#8211; <strong>\u00bfC\u00f3mo qu\u00e9?<\/strong><\/p>\n\n\n\n<p><strong><em>\u201cLa conexi\u00f3n con los centros de estudiantes ha sido d\u00e9bil y eso te solventa muchos cosas de gesti\u00f3n hacia atr\u00e1s. Salud mental siempre es un tema, pero hay que mirarlo con altura de miras porque muchas veces llegan los movimientos con propuestas que no competen a la federaci\u00f3n\u201d.<\/em><\/strong><\/p>\n\n\n\n<p>Amanecer, el amplio pacto pol\u00edtico de izquierda el cual lidera Javiera, y que debut\u00f3 de manera triunfal alz\u00e1ndose con la primera mayor\u00eda, seg\u00fan cuenta ten\u00eda proyecciones divididas respecto a los resultados de la pasada primera vuelta. \u201cPara&nbsp; algunos era \u00b4s\u00ed, vamos con todo\u00b4, para otros era m\u00e1s un sue\u00f1o, quienes ven\u00edamos de la Otra Era. En ese momento fuimos s\u00faper realistas y dijimos tercera mayor\u00eda es super bueno para ser la primera vez, entonces ven\u00edamos con esa altura de miras de lo que fue el a\u00f1o pasado. Siempre supimos que pod\u00edamos dar una pelea s\u00faper importante, porque muchos venimos desde las consejer\u00edas territoriales y los centros de estudiantes entonces cachamos lo que muy en la base pasaba\u201d.<\/p>\n\n\n\n<ul class=\"wp-block-list\"><\/ul>\n\n\n\n<p>&#8211; <strong>\u00bfPor qu\u00e9 la lista de Amanecer deber\u00eda ser la nueva Federaci\u00f3n de Estudiantes de la UC?<\/strong><\/p>\n\n\n\n<p><strong><em>\u201cEl estudiante no solo est\u00e1 orgulloso de estar en la UC sino que quiere vivir en la UC, y creo que en ese sentido somos un proyecto que ofrece eso, m\u00e1s all\u00e1 de los temas pol\u00edticos que nos diferencian de las dem\u00e1s listas (&#8230;), mostrar una alternativa responsable aunque a veces eso no sea lo que m\u00e1s prende\u201d.<\/em><\/strong><\/p>\n\n\n\n<p>Javiera D\u00edaz se define como una mujer obstinada, lo cual en sus palabras \u201cle juega tanto a favor como en contra\u201d al momento de liderar un proyecto como el que encabeza. Una autodenominada \u201cmujer \u00f1o\u00f1a\u201d que le fascina la ciencia pol\u00edtica pues \u201cle puede cambiar mucho la vida a las personas\u201d, Es f\u00e9rrea hincha de la Universidad de Chile, y si bien han sido d\u00edas de mucho ajetreo, comenta que no se ha perdido ning\u00fan partido de local este a\u00f1o.&nbsp;<\/p>\n\n\n\n<p>&#8211; <strong>\u00bfC\u00f3mo te definir\u00edas en tres palabras?<\/strong><\/p>\n\n\n\n<p><strong><em>\u201cApasionada, valiente y feminista\u201d.<\/em><\/strong><\/p>\n\n\n\n<p>Ya han pasado poco m\u00e1s de 30 minutos de conversaci\u00f3n y Javiera D\u00edaz est\u00e1 dispuesta a concluir uno m\u00e1s de los varios d\u00edas que le quedan de campa\u00f1a, no sin antes marcar un punto no solo respecto a su conglomerado, sino sobre todos sus pares de la representaci\u00f3n estudiantil: \u201cYo creo que hacer esto en la UC no es menor. Yo creo que cualquier candidato es muy valiente. Es muy valiente decir las ideas que uno tiene\u201d.<\/p>\n","protected":false},"excerpt":{"rendered":"<p>La candidata busca una in\u00e9dita presidencia de la Federaci\u00f3n de Estudiantes de la Universidad Cat\u00f3lica. Estudiante de Ciencia Pol\u00edtica, criada pol\u00edticamente bajo el alero del feminismo, frenteamplista y la indiscutible cara visible de una izquierda renovada que llega a destronar la hegemon\u00eda NAU!, D\u00edaz se enfrenta no solo ante Solidaridad, sino tambi\u00e9n a un sector [&hellip;]<\/p>\n","protected":false},"author":1,"featured_media":3114,"comment_status":"open","ping_status":"open","sticky":false,"template":"","format":"standard","meta":{"_eb_attr":"","_gspb_post_css":"","om_disable_all_campaigns":false,"_monsterinsights_skip_tracking":false,"_monsterinsights_sitenote_active":false,"_monsterinsights_sitenote_note":"","_monsterinsights_sitenote_category":0,"footnotes":""},"categories":[14,44,17],"tags":[22],"class_list":["post-3112","post","type-post","status-publish","format-standard","has-post-thumbnail","hentry","category-actualidad","category-elecciones-feuc-2025","category-politicauniversitaria","tag-destacado"],"blocksy_meta":[],"aioseo_notices":[],"_links":{"self":[{"href":"https:\/\/elpuclitico.cl\/index.php\/wp-json\/wp\/v2\/posts\/3112","targetHints":{"allow":["GET"]}}],"collection":[{"href":"https:\/\/elpuclitico.cl\/index.php\/wp-json\/wp\/v2\/posts"}],"about":[{"href":"https:\/\/elpuclitico.cl\/index.php\/wp-json\/wp\/v2\/types\/post"}],"author":[{"embeddable":true,"href":"https:\/\/elpuclitico.cl\/index.php\/wp-json\/wp\/v2\/users\/1"}],"replies":[{"embeddable":true,"href":"https:\/\/elpuclitico.cl\/index.php\/wp-json\/wp\/v2\/comments?post=3112"}],"version-history":[{"count":2,"href":"https:\/\/elpuclitico.cl\/index.php\/wp-json\/wp\/v2\/posts\/3112\/revisions"}],"predecessor-version":[{"id":3116,"href":"https:\/\/elpuclitico.cl\/index.php\/wp-json\/wp\/v2\/posts\/3112\/revisions\/3116"}],"wp:featuredmedia":[{"embeddable":true,"href":"https:\/\/elpuclitico.cl\/index.php\/wp-json\/wp\/v2\/media\/3114"}],"wp:attachment":[{"href":"https:\/\/elpuclitico.cl\/index.php\/wp-json\/wp\/v2\/media?parent=3112"}],"wp:term":[{"taxonomy":"category","embeddable":true,"href":"https:\/\/elpuclitico.cl\/index.php\/wp-json\/wp\/v2\/categories?post=3112"},{"taxonomy":"post_tag","embeddable":true,"href":"https:\/\/elpuclitico.cl\/index.php\/wp-json\/wp\/v2\/tags?post=3112"}],"curies":[{"name":"wp","href":"https:\/\/api.w.org\/{rel}","templated":true}]}}