{"id":3123,"date":"2024-11-04T16:11:07","date_gmt":"2024-11-04T16:11:07","guid":{"rendered":"https:\/\/elpuclitico.cl\/?p=3123"},"modified":"2024-11-04T16:11:08","modified_gmt":"2024-11-04T16:11:08","slug":"profesoras-en-derecho-uc","status":"publish","type":"post","link":"https:\/\/elpuclitico.cl\/index.php\/2024\/11\/04\/profesoras-en-derecho-uc\/","title":{"rendered":"\u00bfProfesorAs en Derecho UC?"},"content":{"rendered":"\n<p>Terminando el a\u00f1o y sobre todo el per\u00edodo de solemnes, creemos que es un buen momento para reflexionar sobre la docencia. Y espec\u00edficamente, respecto al cuerpo docente femenino en nuestra Facultad.&nbsp;<\/p>\n\n\n\n<p>No podemos evitar demostrar nuestra preocupaci\u00f3n sobre el bajo porcentaje de profesoras en la Facultad de Derecho UC. Cifras impactantes saltan a la vista, tales como que, de los 10 departamentos de la Facultad, s\u00f3lo <strong>3 <\/strong>tienen una directora mujer. O, de toda la planta profesional de la Facultad, \u00fanicamente nos encontramos con <strong>85 <\/strong>mujeres frente a 304 hombres. M\u00e1s sorprendente a\u00fan es el hecho de que, de un total de 8 profesores titulares, solo 1 de ellas es mujer.<\/p>\n\n\n\n<p>La inquietud sobre la falta de mujeres en el cuerpo docente de Derecho UC es de gran importancia, en especial considerando que todos los a\u00f1os ingresan a la carrera un <strong>50% o m\u00e1s<\/strong> de alumnas, pero preocupantemente esa realidad no se ve reflejada en la Academia. Poder contar con <strong>referentes <\/strong>o mentoras a lo largo de nuestro desempe\u00f1o y carrera acad\u00e9mica, s\u00ed que genera un cambio. Las profesoras son el primer ejemplo que tenemos en las salas de clases, son quienes nos impactan e inspiran directamente, y corren el cerco de lo posible para nosotras, sus alumnas. Y es que fomentar la Academia femenina desde adentro, con las alumnas y profesoras presentes hoy, es precisamente lo que necesitamos.<\/p>\n\n\n\n<p>Uno de los primeros pasos para acercarnos a una Academia con mayor presencia femenina nace desde el genuino inter\u00e9s. Aquel inter\u00e9s que demuestran las alumnas apasionadas por un ramo, que buscan abrirse camino e insertarse en la Academia siendo asistentes o ayudantes de los y las docentes. Se necesitan acciones afirmativas en pro de la participaci\u00f3n de la mujer tanto en el cuerpo docente como en el cuerpo de ayudantes, dado que este es el primer paso para encaminarse hacia la docencia. Adem\u00e1s, creemos que es necesario poder potenciar a aquellas ayudantes y profesoras que ya son parte del cuerpo docente, pues no solo basta con promover el <strong>ingreso <\/strong>de aquellas, sino tambi\u00e9n su <strong>continuidad<\/strong>.<\/p>\n\n\n\n<p>Sabemos que lograr un aumento de las mujeres en docencia y academia no es f\u00e1cil. Aun reconociendo las acciones concretas que ha tomado la Facultad en esta direcci\u00f3n, como con la Beca Mar\u00eda Cristina Navajas, como Consejer\u00eda Acad\u00e9mica y CADe consideramos relevante tomar este desaf\u00edo y avanzar hacia una Academia en donde cada vez nos veamos <strong>m\u00e1s representadas e incluidas<\/strong>, puesto que hoy somos pocas, muy pocas.<\/p>\n\n\n\n<p>El himno de nuestra universidad dice \u201c(\u2026) Por la patria, por Dios, y por la Universidad\u201d. Pero \u00bfcu\u00e1ndo llegar\u00e1 el momento en que podamos realmente construir y hacer Universidad con <strong>nosotras<\/strong>?<\/p>\n\n\n\n<p>La <strong>primera alumna<\/strong> de nuestra Universidad y de nuestra Facultad fue <strong>Celia P\u00e9rez<\/strong>, y al momento de su egreso ya hab\u00eda <strong>16 compa\u00f1eras<\/strong> que segu\u00edan sus pasos. As\u00ed como ella movi\u00f3 el cerco para todas, <strong>queremos m\u00e1s profesoras<\/strong> que puedan seguir levantando barreras para cada alumna de Derecho UC.&nbsp;<\/p>\n\n\n\n<p><strong>Cameron Catal\u00e1n, Presidenta CADe<\/strong><\/p>\n\n\n\n<p><strong>Magdalena Toro, Sub Consejera Acad\u00e9mica<\/strong><\/p>\n\n\n\n<p><strong>Isidora Guzm\u00e1n, Vice Presidenta CADe<\/strong><\/p>\n\n\n\n<p><strong>Pascale Gay\u00e1n, Secretaria General CADe<\/strong><\/p>\n\n\n\n<p><strong>Florencia Y\u00e1\u00f1ez, Tesorera CADe<\/strong><\/p>\n\n\n\n<p><strong>Greyt Tyther, Secretaria Ejecutiva CADe<\/strong><\/p>\n\n\n\n<p><strong>Antonia Cerpa, Coordinadora Consejer\u00eda Acad\u00e9mica<\/strong><\/p>\n\n\n\n<p><strong>Christiane Curtze, Coordinadora Consejer\u00eda Acad\u00e9mica<\/strong><\/p>\n\n\n\n<p><strong>Isidora Uribe, Coordinadora Consejer\u00eda Acad\u00e9mica<\/strong><\/p>\n","protected":false},"excerpt":{"rendered":"<p>Terminando el a\u00f1o y sobre todo el per\u00edodo de solemnes, creemos que es un buen momento para reflexionar sobre la docencia. Y espec\u00edficamente, respecto al cuerpo docente femenino en nuestra Facultad.&nbsp; No podemos evitar demostrar nuestra preocupaci\u00f3n sobre el bajo porcentaje de profesoras en la Facultad de Derecho UC. Cifras impactantes saltan a la vista, [&hellip;]<\/p>\n","protected":false},"author":1,"featured_media":3124,"comment_status":"open","ping_status":"open","sticky":false,"template":"","format":"standard","meta":{"_eb_attr":"","_gspb_post_css":"","om_disable_all_campaigns":false,"_monsterinsights_skip_tracking":false,"_monsterinsights_sitenote_active":false,"_monsterinsights_sitenote_note":"","_monsterinsights_sitenote_category":0,"footnotes":""},"categories":[12,21],"tags":[],"class_list":["post-3123","post","type-post","status-publish","format-standard","has-post-thumbnail","hentry","category-columnas-de-opinion","category-opinion"],"blocksy_meta":[],"aioseo_notices":[],"_links":{"self":[{"href":"https:\/\/elpuclitico.cl\/index.php\/wp-json\/wp\/v2\/posts\/3123","targetHints":{"allow":["GET"]}}],"collection":[{"href":"https:\/\/elpuclitico.cl\/index.php\/wp-json\/wp\/v2\/posts"}],"about":[{"href":"https:\/\/elpuclitico.cl\/index.php\/wp-json\/wp\/v2\/types\/post"}],"author":[{"embeddable":true,"href":"https:\/\/elpuclitico.cl\/index.php\/wp-json\/wp\/v2\/users\/1"}],"replies":[{"embeddable":true,"href":"https:\/\/elpuclitico.cl\/index.php\/wp-json\/wp\/v2\/comments?post=3123"}],"version-history":[{"count":2,"href":"https:\/\/elpuclitico.cl\/index.php\/wp-json\/wp\/v2\/posts\/3123\/revisions"}],"predecessor-version":[{"id":3126,"href":"https:\/\/elpuclitico.cl\/index.php\/wp-json\/wp\/v2\/posts\/3123\/revisions\/3126"}],"wp:featuredmedia":[{"embeddable":true,"href":"https:\/\/elpuclitico.cl\/index.php\/wp-json\/wp\/v2\/media\/3124"}],"wp:attachment":[{"href":"https:\/\/elpuclitico.cl\/index.php\/wp-json\/wp\/v2\/media?parent=3123"}],"wp:term":[{"taxonomy":"category","embeddable":true,"href":"https:\/\/elpuclitico.cl\/index.php\/wp-json\/wp\/v2\/categories?post=3123"},{"taxonomy":"post_tag","embeddable":true,"href":"https:\/\/elpuclitico.cl\/index.php\/wp-json\/wp\/v2\/tags?post=3123"}],"curies":[{"name":"wp","href":"https:\/\/api.w.org\/{rel}","templated":true}]}}