{"id":3190,"date":"2025-01-30T11:44:07","date_gmt":"2025-01-30T11:44:07","guid":{"rendered":"https:\/\/elpuclitico.cl\/?p=3190"},"modified":"2025-01-30T11:58:12","modified_gmt":"2025-01-30T11:58:12","slug":"fin-a-una-era-juan-carlos-de-la-llera-sera-el-sucesor-de-ignacio-sanchez","status":"publish","type":"post","link":"https:\/\/elpuclitico.cl\/index.php\/2025\/01\/30\/fin-a-una-era-juan-carlos-de-la-llera-sera-el-sucesor-de-ignacio-sanchez\/","title":{"rendered":"Fin a una era: Juan Carlos de la Llera ser\u00e1 el sucesor de Ignacio S\u00e1nchez"},"content":{"rendered":"\n<p><em>El profesor titular de la Facultad de Ingenier\u00eda desde 2010 y exdecano durante 12 a\u00f1os, asumir\u00e1 el cargo de rector, con un mandato que se extender\u00e1 hasta 2030\u00a0<\/em><\/p>\n\n\n\n<p>De padre espa\u00f1ol y madre chilena, Juan fue el primero de su familia en ingresar a la universidad.&nbsp;<\/p>\n\n\n\n<p>Es ingeniero civil de la UC, con maestr\u00eda y doctorado de la Universidad de California, Berkeley, especializados en modelamiento y din\u00e1mica estructural, sistemas de reducci\u00f3n de vibraciones y riesgo s\u00edsmico.&nbsp;<\/p>\n\n\n\n<p>Ha trabajado en la creaci\u00f3n de sistemas para reducir vibraciones en estructuras, lo que lo catapult\u00f3 a ser considerado uno de los ingenieros m\u00e1s importantes del mundo. Se le ha reconocido por su trabajo en disipadores de energ\u00eda en la Torre Titanium, adem\u00e1s de en m\u00faltiples hospitales y aeropuertos. Al respecto, en una entrevista con&nbsp;El PUCl\u00edtico&nbsp;el pasado mes de septiembre, indic\u00f3 que estos sistemas \u201cprotegieron la estructura para el gran terremoto de 2010, y entre 1995 y 2010 (&#8230;) yo desarroll\u00e9 toda esta tecnolog\u00eda en Chile\u201d.&nbsp;<\/p>\n\n\n\n<p>De la Llera, ya hab\u00eda manifestado su inter\u00e9s por ser el nuevo rector de la UC. Al respecto, se\u00f1al\u00f3 que en medio del \u00fanico a\u00f1o sab\u00e1tico que ha tomado en su vida, se \u201creencant\u00f3\u201d con la posibilidad de presentar un proyecto para la universidad y la rector\u00eda.&nbsp;&nbsp;<\/p>\n\n\n\n<p>En el pasado, de la Llera manifest\u00f3 al PUCl\u00edtico&nbsp;que, en caso de ser electo, destacar\u00eda la direcci\u00f3n de \u201cuna universidad al servicio de Chile, pero desde lo que sabe hacer, que es formar a las mejores personas y a los mejores ciudadanos (&#8230;), una universidad que est\u00e1 muy consciente de las dificultades del pa\u00eds, que tiene que seguir avanzando desde lo t\u00e9cnico hasta lo humano m\u00e1s profundo.\u201d&nbsp;<\/p>\n\n\n\n<p>El reconocido acad\u00e9mico y profesional ser\u00e1 el nuevo sucesor de Ignacio S\u00e1nchez, y estar\u00e1 en el cargo hasta 2030.\u00a0<\/p>\n\n\n\n<p><\/p>\n","protected":false},"excerpt":{"rendered":"<p>El profesor titular de la Facultad de Ingenier\u00eda desde 2010 y exdecano durante 12 a\u00f1os, asumir\u00e1 el cargo de rector, con un mandato que se extender\u00e1 hasta 2030\u00a0 De padre espa\u00f1ol y madre chilena, Juan fue el primero de su familia en ingresar a la universidad.&nbsp; Es ingeniero civil de la UC, con maestr\u00eda y [&hellip;]<\/p>\n","protected":false},"author":1,"featured_media":3239,"comment_status":"open","ping_status":"open","sticky":false,"template":"","format":"standard","meta":{"_eb_attr":"","_gspb_post_css":"","om_disable_all_campaigns":false,"_monsterinsights_skip_tracking":false,"_monsterinsights_sitenote_active":false,"_monsterinsights_sitenote_note":"","_monsterinsights_sitenote_category":0,"footnotes":""},"categories":[14],"tags":[22],"class_list":["post-3190","post","type-post","status-publish","format-standard","has-post-thumbnail","hentry","category-actualidad","tag-destacado"],"blocksy_meta":[],"aioseo_notices":[],"_links":{"self":[{"href":"https:\/\/elpuclitico.cl\/index.php\/wp-json\/wp\/v2\/posts\/3190","targetHints":{"allow":["GET"]}}],"collection":[{"href":"https:\/\/elpuclitico.cl\/index.php\/wp-json\/wp\/v2\/posts"}],"about":[{"href":"https:\/\/elpuclitico.cl\/index.php\/wp-json\/wp\/v2\/types\/post"}],"author":[{"embeddable":true,"href":"https:\/\/elpuclitico.cl\/index.php\/wp-json\/wp\/v2\/users\/1"}],"replies":[{"embeddable":true,"href":"https:\/\/elpuclitico.cl\/index.php\/wp-json\/wp\/v2\/comments?post=3190"}],"version-history":[{"count":3,"href":"https:\/\/elpuclitico.cl\/index.php\/wp-json\/wp\/v2\/posts\/3190\/revisions"}],"predecessor-version":[{"id":3242,"href":"https:\/\/elpuclitico.cl\/index.php\/wp-json\/wp\/v2\/posts\/3190\/revisions\/3242"}],"wp:featuredmedia":[{"embeddable":true,"href":"https:\/\/elpuclitico.cl\/index.php\/wp-json\/wp\/v2\/media\/3239"}],"wp:attachment":[{"href":"https:\/\/elpuclitico.cl\/index.php\/wp-json\/wp\/v2\/media?parent=3190"}],"wp:term":[{"taxonomy":"category","embeddable":true,"href":"https:\/\/elpuclitico.cl\/index.php\/wp-json\/wp\/v2\/categories?post=3190"},{"taxonomy":"post_tag","embeddable":true,"href":"https:\/\/elpuclitico.cl\/index.php\/wp-json\/wp\/v2\/tags?post=3190"}],"curies":[{"name":"wp","href":"https:\/\/api.w.org\/{rel}","templated":true}]}}