{"id":3205,"date":"2025-01-07T22:09:59","date_gmt":"2025-01-07T22:09:59","guid":{"rendered":"https:\/\/elpuclitico.cl\/?p=3205"},"modified":"2026-02-25T03:59:37","modified_gmt":"2026-02-25T03:59:37","slug":"fin-a-los-ofg-retirables-representantes-estudiantiles-presentan-carta-contra-la-medida","status":"publish","type":"post","link":"https:\/\/elpuclitico.cl\/index.php\/2025\/01\/07\/fin-a-los-ofg-retirables-representantes-estudiantiles-presentan-carta-contra-la-medida\/","title":{"rendered":"Fin a los OFG retirables: Representantes estudiantiles presentan carta contra la medida."},"content":{"rendered":"\n<p><strong><em>El pasado 26 de diciembre, mediante un correo masivo, Formaci\u00f3n General UC anunci\u00f3 que sus cursos ser\u00edan no retirables. La noticia caus\u00f3 pol\u00e9mica y sorpresa. Por esto, una serie de representantes estudiantiles present\u00f3 una carta en contra de la medida.\u00a0<\/em><\/strong><\/p>\n\n\n\n<p>Pocas horas despu\u00e9s de Navidad, un correo masivo emanado desde Formaci\u00f3n General UC informaba que sus cursos de Formaci\u00f3n General no ser\u00edan retirables a partir del primer semestre de 2025.&nbsp;<\/p>\n\n\n\n<p>La noticia no tard\u00f3 en causar pol\u00e9mica y sorpresa entre los estudiantes. En ese sentido, la Consejer\u00eda Superior manifest\u00f3 que la medida tambi\u00e9n los tom\u00f3 por sorpresa, afirmando que estaban trabajando para conocer las explicaciones correspondientes.&nbsp;<\/p>\n\n\n\n<p>El PUCl\u00edtico se contact\u00f3 con la consejera superior, Matilda Aldunate, para conocer el manejo de la informaci\u00f3n sobre esta medida, a lo que ella afirm\u00f3 que no estaban al tanto de la misma: \u00abNosotros, como Consejer\u00eda Superior entrante, finalmente no tuvimos acceso a esta informaci\u00f3n en mayo, ni se transparent\u00f3 a los representantes estudiantiles [&#8230;] nos enteramos de ella reci\u00e9n en las \u00faltimas semanas, al mismo tiempo que el resto de los miembros de la universidad\u00bb.&nbsp;<\/p>\n\n\n\n<p>De este modo, el pasado jueves 2 de enero, la consejera superior envi\u00f3 una carta a la cadena de representantes a trav\u00e9s de Outlook, en la que se solicitaba la adhesi\u00f3n de los diferentes representantes acad\u00e9micos a los nuevos cambios implementados. En concreto, el escrito expresa que la medida es perjudicial para el estudiantado, ya que afecta tanto al aprendizaje como al perfil del egresado UC promovido por la universidad.&nbsp;<\/p>\n\n\n\n<p>En ese sentido, los argumentos esgrimidos en la carta se\u00f1alan, en primer lugar, que esta medida no contempla las diversas realidades estudiantiles, ya que en marzo se conocen en detalle los requisitos de cada curso y la posibilidad de adaptarlos seg\u00fan las responsabilidades espec\u00edficas de cada carrera.&nbsp;<\/p>\n\n\n\n<p>En segundo lugar, manifiestan que esta medida genera incentivos para preferir cursos menos exigentes, priorizando el cumplimiento de cr\u00e9ditos sobre la adquisici\u00f3n de conocimiento y aprendizaje, lo que contradice el perfil del egresado UC, quien se alejar\u00eda de la b\u00fasqueda del conocimiento y la innovaci\u00f3n.&nbsp;<\/p>\n\n\n\n<p>Finalmente, en tercer lugar, se se\u00f1ala que los Optativos de Formaci\u00f3n General representan una herramienta que flexibiliza la carga acad\u00e9mica del semestre, y que dicha medida quita la posibilidad de tener control sobre la carga acad\u00e9mica del plan curricular de cada estudiante, restando autonom\u00eda en los procesos de aprendizaje y en los contextos en los que se desarrollan, afectando adem\u00e1s el bienestar y la salud mental.&nbsp;<\/p>\n\n\n\n<p>El escrito finaliza solicitando que la medida sea revisada, considerando la importancia de mantener la capacidad de adaptaci\u00f3n en los procesos de inscripci\u00f3n y retiro de los OFG. Asimismo, se destac\u00f3 como inapropiado el escaso tiempo de antelaci\u00f3n del aviso. Adem\u00e1s, y considerando que el Retiro \u00danico Extraordinario (bot\u00f3n de p\u00e1nico) resulta inservible frente a este escenario, se solicit\u00f3 a las Unidades Acad\u00e9micas que sean comprensivas con las realidades de sus estudiantes y permitan el retiro en circunstancias excepcionales.&nbsp;<\/p>\n\n\n\n<p>Al respecto de la revocaci\u00f3n de la medida, Aldunate nos comenta que: \u00abLa medida fue tomada en mayo, sinceramente creo que este semestre va a ser muy complicado\u201d. Menciona que, idealmente, para el segundo semestre de 2025 ya deber\u00eda haberse eliminado.&nbsp;<\/p>\n\n\n\n<p>La carta fue firmada por m\u00e1s de 50 consejer\u00edas acad\u00e9micas, y cont\u00f3 tambi\u00e9n con la adhesi\u00f3n de la FEUC, 29 centros de estudiantes y 40 consejeros territoriales, quienes apoyan la revisi\u00f3n de la medida.&nbsp;<\/p>\n\n\n\n<p>Aun as\u00ed, tanto la CS como los estudiantes, se mantiene a la espera de una respuesta por parte de las autoridades de la universidad. \u201cNo nos vamos a quedar con los brazos cruzados. Creemos que esta medida fue tomada sin considerar a los estudiantes, por lo que (&#8230;) debe haber una transparencia adecuada por parte de la universidad sobre las razones y las explicaciones detr\u00e1s de esta decisi\u00f3n\u201d.&nbsp;&nbsp;<\/p>\n","protected":false},"excerpt":{"rendered":"<p>El pasado 26 de diciembre, mediante un correo masivo, Formaci\u00f3n General UC anunci\u00f3 que sus cursos ser\u00edan no retirables. La noticia caus\u00f3 pol\u00e9mica y sorpresa. Por esto, una serie de representantes estudiantiles present\u00f3 una carta en contra de la medida.\u00a0 Pocas horas despu\u00e9s de Navidad, un correo masivo emanado desde Formaci\u00f3n General UC informaba que [&hellip;]<\/p>\n","protected":false},"author":1,"featured_media":3206,"comment_status":"open","ping_status":"open","sticky":false,"template":"","format":"standard","meta":{"_eb_attr":"","_gspb_post_css":"","om_disable_all_campaigns":false,"_monsterinsights_skip_tracking":false,"_monsterinsights_sitenote_active":false,"_monsterinsights_sitenote_note":"","_monsterinsights_sitenote_category":0,"footnotes":""},"categories":[14,17],"tags":[22],"class_list":["post-3205","post","type-post","status-publish","format-standard","has-post-thumbnail","hentry","category-actualidad","category-politicauniversitaria","tag-destacado"],"blocksy_meta":[],"aioseo_notices":[],"_links":{"self":[{"href":"https:\/\/elpuclitico.cl\/index.php\/wp-json\/wp\/v2\/posts\/3205","targetHints":{"allow":["GET"]}}],"collection":[{"href":"https:\/\/elpuclitico.cl\/index.php\/wp-json\/wp\/v2\/posts"}],"about":[{"href":"https:\/\/elpuclitico.cl\/index.php\/wp-json\/wp\/v2\/types\/post"}],"author":[{"embeddable":true,"href":"https:\/\/elpuclitico.cl\/index.php\/wp-json\/wp\/v2\/users\/1"}],"replies":[{"embeddable":true,"href":"https:\/\/elpuclitico.cl\/index.php\/wp-json\/wp\/v2\/comments?post=3205"}],"version-history":[{"count":1,"href":"https:\/\/elpuclitico.cl\/index.php\/wp-json\/wp\/v2\/posts\/3205\/revisions"}],"predecessor-version":[{"id":3207,"href":"https:\/\/elpuclitico.cl\/index.php\/wp-json\/wp\/v2\/posts\/3205\/revisions\/3207"}],"wp:featuredmedia":[{"embeddable":true,"href":"https:\/\/elpuclitico.cl\/index.php\/wp-json\/wp\/v2\/media\/3206"}],"wp:attachment":[{"href":"https:\/\/elpuclitico.cl\/index.php\/wp-json\/wp\/v2\/media?parent=3205"}],"wp:term":[{"taxonomy":"category","embeddable":true,"href":"https:\/\/elpuclitico.cl\/index.php\/wp-json\/wp\/v2\/categories?post=3205"},{"taxonomy":"post_tag","embeddable":true,"href":"https:\/\/elpuclitico.cl\/index.php\/wp-json\/wp\/v2\/tags?post=3205"}],"curies":[{"name":"wp","href":"https:\/\/api.w.org\/{rel}","templated":true}]}}