{"id":3218,"date":"2025-01-23T00:52:40","date_gmt":"2025-01-23T00:52:40","guid":{"rendered":"https:\/\/elpuclitico.cl\/?p=3218"},"modified":"2026-02-25T03:58:13","modified_gmt":"2026-02-25T03:58:13","slug":"suma-y-sigue-la-nueva-controversia-de-la-directiva-feuc","status":"publish","type":"post","link":"https:\/\/elpuclitico.cl\/index.php\/2025\/01\/23\/suma-y-sigue-la-nueva-controversia-de-la-directiva-feuc\/","title":{"rendered":"Suma y sigue: La nueva controversia de la directiva FEUC"},"content":{"rendered":"\n<p><strong><em>La directiva FEUC present\u00f3 ayer sus inquietudes sobre el proyecto de Ley FES ante la presidenta de la Comisi\u00f3n de Educaci\u00f3n de la C\u00e1mara de Diputados, entregando un comunicado en nombre de la Federaci\u00f3n de Estudiantes UC.\u00a0<\/em><\/strong><\/p>\n\n\n\n<p>Durante la jornada de ayer, la Directiva de la FEUC sostuvo una reuni\u00f3n con la diputada Emilia Schneider, presidenta de la Comisi\u00f3n de Educaci\u00f3n de la C\u00e1mara de Diputados, para presentar su postura sobre el proyecto de Ley de Financiamiento para la Educaci\u00f3n Superior (FES). En esta instancia, se entreg\u00f3 una carta en nombre de la Federaci\u00f3n de Estudiantes.&nbsp;<\/p>\n\n\n\n<p>Hoy, dicha carta fue publicada a trav\u00e9s de un post en las redes sociales oficiales de la FEUC, lo que gener\u00f3 molestia entre el estudiantado, especialmente por parte de los representantes del Consejo FEUC (COFEUC). Las cr\u00edticas apuntan a que la directiva adopt\u00f3 una postura federativa sin consultar previamente con los dem\u00e1s representantes que conforman la federaci\u00f3n.&nbsp;<\/p>\n\n\n\n<p>Hasta el momento, los movimientos Nueva Acci\u00f3n Universitaria (NAU) y Amanecer han expresado formalmente su descontento a trav\u00e9s del canal de representantes. Ambos acusaron un grave incumplimiento de los estatutos, espec\u00edficamente del art\u00edculo N\u00b07 letra e, y han exigido que se respete el car\u00e1cter democr\u00e1tico del Consejo FEUC. Asimismo, ambos movimientos solicitaron que la directiva emita disculpas p\u00fablicas por lo sucedido.&nbsp;<\/p>\n\n\n\n<p><strong><em>El Consejo tendr\u00e1 las siguientes funciones:<\/em><\/strong>&nbsp;<\/p>\n\n\n\n<p><em>e) Exigir a la Directiva la emisi\u00f3n de declaraciones p\u00fablicas y la adopci\u00f3n de posturas fundamentadas frente a temas de contingencia, todas estas con la debida determinaci\u00f3n, para lo cual puede imponer plazos a la realizaci\u00f3n de estas acciones.<\/em>&nbsp;<\/p>\n\n\n\n<p><\/p>\n","protected":false},"excerpt":{"rendered":"<p>La directiva FEUC present\u00f3 ayer sus inquietudes sobre el proyecto de Ley FES ante la presidenta de la Comisi\u00f3n de Educaci\u00f3n de la C\u00e1mara de Diputados, entregando un comunicado en nombre de la Federaci\u00f3n de Estudiantes UC.\u00a0 Durante la jornada de ayer, la Directiva de la FEUC sostuvo una reuni\u00f3n con la diputada Emilia Schneider, [&hellip;]<\/p>\n","protected":false},"author":1,"featured_media":3219,"comment_status":"open","ping_status":"open","sticky":false,"template":"","format":"standard","meta":{"_eb_attr":"","_gspb_post_css":"","om_disable_all_campaigns":false,"_monsterinsights_skip_tracking":false,"_monsterinsights_sitenote_active":false,"_monsterinsights_sitenote_note":"","_monsterinsights_sitenote_category":0,"footnotes":""},"categories":[14,17],"tags":[28,22,30],"class_list":["post-3218","post","type-post","status-publish","format-standard","has-post-thumbnail","hentry","category-actualidad","category-politicauniversitaria","tag-consejo-feuc","tag-destacado","tag-feuc"],"blocksy_meta":[],"aioseo_notices":[],"_links":{"self":[{"href":"https:\/\/elpuclitico.cl\/index.php\/wp-json\/wp\/v2\/posts\/3218","targetHints":{"allow":["GET"]}}],"collection":[{"href":"https:\/\/elpuclitico.cl\/index.php\/wp-json\/wp\/v2\/posts"}],"about":[{"href":"https:\/\/elpuclitico.cl\/index.php\/wp-json\/wp\/v2\/types\/post"}],"author":[{"embeddable":true,"href":"https:\/\/elpuclitico.cl\/index.php\/wp-json\/wp\/v2\/users\/1"}],"replies":[{"embeddable":true,"href":"https:\/\/elpuclitico.cl\/index.php\/wp-json\/wp\/v2\/comments?post=3218"}],"version-history":[{"count":2,"href":"https:\/\/elpuclitico.cl\/index.php\/wp-json\/wp\/v2\/posts\/3218\/revisions"}],"predecessor-version":[{"id":3222,"href":"https:\/\/elpuclitico.cl\/index.php\/wp-json\/wp\/v2\/posts\/3218\/revisions\/3222"}],"wp:featuredmedia":[{"embeddable":true,"href":"https:\/\/elpuclitico.cl\/index.php\/wp-json\/wp\/v2\/media\/3219"}],"wp:attachment":[{"href":"https:\/\/elpuclitico.cl\/index.php\/wp-json\/wp\/v2\/media?parent=3218"}],"wp:term":[{"taxonomy":"category","embeddable":true,"href":"https:\/\/elpuclitico.cl\/index.php\/wp-json\/wp\/v2\/categories?post=3218"},{"taxonomy":"post_tag","embeddable":true,"href":"https:\/\/elpuclitico.cl\/index.php\/wp-json\/wp\/v2\/tags?post=3218"}],"curies":[{"name":"wp","href":"https:\/\/api.w.org\/{rel}","templated":true}]}}