{"id":3280,"date":"2025-02-21T01:00:56","date_gmt":"2025-02-21T01:00:56","guid":{"rendered":"https:\/\/elpuclitico.cl\/?p=3280"},"modified":"2026-02-25T03:57:39","modified_gmt":"2026-02-25T03:57:39","slug":"se-confirma-nueva-directiva-para-archivo-feuc","status":"publish","type":"post","link":"https:\/\/elpuclitico.cl\/index.php\/2025\/02\/21\/se-confirma-nueva-directiva-para-archivo-feuc\/","title":{"rendered":"Se confirma nueva directiva para Archivo FEUC\u00a0"},"content":{"rendered":"\n<p><em>Con un qu\u00f3rum del 85,3% (81 personas), Nicol\u00e1s Palacios (FA), con un 41,5% de los votos, y Tom\u00e1s Beckdoff (SDD), con un 29,3%, fueron electos para liderar la Directiva del Archivo FEUC.\u00a0<\/em><\/p>\n\n\n\n<p>En el a\u00f1o 2023, la Federaci\u00f3n de Estudiantes de ese entonces cre\u00f3 el Archivo FEUC mediante la&nbsp;vocal\u00eda de Rescate Hist\u00f3rico y Academia, con el objetivo de establecer un espacio de memoria e historia en torno a la Federaci\u00f3n de Estudiantes de la Universidad Cat\u00f3lica.&nbsp;<\/p>\n\n\n\n<p>Ahora, y mediante una sesi\u00f3n extraordinaria acontecida la tarde de este 20 de febrero, se abord\u00f3 la votaci\u00f3n de los miembros que conformar\u00edan la Directiva del Archivo FEUC.&nbsp;<\/p>\n\n\n\n<p>En la votaci\u00f3n, Nicol\u00e1s Palacios, del Frente Amplio, obtuvo el 41,5% (34 votos). Por su parte, Tom\u00e1s Beckdorf, de Solidaridad, obtuvo el 29,3% (24 votos), m\u00e1s atr\u00e1s, Florencia Y\u00e1\u00f1ez, representante de la Nueva Acci\u00f3n Universitaria, se qued\u00f3 con el 24,4% (20 votos). Por otro lado, las abstenciones representaron el 4,9% (4 votos).&nbsp;<\/p>\n\n\n\n<p>Cabe destacar que, miembros de la Directiva FEUC y la Consejer\u00eda Superior no emitieron voto. Entre ellos, Carolina Mingo y Mart\u00edn Medel, primer y segunda secretaria ejecutiva respectivamente. Junto con ellos, la Secretaria General, Mar\u00eda Jes\u00fas Ebner, y el Subconsejero Superior, Luis Soto.&nbsp;<\/p>\n\n\n\n<p><strong>FE DE ERRATAS:<\/strong> Seg\u00fan el estatuto de la FEUC, en el art\u00edculo 8\u00b0 bis, solo tres miembros de la directiva de la FEUC y un representante de la Consejer\u00eda Superior pueden ejercer su derecho a voto. Por lo tanto, la informaci\u00f3n del \u00faltimo p\u00e1rrafo es correcta al se\u00f1alar que estos miembros no ejercieron su voto, en concordancia con lo establecido en el estatuto.<\/p>\n","protected":false},"excerpt":{"rendered":"<p>Con un qu\u00f3rum del 85,3% (81 personas), Nicol\u00e1s Palacios (FA), con un 41,5% de los votos, y Tom\u00e1s Beckdoff (SDD), con un 29,3%, fueron electos para liderar la Directiva del Archivo FEUC.\u00a0 En el a\u00f1o 2023, la Federaci\u00f3n de Estudiantes de ese entonces cre\u00f3 el Archivo FEUC mediante la&nbsp;vocal\u00eda de Rescate Hist\u00f3rico y Academia, con [&hellip;]<\/p>\n","protected":false},"author":1,"featured_media":3281,"comment_status":"open","ping_status":"open","sticky":false,"template":"","format":"standard","meta":{"_eb_attr":"","_gspb_post_css":"","om_disable_all_campaigns":false,"_monsterinsights_skip_tracking":false,"_monsterinsights_sitenote_active":false,"_monsterinsights_sitenote_note":"","_monsterinsights_sitenote_category":0,"footnotes":""},"categories":[14,17],"tags":[22],"class_list":["post-3280","post","type-post","status-publish","format-standard","has-post-thumbnail","hentry","category-actualidad","category-politicauniversitaria","tag-destacado"],"blocksy_meta":[],"aioseo_notices":[],"_links":{"self":[{"href":"https:\/\/elpuclitico.cl\/index.php\/wp-json\/wp\/v2\/posts\/3280","targetHints":{"allow":["GET"]}}],"collection":[{"href":"https:\/\/elpuclitico.cl\/index.php\/wp-json\/wp\/v2\/posts"}],"about":[{"href":"https:\/\/elpuclitico.cl\/index.php\/wp-json\/wp\/v2\/types\/post"}],"author":[{"embeddable":true,"href":"https:\/\/elpuclitico.cl\/index.php\/wp-json\/wp\/v2\/users\/1"}],"replies":[{"embeddable":true,"href":"https:\/\/elpuclitico.cl\/index.php\/wp-json\/wp\/v2\/comments?post=3280"}],"version-history":[{"count":2,"href":"https:\/\/elpuclitico.cl\/index.php\/wp-json\/wp\/v2\/posts\/3280\/revisions"}],"predecessor-version":[{"id":3284,"href":"https:\/\/elpuclitico.cl\/index.php\/wp-json\/wp\/v2\/posts\/3280\/revisions\/3284"}],"wp:featuredmedia":[{"embeddable":true,"href":"https:\/\/elpuclitico.cl\/index.php\/wp-json\/wp\/v2\/media\/3281"}],"wp:attachment":[{"href":"https:\/\/elpuclitico.cl\/index.php\/wp-json\/wp\/v2\/media?parent=3280"}],"wp:term":[{"taxonomy":"category","embeddable":true,"href":"https:\/\/elpuclitico.cl\/index.php\/wp-json\/wp\/v2\/categories?post=3280"},{"taxonomy":"post_tag","embeddable":true,"href":"https:\/\/elpuclitico.cl\/index.php\/wp-json\/wp\/v2\/tags?post=3280"}],"curies":[{"name":"wp","href":"https:\/\/api.w.org\/{rel}","templated":true}]}}