{"id":3446,"date":"2025-03-27T01:53:12","date_gmt":"2025-03-27T01:53:12","guid":{"rendered":"https:\/\/elpuclitico.cl\/?p=3446"},"modified":"2026-02-25T03:55:56","modified_gmt":"2026-02-25T03:55:56","slug":"el-dia-despues-del-posteo-manifestaciones-afueras-de-la-feuc","status":"publish","type":"post","link":"https:\/\/elpuclitico.cl\/index.php\/2025\/03\/27\/el-dia-despues-del-posteo-manifestaciones-afueras-de-la-feuc\/","title":{"rendered":"El d\u00eda despu\u00e9s del posteo: Manifestaciones afueras de la FEUC\u00a0\u00a0"},"content":{"rendered":"\n<p><em>Durante esta jornada, tras la publicaci\u00f3n realizada por la FEUC en el marco del D\u00eda del Ni\u00f1o por Nacer, varios estudiantes se manifestaron en contra de la Federaci\u00f3n en el campus San Joaqu\u00edn<\/em>\u00a0<\/p>\n\n\n\n<p>El martes 25 de marzo, en el marco del \u201cD\u00eda del Ni\u00f1o por Nacer\u00bb, la directiva de la Federaci\u00f3n de Estudiantes de la Universidad Cat\u00f3lica (FEUC) reafirm\u00f3 su postura en defensa de la vida, destacando que este compromiso no solo implica velar por el nacimiento, sino tambi\u00e9n acompa\u00f1ar a las mujeres en situaciones vulnerables y promover un desarrollo integral para los ni\u00f1os.&nbsp;<\/p>\n\n\n\n<p>Esto gener\u00f3 diversas reacciones en su publicaci\u00f3n, que ya cuenta con m\u00e1s de 3,000 comentarios. Como respuesta, varios Centros de Estudiantes y movimientos se manifestaron en contra de la directiva, criticando su postura y asegurando que no representa a la mayor\u00eda del estudiantado.&nbsp;<\/p>\n\n\n\n<p>De esta forma, a eso del mediod\u00eda de hoy, en la Facultad de Ciencias Sociales, donde se encuentran las oficinas de la FEUC en el campus San Joaqu\u00edn, se realiz\u00f3 un \u201cpa\u00f1uelazo\u201d en protesta por las declaraciones emitidas por la directiva.&nbsp;<\/p>\n\n\n\n<p>Incluso, externos a la universidad se manifestaron respecto a la manifestaci\u00f3n. En un mensaje escrito por X, la directora de IdeaPa\u00eds y egresada UC, Emilia Garc\u00eda, indic\u00f3 que \u201cla destrucci\u00f3n de los espacios de debate nacional e intercambio de ideas son la antesala del totalitarismo [..] Preocupa de sobremanera el matonaje y la cancelaci\u00f3n de la izq. en la UC\u201d.&nbsp;&nbsp;<\/p>\n\n\n\n<p>El equipo del PUCl\u00edtico recogi\u00f3 las impresiones de representantes y movimientos. Revisa qu\u00e9 nos comentaron:\u00a0<\/p>\n\n\n\n<p><strong>Javiera D\u00edaz \u2013 Excandidata a presidenta FEUC y Militante del Frente Amplio<\/strong>\u00a0<\/p>\n\n\n\n<p><em>Yo creo que la jornada de hoy era un punto y una manifestaci\u00f3n que las mujeres feministas de la UC no iban a dejar pasar, porque efectivamente se estaba apuntando a un derecho reproductivo que venimos luchando hace mucho tiempo en el pa\u00eds, y que, por lo mismo, era importante manifestarnos como tal. En ese sentido, de hecho, estoy muy feliz de que llegaron j\u00f3venes mujeres que no eran de ning\u00fan movimiento, que eran independientes, Centros de Estudiantes que eran independientes, y eso habla mucho, sobre todo, de qu\u00e9 est\u00e1 opinando el estudiante de la UC.<\/em>&nbsp;<\/p>\n\n\n\n<p><em>Solidaridad que tanto se jact\u00f3 de su campa\u00f1a que iba a escuchar al estudiante, espero lo haga hoy d\u00eda tambi\u00e9n. No puedo hablar por todas las estudiantes de la UC, yo creo que represent\u00f3 al sector que efectivamente qued\u00f3 molesto cuando se hizo esa publicaci\u00f3n.<\/em>&nbsp;<\/p>\n\n\n\n<p><em>Yo creo que dentro de todo nos pudimos mantener en un \u00e1mbito de respeto, pacifico, y tambi\u00e9n demostrando lo que quer\u00edamos demostrar. No creo que se aleje de lo que es el activismo feminista.<\/em>&nbsp;<\/p>\n\n\n\n<p><em>Solidaridad vuelve a hacer, una vez m\u00e1s, lo que hizo en campa\u00f1a: tratar de desviar la mirada a los errores que ellos cometen, desviar la mirada a las creencias que muchas veces no se atrever a decir fuerte, pero cuando lo hacen con honestidad, el estudiante claro que se va a manifestar. Creo que eso est\u00e1 pasando una vez m\u00e1s.&nbsp;<\/em>&nbsp;<\/p>\n\n\n\n<p><em>Efectivamente, hubo quiz\u00e1s slogans que pudieron haber sido reformulados de una manera m\u00e1s apropiada, estoy muy de acuerdo con eso de hecho. Pero aqu\u00ed al final el foco y lo que hoy d\u00eda tenemos que visibilizar, es que la federaci\u00f3n tuvo una publicaci\u00f3n que tuvo un alcance m\u00e1s all\u00e1 de la UC que se est\u00e1 comentando y que las feministas de la UC respondieron como debi\u00f3 ser y como va a seguir siendo.&nbsp;<\/em>&nbsp;<\/p>\n\n\n\n<p><strong>Moira Cortez \u2013 Coordinadora General de NAU<\/strong>\u00a0<\/p>\n\n\n\n<p><em>Consideramos que fue una manifestaci\u00f3n v\u00e1lida levantada por compa\u00f1eras de la UC en respuesta a una publicaci\u00f3n indolente, la cual no representa a gran parte de nuestra comunidad, siendo un espacio que no es dif\u00edcil democratizar; de hecho, en 2017, la FEUC del NAU impuls\u00f3 un plebiscito para conocer la percepci\u00f3n del estudiantado sobre el aborto, demostrando que el debate puede darse de manera abierta y participativa.\u00a0<\/em><\/p>\n\n\n\n<p>V<em>aloramos el espacio que se gener\u00f3 entre compa\u00f1eras, que m\u00e1s all\u00e1 de consignas a favor del aborto, demuestran que las feministas UC seguimos presentes, alzando la voz frente a declaraciones que no nos representan y por jam\u00e1s retroceder en materia de derechos sexuales y reproductivos, por los cuales siempre hemos luchado.\u00a0<\/em><\/p>\n\n\n\n<p><strong>Exy Garay \u2013 CT de Ing Civil de la NAU\u00a0<\/strong>\u00a0<\/p>\n\n\n\n<p><em>Mi opini\u00f3n es que yo lo encuentro ins\u00f3lito en realidad. Tambi\u00e9n encuentro que me gusta el hecho de que esto haya llamado a todas las mujeres de la UC a convocarse, nos ayude como a luchar contra estas conductas conservadoras ***. Solidaridad quiz\u00e1s pudo haberse disfrazado de ser algo como menos conservador, pero yo creo que cada vez sus maneras de trabajar son m\u00e1s evidentes en ese sentido, sus maneras de mostrar sus posturas son pro-vida, podr\u00edan haberlo ocultado, pero es la verdad. Y de verdad encuentro lamentable por ejemplo haber usado el catastro de mapadres para imponer esto en este momento, incluso si lo ven es un catastro pobre, no creo que puedan sacar nada de eso. Yo lo encuentro ins\u00f3lito, pero tambi\u00e9n rescato que esto haya hecho que las mujeres de la UC, que somos pro-aborto, podamos unirnos para esta lucha.<\/em>&nbsp;<\/p>\n\n\n\n<p><strong>Respecto a los catastros \u00bfT\u00fa crees que la FEUC ha demostrado un trabajo corto y pobre en el tema de reunir m\u00e1s datos espec\u00edficos?&nbsp;<\/strong>&nbsp;<\/p>\n\n\n\n<p><em>Yo vi el catastro, porque me met\u00ed en realidad, me llam\u00f3 la atenci\u00f3n y yo encuentro que, honestamente, el catastro es pobre.<\/em>&nbsp;<\/p>\n\n\n\n<p><em>&nbsp;Encuentro que incluso si lo iban a hacer de esta manera tendr\u00eda que haber sido una propuesta m\u00e1s s\u00f3lida, m\u00e1s concreta, m\u00e1s larga. Creo que son 5 preguntas, y varias son como: nombre, correo, rut. Y la \u00faltima es como: \u00bfQu\u00e9 opinas?\u2026 as\u00ed no se hace, si queremos reunir informaci\u00f3n tenemos soci\u00f3logos, tenemos distintas carreras que pueden ayudar.&nbsp;<\/em>&nbsp;<\/p>\n\n\n\n<p><em>La FEUC ha demostrado esto, como si quiere pasar por encima, tener m\u00e1s potestades de las que tiene, no trabajan bien con su dise\u00f1o, no tienen asesor\u00eda comunicacional y ahora no tiene una buena encuesta \u00bfPor qu\u00e9 quiz\u00e1 no pedir a un soci\u00f3logo que los ayude?<\/em>&nbsp;<\/p>\n\n\n\n<p><strong>\u00bfCrees ilegitimo que la FEUC use el canal institucional para difundir este tipo de ideas?<\/strong>&nbsp;<\/p>\n\n\n\n<p><em>La UC tiene una postura al respecto, como en 2017, si no me equivoco, se aprob\u00f3 una postura con respecto al aborto y la UC aprob\u00f3 de que nosotros est\u00e1bamos a favor del aborto. O sea, una votaci\u00f3n de los estudiantes, evidentemente lo estoy hablando institucionalmente porque se sabe. Entonces, pasar por encima por a\u00f1os de historia que la FEUC tiene, yo creo que no es lo correcto.<\/em>\u00a0<\/p>\n\n\n\n<p><strong>Tom\u00e1s Garc\u00eda &#8211; Movimiento Gremial<\/strong>\u00a0<\/p>\n\n\n\n<p><em>Como Movimiento Gremial, creemos firmemente que nuestros representantes deben defender con convicci\u00f3n los principios y valores que dan vida a nuestra universidad, alzando la voz por la vida con acciones, no solo palabras.<\/em>&nbsp;<\/p>\n\n\n\n<p><em>Una carta o un post en Instagram no bastan. La Federaci\u00f3n tiene la plataforma, el equipo y el poder para impulsar campa\u00f1as masivas, como se vio en la movilizaci\u00f3n por Vi\u00f1a 2024. \u00a1Las acciones hablan m\u00e1s fuerte que las declaraciones, y es hora de actuar con la contundencia que nuestra comunidad merece!<\/em>&nbsp;<\/p>\n\n\n\n<p><em>Mientras tanto, la izquierda hip\u00f3critamente critica lo que por a\u00f1os practic\u00f3: declaraciones ideol\u00f3gicas sobre Dominga, aborto libre o petitorios por presos pol\u00edticos, imponiendo una agenda que no representa a toda la UC. Hoy, usando los mismos argumentos que antes despreciaban, buscan cancelar a quien piense distinto, profundizando la divisi\u00f3n que dicen combatir.<\/em>&nbsp;<\/p>\n\n\n\n<p><em>Son ellos quienes abren la grieta y la ensanchan, amenazando la convivencia universitaria. No caeremos en su juego. Es hora de unirnos, defender nuestra identidad y demostrar que la UC es m\u00e1s fuerte cuando se levanta por lo que realmente importa.<\/em>&nbsp;<\/p>\n\n\n\n<p><em>Esto no es una manifestaci\u00f3n: es matonaje, violencia pura, una funa descarada y la cultura de la cancelaci\u00f3n en su peor expresi\u00f3n.&nbsp;&nbsp;<\/em>&nbsp;<\/p>\n\n\n\n<p><em>Es el desprecio absoluto hacia compa\u00f1eros que piensan distinto, pero cuya postura \u2014por m\u00e1s leg\u00edtima que sea\u2014 la izquierda universitaria niega, ridiculiza y quiere silenciar. Hoy han dejado claro su verdadero rostro: una intolerancia fan\u00e1tica que se burla de la dignidad humana, llegando al extremo de incitar al odio contra quien osa discrepar.&nbsp;&nbsp;<\/em>&nbsp;<\/p>\n\n\n\n<p><em>Est\u00e1n destruyendo la confianza en la pol\u00edtica universitaria y envenenando la convivencia estudiantil. Crean un clima de hostilidad que solo genera desafecci\u00f3n y desencanto hacia el quehacer de la pol\u00edtica en la UC. Han abandonado la cooperaci\u00f3n para abrazar la destrucci\u00f3n, y con ello, no le hacen bien a nadie.<\/em>&nbsp;<\/p>\n\n\n\n<p><em>\u00a1Basta de doble moral, basta de cancelaciones! La UC merece di\u00e1logo, respeto y unidad, no este circo de intolerancia que solo divide. Es hora de alzar la voz contra el autoritarismo disfrazado de progresismo.<\/em>\u00a0<\/p>\n\n\n\n<p><strong>Alonso Maga\u00f1a &#8211; Avanzar<\/strong>\u00a0<\/p>\n\n\n\n<p><em>Como Avanzar, partir diciendo que estamos completamente a favor del mensaje de fondo que se da en la marcha, siempre hemos defendido y siempre vamos a defender que la mujer pueda decidir sobre su propio cuerpo.&nbsp;<\/em>&nbsp;<\/p>\n\n\n\n<p><em>Ahora, con respecto a algunos mensajes y algunos que se pegaron afuera de la federaci\u00f3n, de m\u00e1s est\u00e1 decir que estamos completamente en contra de ese tipo de libertad de expresi\u00f3n, ya que ataca a un grupo de personas simplemente por su forma de pensar.&nbsp;<\/em>&nbsp;<\/p>\n\n\n\n<p><em>Algo que tambi\u00e9n nos causa ruido es que ahora Solidaridad salga diciendo que eso no es tolerancia, que ese tipo de mensajes no pueden ser aceptados, que son mensajes de odio. Cuando ellos mismos en la campa\u00f1a del a\u00f1o pasado estaban dici\u00e9ndole en la cara en los patios a algunos de nuestros compa\u00f1eros que eran corruptos, que eran antidemocr\u00e1ticos, sin ning\u00fan tipo de base, sin ning\u00fan tipo de fundamento. Simplemente, atac\u00e1ndolos sin ning\u00fan tipo de fin. Y ellos mismos terminaron pidiendo perd\u00f3n frente a una equivocaci\u00f3n, frente a una tergiversaci\u00f3n de hechos que crearon con el fin de ganar simplemente una elecci\u00f3n.<\/em>&nbsp;<\/p>\n\n\n\n<p><strong>Ro Zuleta &#8211; Representante del Pacto Amanecer<\/strong>\u00a0<\/p>\n\n\n\n<p><em>La marcha interna de hoy demuestra que, a pesar encontrarnos frente a una federaci\u00f3n de derecha y conservadora, las feministas en la UC seguimos articuladas.&nbsp;<\/em>&nbsp;<\/p>\n\n\n\n<p><em>Existe un malestar generalizado con esta FEUC, no s\u00f3lo por sus constantes posturas contra los derechos sexuales y reproductivos, sino tambi\u00e9n por su deficiente gesti\u00f3n comunicacional. Ac\u00e1 la disputa no se debe meramente al aborto, se debe a la autonom\u00eda de la mujer sobre su propio cuerpo, y se debe tambi\u00e9n a los derechos laborales de las educadoras de p\u00e1rvulo, quienes ser\u00edan precarizadas con el proyecto de sala cuna universal que solidaridad intenta promover.<\/em>&nbsp;<\/p>\n\n\n\n<p><em>Es en suma una preocupaci\u00f3n que d\u00eda a d\u00eda crece a prop\u00f3sito de los desaciertos comunicacionales de la FEUC, sin embargo, frente a ello las feministas de la UC nos paramos con firmeza para decir \u201caqu\u00ed estamos\u201d.<\/em>&nbsp;<\/p>\n","protected":false},"excerpt":{"rendered":"<p>Durante esta jornada, tras la publicaci\u00f3n realizada por la FEUC en el marco del D\u00eda del Ni\u00f1o por Nacer, varios estudiantes se manifestaron en contra de la Federaci\u00f3n en el campus San Joaqu\u00edn\u00a0 El martes 25 de marzo, en el marco del \u201cD\u00eda del Ni\u00f1o por Nacer\u00bb, la directiva de la Federaci\u00f3n de Estudiantes de [&hellip;]<\/p>\n","protected":false},"author":1,"featured_media":3447,"comment_status":"open","ping_status":"open","sticky":false,"template":"","format":"standard","meta":{"_eb_attr":"","_gspb_post_css":"","om_disable_all_campaigns":false,"_monsterinsights_skip_tracking":false,"_monsterinsights_sitenote_active":false,"_monsterinsights_sitenote_note":"","_monsterinsights_sitenote_category":0,"footnotes":""},"categories":[14,17],"tags":[22],"class_list":["post-3446","post","type-post","status-publish","format-standard","has-post-thumbnail","hentry","category-actualidad","category-politicauniversitaria","tag-destacado"],"blocksy_meta":[],"aioseo_notices":[],"_links":{"self":[{"href":"https:\/\/elpuclitico.cl\/index.php\/wp-json\/wp\/v2\/posts\/3446","targetHints":{"allow":["GET"]}}],"collection":[{"href":"https:\/\/elpuclitico.cl\/index.php\/wp-json\/wp\/v2\/posts"}],"about":[{"href":"https:\/\/elpuclitico.cl\/index.php\/wp-json\/wp\/v2\/types\/post"}],"author":[{"embeddable":true,"href":"https:\/\/elpuclitico.cl\/index.php\/wp-json\/wp\/v2\/users\/1"}],"replies":[{"embeddable":true,"href":"https:\/\/elpuclitico.cl\/index.php\/wp-json\/wp\/v2\/comments?post=3446"}],"version-history":[{"count":3,"href":"https:\/\/elpuclitico.cl\/index.php\/wp-json\/wp\/v2\/posts\/3446\/revisions"}],"predecessor-version":[{"id":3451,"href":"https:\/\/elpuclitico.cl\/index.php\/wp-json\/wp\/v2\/posts\/3446\/revisions\/3451"}],"wp:featuredmedia":[{"embeddable":true,"href":"https:\/\/elpuclitico.cl\/index.php\/wp-json\/wp\/v2\/media\/3447"}],"wp:attachment":[{"href":"https:\/\/elpuclitico.cl\/index.php\/wp-json\/wp\/v2\/media?parent=3446"}],"wp:term":[{"taxonomy":"category","embeddable":true,"href":"https:\/\/elpuclitico.cl\/index.php\/wp-json\/wp\/v2\/categories?post=3446"},{"taxonomy":"post_tag","embeddable":true,"href":"https:\/\/elpuclitico.cl\/index.php\/wp-json\/wp\/v2\/tags?post=3446"}],"curies":[{"name":"wp","href":"https:\/\/api.w.org\/{rel}","templated":true}]}}