{"id":3495,"date":"2025-03-28T19:03:54","date_gmt":"2025-03-28T19:03:54","guid":{"rendered":"https:\/\/elpuclitico.cl\/?p=3495"},"modified":"2025-03-28T19:03:54","modified_gmt":"2025-03-28T19:03:54","slug":"si-esto-tambien-es-politica-universitaria","status":"publish","type":"post","link":"https:\/\/elpuclitico.cl\/index.php\/2025\/03\/28\/si-esto-tambien-es-politica-universitaria\/","title":{"rendered":"S\u00ed, esto tambi\u00e9n es pol\u00edtica universitaria"},"content":{"rendered":"\n<p>La mayor\u00eda vi\u00f3 la publicaci\u00f3n de la FEUC del 25 de marzo por el D\u00eda del Ni\u00f1o por Nacer. Opiniones van y vienen, como siempre, y ah\u00ed est\u00e1 el punto.<\/p>\n\n\n\n<p>Siendo una persona a favor del aborto (a favor del derecho a decidir, pro choice o como menos les irrite leerlo), lo primero que hice al ver el post del martes fue ir directo a los comentarios: van m\u00e1s de 3.200. Para comparar, el post anterior \u2014sobre las impresiones a color en Villarrica\u2014 tiene apenas nueve. Es evidente que el tema genera que la gente quiera expresarse, y eso es justo lo que muchos parecen estar menospreciando.<\/p>\n\n\n\n<p>Hay quienes comentan con corazones celestes y aplausos, otros con argumentos por los derechos reproductivos, algunos piden que eliminen la cuenta, y otros simplemente publican recetas chilenas. Todo v\u00e1lido. Pero hay un tipo de comentario que no puedo dejar pasar: los que critican c\u00f3mo la FEUC puede publicar algo pro vida si se supone que representa al estudiantado. O los que acusan a la federaci\u00f3n de estar demasiado cerca del discurso de Solidaridad. A estos comentarios quiero responder. Porque \u00bfdesde cu\u00e1ndo la FEUC es apol\u00edtica? \u00bfDesde cu\u00e1ndo no ha estado ligada a ideales y posturas pol\u00edticas?<\/p>\n\n\n\n<p>El mundo universitario ha sido, hist\u00f3ricamente, un actor clave en la pol\u00edtica nacional. Nos guste o no, se vot\u00f3, y por mayor\u00eda, la actual directiva de la FEUC lleg\u00f3 al cargo. Esa es la pol\u00edtica universitaria. Lo fue la elecci\u00f3n, lo es la publicaci\u00f3n pro vida, lo es la protesta y el pa\u00f1uelazo verde frente a la oficina de San Joaqu\u00edn. No tiremos la piedra y escondamos la mano: ambos lados est\u00e1n haciendo pol\u00edtica, ambos lados est\u00e1n participando, generando discusi\u00f3n, <strong>provocando reacci\u00f3n.<\/strong> Que si \u201cel show\u201d de la izquierda, que si \u201cel cagazo\u201d de la FEUC\u2026 Ambos discursos existen porque hay un espacio y tema para debatir, y eso es lo que hay que rescatar.<\/p>\n\n\n\n<p>Basta de exigir que la FEUC no tenga posturas \u201cte\u00f1idas pol\u00edticamente\u201d. Representar a la federaci\u00f3n de estudiantes de la PUC es una declaraci\u00f3n pol\u00edtica. No estamos en b\u00e1sica para elegir centro de alumnos seg\u00fan qu\u00e9 lista hace m\u00e1s jeans days. La FEUC es pol\u00edtica. No se trata de que no los critiquemos \u2014al contrario\u2014, se trata de que entendamos que la cr\u00edtica y el desacuerdo son necesarios para generar esa incomodidad que es parte de la pol\u00edtica y que impulsa a la gente a querer manifestar su opini\u00f3n.<\/p>\n\n\n\n<p>Dejemos de tenerle miedo a expresar opiniones pol\u00edticas, a ser controversiales. Dejemos por favor de ser tan ajenos al debate que se est\u00e1 dando a nivel universidad, pa\u00eds y mundo.&nbsp; Por favor: dejen de amarillear, dejen de intentar silenciar espacios de representaci\u00f3n que fueron, son y seguir\u00e1n siendo pol\u00edticos.<\/p>\n\n\n\n<p>Porque la universidad tambi\u00e9n es un espacio para pensar, para disentir, para incomodarse, para ser interpelado. Y porque, si algo necesita hoy la pol\u00edtica, es justamente eso: m\u00e1s participaci\u00f3n, m\u00e1s voces, m\u00e1s convicci\u00f3n. No menos.<\/p>\n\n\n\n<p>Que siga la discusi\u00f3n, que siga el calendario, y que vengan m\u00e1s fechas que generen debate por c\u00f3mo son abordadas por esta FEUC. Porque mientras se generen conversaciones, posturas encontradas y reflexi\u00f3n, la pol\u00edtica universitaria est\u00e1 viva. Y eso, nos guste o no, es parte esencial de lo que significa tener una federaci\u00f3n de estudiantes con historia, voz y responsabilidad. La FEUC no puede ni debe ser neutral, silenciarla ser\u00eda apagar una de las pocas plataformas estudiantiles que a\u00fan tiene la capacidad de poner temas sobre la mesa.<\/p>\n\n\n\n<p>Y eso \u2014precisamente\u2014 es lo que deber\u00edamos estar defendiendo.<\/p>\n\n\n\n<p><strong>Amanda Gil S<\/strong><\/p>\n\n\n\n<p><strong>Estudiante de Medicina<\/strong><\/p>\n","protected":false},"excerpt":{"rendered":"<p>La mayor\u00eda vi\u00f3 la publicaci\u00f3n de la FEUC del 25 de marzo por el D\u00eda del Ni\u00f1o por Nacer. Opiniones van y vienen, como siempre, y ah\u00ed est\u00e1 el punto. Siendo una persona a favor del aborto (a favor del derecho a decidir, pro choice o como menos les irrite leerlo), lo primero que hice [&hellip;]<\/p>\n","protected":false},"author":1,"featured_media":3496,"comment_status":"open","ping_status":"open","sticky":false,"template":"","format":"standard","meta":{"_eb_attr":"","_gspb_post_css":"","om_disable_all_campaigns":false,"_monsterinsights_skip_tracking":false,"_monsterinsights_sitenote_active":false,"_monsterinsights_sitenote_note":"","_monsterinsights_sitenote_category":0,"footnotes":""},"categories":[12,21],"tags":[],"class_list":["post-3495","post","type-post","status-publish","format-standard","has-post-thumbnail","hentry","category-columnas-de-opinion","category-opinion"],"blocksy_meta":[],"aioseo_notices":[],"_links":{"self":[{"href":"https:\/\/elpuclitico.cl\/index.php\/wp-json\/wp\/v2\/posts\/3495","targetHints":{"allow":["GET"]}}],"collection":[{"href":"https:\/\/elpuclitico.cl\/index.php\/wp-json\/wp\/v2\/posts"}],"about":[{"href":"https:\/\/elpuclitico.cl\/index.php\/wp-json\/wp\/v2\/types\/post"}],"author":[{"embeddable":true,"href":"https:\/\/elpuclitico.cl\/index.php\/wp-json\/wp\/v2\/users\/1"}],"replies":[{"embeddable":true,"href":"https:\/\/elpuclitico.cl\/index.php\/wp-json\/wp\/v2\/comments?post=3495"}],"version-history":[{"count":2,"href":"https:\/\/elpuclitico.cl\/index.php\/wp-json\/wp\/v2\/posts\/3495\/revisions"}],"predecessor-version":[{"id":3498,"href":"https:\/\/elpuclitico.cl\/index.php\/wp-json\/wp\/v2\/posts\/3495\/revisions\/3498"}],"wp:featuredmedia":[{"embeddable":true,"href":"https:\/\/elpuclitico.cl\/index.php\/wp-json\/wp\/v2\/media\/3496"}],"wp:attachment":[{"href":"https:\/\/elpuclitico.cl\/index.php\/wp-json\/wp\/v2\/media?parent=3495"}],"wp:term":[{"taxonomy":"category","embeddable":true,"href":"https:\/\/elpuclitico.cl\/index.php\/wp-json\/wp\/v2\/categories?post=3495"},{"taxonomy":"post_tag","embeddable":true,"href":"https:\/\/elpuclitico.cl\/index.php\/wp-json\/wp\/v2\/tags?post=3495"}],"curies":[{"name":"wp","href":"https:\/\/api.w.org\/{rel}","templated":true}]}}