{"id":3550,"date":"2025-04-08T01:21:49","date_gmt":"2025-04-08T01:21:49","guid":{"rendered":"https:\/\/elpuclitico.cl\/?p=3550"},"modified":"2026-02-25T03:55:09","modified_gmt":"2026-02-25T03:55:09","slug":"sin-abordar-el-contenido-directiva-feuc-presenta-disculpas-por-el-post-del-8m","status":"publish","type":"post","link":"https:\/\/elpuclitico.cl\/index.php\/2025\/04\/08\/sin-abordar-el-contenido-directiva-feuc-presenta-disculpas-por-el-post-del-8m\/","title":{"rendered":"Sin abordar el contenido: Directiva FEUC presenta disculpas por el post del 8m\u00a0"},"content":{"rendered":"\n<p><em>Luego del Consejo FEUC extraordinario el 31 de marzo, en donde se rechaz\u00f3 la propuesta emitida por el comit\u00e9 fiscalizador, la directiva elabor\u00f3 su propia declaraci\u00f3n pidiendo disculpas<\/em>\u00a0<\/p>\n\n\n\n<p>El 6 de marzo, la directiva FEUC public\u00f3 un comunicado en Instagram respecto a la moci\u00f3n de paralizaci\u00f3n anunciada por algunas consejer\u00edas territoriales y centros de alumnos, quienes propon\u00edan un paro programado para el 7 de marzo. En la publicaci\u00f3n, explicaron las razones de su rechazo a la paralizaci\u00f3n.<\/p>\n\n\n\n<p>Antonia Middleton, vocera de la Comisi\u00f3n de Fiscalizaci\u00f3n del Consejo Ejecutivo, envi\u00f3 el 29 de marzo una propuesta de declaraci\u00f3n directiva para que fuera votada en el consejo ordinario de la FEUC el lunes 31 del mismo mes. Esta propuesta abordaba la solicitud de disculpas p\u00fablicas por parte de la federaci\u00f3n, debido al contenido del post.&nbsp;<\/p>\n\n\n\n<p>En la sesi\u00f3n de hoy, Mar\u00eda Jes\u00fas Ebner, secretaria general, antes de presentar la declaraci\u00f3n, se\u00f1al\u00f3: \u201cest\u00e1 declaraci\u00f3n no se aprob\u00f3, pero como hablamos en el consejo, nos comprometimos a realizar una declaraci\u00f3n (&#8230;) hicimos una autocr\u00edtica\u201d.&nbsp;<\/p>\n\n\n\n<p>\u201cComo directiva FEUC recibimos la preocupaci\u00f3n levantada por el Consejo y los territorios respecto al post subido en nuestra cuenta de Instagram el d\u00eda 7 de marzo, en el marco de la votaci\u00f3n para paralizaci\u00f3n del 8M\u201d, se\u00f1ala en las disculpas redactadas por la directiva.&nbsp;<\/p>\n","protected":false},"excerpt":{"rendered":"<p>Luego del Consejo FEUC extraordinario el 31 de marzo, en donde se rechaz\u00f3 la propuesta emitida por el comit\u00e9 fiscalizador, la directiva elabor\u00f3 su propia declaraci\u00f3n pidiendo disculpas\u00a0 El 6 de marzo, la directiva FEUC public\u00f3 un comunicado en Instagram respecto a la moci\u00f3n de paralizaci\u00f3n anunciada por algunas consejer\u00edas territoriales y centros de alumnos, [&hellip;]<\/p>\n","protected":false},"author":1,"featured_media":3551,"comment_status":"open","ping_status":"open","sticky":false,"template":"","format":"standard","meta":{"_eb_attr":"","_gspb_post_css":"","om_disable_all_campaigns":false,"_monsterinsights_skip_tracking":false,"_monsterinsights_sitenote_active":false,"_monsterinsights_sitenote_note":"","_monsterinsights_sitenote_category":0,"footnotes":""},"categories":[14,17],"tags":[22],"class_list":["post-3550","post","type-post","status-publish","format-standard","has-post-thumbnail","hentry","category-actualidad","category-politicauniversitaria","tag-destacado"],"blocksy_meta":[],"aioseo_notices":[],"_links":{"self":[{"href":"https:\/\/elpuclitico.cl\/index.php\/wp-json\/wp\/v2\/posts\/3550","targetHints":{"allow":["GET"]}}],"collection":[{"href":"https:\/\/elpuclitico.cl\/index.php\/wp-json\/wp\/v2\/posts"}],"about":[{"href":"https:\/\/elpuclitico.cl\/index.php\/wp-json\/wp\/v2\/types\/post"}],"author":[{"embeddable":true,"href":"https:\/\/elpuclitico.cl\/index.php\/wp-json\/wp\/v2\/users\/1"}],"replies":[{"embeddable":true,"href":"https:\/\/elpuclitico.cl\/index.php\/wp-json\/wp\/v2\/comments?post=3550"}],"version-history":[{"count":4,"href":"https:\/\/elpuclitico.cl\/index.php\/wp-json\/wp\/v2\/posts\/3550\/revisions"}],"predecessor-version":[{"id":3557,"href":"https:\/\/elpuclitico.cl\/index.php\/wp-json\/wp\/v2\/posts\/3550\/revisions\/3557"}],"wp:featuredmedia":[{"embeddable":true,"href":"https:\/\/elpuclitico.cl\/index.php\/wp-json\/wp\/v2\/media\/3551"}],"wp:attachment":[{"href":"https:\/\/elpuclitico.cl\/index.php\/wp-json\/wp\/v2\/media?parent=3550"}],"wp:term":[{"taxonomy":"category","embeddable":true,"href":"https:\/\/elpuclitico.cl\/index.php\/wp-json\/wp\/v2\/categories?post=3550"},{"taxonomy":"post_tag","embeddable":true,"href":"https:\/\/elpuclitico.cl\/index.php\/wp-json\/wp\/v2\/tags?post=3550"}],"curies":[{"name":"wp","href":"https:\/\/api.w.org\/{rel}","templated":true}]}}