{"id":3563,"date":"2025-04-09T15:20:09","date_gmt":"2025-04-09T15:20:09","guid":{"rendered":"https:\/\/elpuclitico.cl\/?p=3563"},"modified":"2025-04-09T15:20:12","modified_gmt":"2025-04-09T15:20:12","slug":"ahora-es-cuando","status":"publish","type":"post","link":"https:\/\/elpuclitico.cl\/index.php\/2025\/04\/09\/ahora-es-cuando\/","title":{"rendered":"Ahora es cuando"},"content":{"rendered":"\n<p>Estos d\u00edas han sido dif\u00edciles. La partida de Fernanda, compa\u00f1era de segundo a\u00f1o de nuestra facultad, y la de Nico, compa\u00f1ero de College de cuarto a\u00f1o, nos deja tristes y dolidos, pero tambi\u00e9n reflexivos. Al respecto, quisi\u00e9ramos compartir una reflexi\u00f3n con ustedes.<\/p>\n\n\n\n<p>Llama la atenci\u00f3n lo temprano que lleg\u00f3 el final de su camino, y un pensamiento com\u00fan al que uno tiende es preguntarse: \u201c\u00bfQu\u00e9 habr\u00eda sido de ellos cuando m\u00e1s grandes, qu\u00e9 aporte hubieran hecho al egresar y cumplir m\u00e1s a\u00f1os?\u201d Y la verdad, es que una pregunta similar surge al pensar en el futuro personal: \u201cCuando ya me encuentre en el mundo del trabajo, \u00bfc\u00f3mo podr\u00e9 contribuir a la sociedad\/empresa\/Chile?\u201d<\/p>\n\n\n\n<p>Pareciera que pensamos que solo al egresar y entrar al mundo laboral llega el momento de aportar, y que ahora al estudiar nos encontramos \u00fanicamente en un proceso de \u201cpreparaci\u00f3n\u201d. Pero aportar no tiene fecha de inicio, si so\u00f1amos con ser profesionales y personas integrales, es ahora cuando debemos ponernos en marcha. Cualquier sue\u00f1o grande inicia con los actos peque\u00f1os del d\u00eda a d\u00eda. No esperemos a un futuro incierto, a ser quien queremos ser.<\/p>\n\n\n\n<p>Ayudar a mi compa\u00f1ero con un ramo que le cuesta, regalarle una sonrisa a los dem\u00e1s en el pasillo, agradecer a los auxiliares, administrativos y profesores por lo que hacen, participar de un voluntariado social o de una iniciativa estudiantil de apoyo, escuchar con atenci\u00f3n a los dem\u00e1s y estar atento a si alguien se ve bajoneado y necesita \u00e1nimo. Pocas cosas se pueden decir con certeza, una de esas es que no existe mayor fuente de felicidad que hacer feliz a los dem\u00e1s.<\/p>\n\n\n\n<p>A veces las tareas del d\u00eda a d\u00eda nos hacen olvidarnos de eso, centr\u00e1ndonos en nosotros mismos, y es ah\u00ed cuando debemos reaccionar; sacar la mirada del ombligo y alegrarnos por la bonita oportunidad que se nos presenta todos los d\u00edas de hacer feliz a los dem\u00e1s. Es un regalo diario, y est\u00e1 al alcance de cualquiera abrirlo o no.<\/p>\n\n\n\n<p>Recordemos a Nico y Fernanda por todo lo que hicieron y no por lo que les \u00abfalt\u00f3\u00bb por hacer. Sin duda su vida fue mucho m\u00e1s que una \u201cpreparaci\u00f3n\u201d, y eso debe confortarnos e inspirarnos.<\/p>\n\n\n\n<p>Su partida repentina expone la fragilidad de la vida, y se hace necesario preguntarnos: \u201cHoy, siendo un estudiante universitario, \u00bfQu\u00e9 aporte quiero hacer a los dem\u00e1s?\u201d<\/p>\n\n\n\n<p><strong>Centro de Alumnos Administraci\u00f3n y Econom\u00eda<\/strong><\/p>\n\n\n\n<p><strong>Facultad Ingenier\u00eda Comercial<\/strong><\/p>\n","protected":false},"excerpt":{"rendered":"<p>Estos d\u00edas han sido dif\u00edciles. La partida de Fernanda, compa\u00f1era de segundo a\u00f1o de nuestra facultad, y la de Nico, compa\u00f1ero de College de cuarto a\u00f1o, nos deja tristes y dolidos, pero tambi\u00e9n reflexivos. Al respecto, quisi\u00e9ramos compartir una reflexi\u00f3n con ustedes. Llama la atenci\u00f3n lo temprano que lleg\u00f3 el final de su camino, y [&hellip;]<\/p>\n","protected":false},"author":1,"featured_media":3564,"comment_status":"open","ping_status":"open","sticky":false,"template":"","format":"standard","meta":{"_eb_attr":"","_gspb_post_css":"","om_disable_all_campaigns":false,"_monsterinsights_skip_tracking":false,"_monsterinsights_sitenote_active":false,"_monsterinsights_sitenote_note":"","_monsterinsights_sitenote_category":0,"footnotes":""},"categories":[12,21],"tags":[],"class_list":["post-3563","post","type-post","status-publish","format-standard","has-post-thumbnail","hentry","category-columnas-de-opinion","category-opinion"],"blocksy_meta":[],"aioseo_notices":[],"_links":{"self":[{"href":"https:\/\/elpuclitico.cl\/index.php\/wp-json\/wp\/v2\/posts\/3563","targetHints":{"allow":["GET"]}}],"collection":[{"href":"https:\/\/elpuclitico.cl\/index.php\/wp-json\/wp\/v2\/posts"}],"about":[{"href":"https:\/\/elpuclitico.cl\/index.php\/wp-json\/wp\/v2\/types\/post"}],"author":[{"embeddable":true,"href":"https:\/\/elpuclitico.cl\/index.php\/wp-json\/wp\/v2\/users\/1"}],"replies":[{"embeddable":true,"href":"https:\/\/elpuclitico.cl\/index.php\/wp-json\/wp\/v2\/comments?post=3563"}],"version-history":[{"count":2,"href":"https:\/\/elpuclitico.cl\/index.php\/wp-json\/wp\/v2\/posts\/3563\/revisions"}],"predecessor-version":[{"id":3566,"href":"https:\/\/elpuclitico.cl\/index.php\/wp-json\/wp\/v2\/posts\/3563\/revisions\/3566"}],"wp:featuredmedia":[{"embeddable":true,"href":"https:\/\/elpuclitico.cl\/index.php\/wp-json\/wp\/v2\/media\/3564"}],"wp:attachment":[{"href":"https:\/\/elpuclitico.cl\/index.php\/wp-json\/wp\/v2\/media?parent=3563"}],"wp:term":[{"taxonomy":"category","embeddable":true,"href":"https:\/\/elpuclitico.cl\/index.php\/wp-json\/wp\/v2\/categories?post=3563"},{"taxonomy":"post_tag","embeddable":true,"href":"https:\/\/elpuclitico.cl\/index.php\/wp-json\/wp\/v2\/tags?post=3563"}],"curies":[{"name":"wp","href":"https:\/\/api.w.org\/{rel}","templated":true}]}}