{"id":3607,"date":"2025-04-21T11:06:20","date_gmt":"2025-04-21T11:06:20","guid":{"rendered":"https:\/\/elpuclitico.cl\/?p=3607"},"modified":"2025-04-21T11:41:22","modified_gmt":"2025-04-21T11:41:22","slug":"papa-francisco-1936-2025","status":"publish","type":"post","link":"https:\/\/elpuclitico.cl\/index.php\/2025\/04\/21\/papa-francisco-1936-2025\/","title":{"rendered":"Papa Francisco (1936 &#8211; 2025)"},"content":{"rendered":"\n<p><em>Tras atravesar un complejo cuadro de salud que incluy\u00f3 una bronquitis con infecci\u00f3n polimicrobiana y una neumon\u00eda bilateral en febrero, muere el primer Sumo Pont\u00edfice proveniente del hemisferio sur.&nbsp;<\/em><\/p>\n\n\n\n<p>El Vaticano confirm\u00f3 este lunes 21 de abril de 2025 el fallecimiento del Papa Francisco a los 88 a\u00f1os, tras varios d\u00edas de complicaciones de salud. La noticia fue entregada por el cardenal Kevin Farrel, Camarlengo de la Santa Romana Iglesia:<\/p>\n\n\n\n<p><em>\u00abCon profundo dolor tengo que anunciar que el Papa Francisco ha muerto a las 7.35 horas de hoy (5.35 GMT), el obispo de Roma ha vuelto a la casa del padre, su vida entera ha estado dedicada servicio del Se\u00f1or y de su Iglesia y nos ha ense\u00f1ado el valor del evangelio con fidelidad, valor y amor universal y en manera particular a favor de los m\u00e1s pobres y marginados\u00bb,<\/em> expres\u00f3 el cardenal.<\/p>\n\n\n\n<p>Su muerte se produjo un d\u00eda despu\u00e9s de su \u00faltima aparici\u00f3n p\u00fablica, durante la bendici\u00f3n pascual&nbsp;<em>Urbi et Orbi<\/em>&nbsp;del domingo 20 de abril. En febrero de este a\u00f1o hab\u00eda sido internado en el hospital Gemelli de Roma, donde fue diagnosticado con un cuadro cl\u00ednico complejo que inclu\u00eda una infecci\u00f3n polimicrobiana y una neumon\u00eda bilateral.&nbsp;<\/p>\n\n\n\n<p>Con el nombre secular de Jorge Mario Bergoglio, fue elegido por el c\u00f3nclave en 2013 tras la renuncia de Benedicto XVI, y decidi\u00f3 ser conocido como Francisco en honor al santo de As\u00eds. De nacionalidad argentina, se convirti\u00f3 en el primer Papa jesuita y el primero proveniente del hemisferio sur. Adem\u00e1s, es el primer sumo pont\u00edfice originario de Am\u00e9rica y el primero no europeo desde el sirio Gregorio III, quien falleci\u00f3 en el a\u00f1o 741.&nbsp;<\/p>\n\n\n\n<p>En 1957 fue cuando decidi\u00f3 convertirse en sacerdote, donde culmin\u00f3 sus estudios en el juniorado de Chile, ubicado en lo que hoy es el Centro de Espiritualidad Loyola. All\u00ed profundiz\u00f3 sus estudios de historia, literatura, lat\u00edn y griego bajo las ense\u00f1anzas del sacerdote chileno, Carlos Aldunate.&nbsp;<\/p>\n\n\n\n<p>De esta manera, mantuvo una activa actuaci\u00f3n como sacerdote, destac\u00e1ndose como profesor y aprendiz de teolog\u00eda. A\u00f1os m\u00e1s tarde, tras el fallecimiento del arzobispo Antonio Quarracino lo sucedi\u00f3 en el cargo de arzobispo de Buenos Aires y Gran Canciller de la Universidad Cat\u00f3lica de Argentina.&nbsp;<\/p>\n\n\n\n<p>Durante su pontificado, se ratific\u00f3 a Ignacio S\u00e1nchez como rector de la universidad en 2015 y 2020, y en febrero de este a\u00f1o, se ratific\u00f3 al nuevo rector Juan Carlos de la Llera.&nbsp;<\/p>\n\n\n\n<p>Con su partida, la Iglesia cat\u00f3lica entra en un per\u00edodo de luto, para luego convocar a un c\u00f3nclave que re\u00fana a los sacerdotes menores de 80 a\u00f1os provenientes de todo el mundo, y escoger al sucesor del difunto Papa Francisco.\u00a0<\/p>\n","protected":false},"excerpt":{"rendered":"<p>Tras atravesar un complejo cuadro de salud que incluy\u00f3 una bronquitis con infecci\u00f3n polimicrobiana y una neumon\u00eda bilateral en febrero, muere el primer Sumo Pont\u00edfice proveniente del hemisferio sur.&nbsp; El Vaticano confirm\u00f3 este lunes 21 de abril de 2025 el fallecimiento del Papa Francisco a los 88 a\u00f1os, tras varios d\u00edas de complicaciones de salud. [&hellip;]<\/p>\n","protected":false},"author":1,"featured_media":3608,"comment_status":"open","ping_status":"open","sticky":false,"template":"","format":"standard","meta":{"_eb_attr":"","_gspb_post_css":"","om_disable_all_campaigns":false,"_monsterinsights_skip_tracking":false,"_monsterinsights_sitenote_active":false,"_monsterinsights_sitenote_note":"","_monsterinsights_sitenote_category":0,"footnotes":""},"categories":[14],"tags":[22],"class_list":["post-3607","post","type-post","status-publish","format-standard","has-post-thumbnail","hentry","category-actualidad","tag-destacado"],"blocksy_meta":[],"aioseo_notices":[],"_links":{"self":[{"href":"https:\/\/elpuclitico.cl\/index.php\/wp-json\/wp\/v2\/posts\/3607","targetHints":{"allow":["GET"]}}],"collection":[{"href":"https:\/\/elpuclitico.cl\/index.php\/wp-json\/wp\/v2\/posts"}],"about":[{"href":"https:\/\/elpuclitico.cl\/index.php\/wp-json\/wp\/v2\/types\/post"}],"author":[{"embeddable":true,"href":"https:\/\/elpuclitico.cl\/index.php\/wp-json\/wp\/v2\/users\/1"}],"replies":[{"embeddable":true,"href":"https:\/\/elpuclitico.cl\/index.php\/wp-json\/wp\/v2\/comments?post=3607"}],"version-history":[{"count":3,"href":"https:\/\/elpuclitico.cl\/index.php\/wp-json\/wp\/v2\/posts\/3607\/revisions"}],"predecessor-version":[{"id":3613,"href":"https:\/\/elpuclitico.cl\/index.php\/wp-json\/wp\/v2\/posts\/3607\/revisions\/3613"}],"wp:featuredmedia":[{"embeddable":true,"href":"https:\/\/elpuclitico.cl\/index.php\/wp-json\/wp\/v2\/media\/3608"}],"wp:attachment":[{"href":"https:\/\/elpuclitico.cl\/index.php\/wp-json\/wp\/v2\/media?parent=3607"}],"wp:term":[{"taxonomy":"category","embeddable":true,"href":"https:\/\/elpuclitico.cl\/index.php\/wp-json\/wp\/v2\/categories?post=3607"},{"taxonomy":"post_tag","embeddable":true,"href":"https:\/\/elpuclitico.cl\/index.php\/wp-json\/wp\/v2\/tags?post=3607"}],"curies":[{"name":"wp","href":"https:\/\/api.w.org\/{rel}","templated":true}]}}