{"id":3624,"date":"2025-04-23T00:54:55","date_gmt":"2025-04-23T00:54:55","guid":{"rendered":"https:\/\/elpuclitico.cl\/?p=3624"},"modified":"2026-02-25T03:52:56","modified_gmt":"2026-02-25T03:52:56","slug":"consejo-feuc-ratifica-nueva-consejera-territorial-para-educacion","status":"publish","type":"post","link":"https:\/\/elpuclitico.cl\/index.php\/2025\/04\/23\/consejo-feuc-ratifica-nueva-consejera-territorial-para-educacion\/","title":{"rendered":"Consejo FEUC ratifica nueva consejera territorial para Educaci\u00f3n"},"content":{"rendered":"\n<p><em>Tras la renuncia del ahora ex CT, Mart\u00edn Gonz\u00e1lez, asumir\u00e1 Constanza Gallardo, estudiante de segundo a\u00f1o de Educaci\u00f3n Parvularia<\/em><\/p>\n\n\n\n<p>El pasado lunes 21 de abril, Isidora Auger, coordinadora pol\u00edtica de Surgencia, se dirigi\u00f3 al Consejo FEUC a trav\u00e9s de la cadena de representantes para presentar de manera oficial a la nueva consejera territorial de Educaci\u00f3n, Constanza Gallardo. Durante el consejo ordinario del d\u00eda de hoy, con 75 votos a favor correspondientes al 97,4% y 2 abstenciones equivalentes al 2.6% de los votos, su cargo se hizo efectivo.&nbsp;<\/p>\n\n\n\n<p>Recordemos que, el pasado 26 de marzo, Mart\u00edn Gonz\u00e1lez anunci\u00f3 su renuncia a la consejer\u00eda territorial de Educaci\u00f3n. Tras esto, se inici\u00f3 un plazo de un mes para que el colectivo Surgencia presentara a una persona para subrogar el cargo. Lo anterior, seg\u00fan\u00a0lo establecido en el art\u00edculo 40 letra b de los estatutos FEUC.<\/p>\n\n\n\n<p>Constanza Gallardo, estudiante de segundo a\u00f1o de Pedagog\u00eda en Educaci\u00f3n Parvularia y miembro del colectivo Surgencia asumir\u00e1 la continuidad del cargo. Con base en lo anterior, y a trav\u00e9s de un correo enviado a la cadena de representantes, la nueva consejera territorial expres\u00f3 que asume esta oportunidad con \u201cresponsabilidad, motivaci\u00f3n y compromiso\u201d. Asimismo, plante\u00f3 su compromiso con trabajar de manera \u201ccolaborativa y transparente en conjunto con cada representante, y con nuestros compa\u00f1eros y compa\u00f1eras\u201d.<\/p>\n\n\n\n<p>Tras el consejo ordinario, El PUCl\u00edtico convers\u00f3 con Constanza. La nueva consejera territorial afirm\u00f3 que asumir\u00e1 el cargo con \u201cmucho cari\u00f1o por mi territorio en general, por las y les estudiantes del territorio\u201d. Gallardo tambi\u00e9n enfatiz\u00f3 en una consejer\u00eda que se ejecute con \u201cresponsabilidad y transparencia\u201d. Junto con lo anterior, se\u00f1al\u00f3 que su consejer\u00eda seguir\u00e1 el proyecto de Mart\u00edn Gonz\u00e1lez, \u201cpero claramente existen distintos matices porque somos personas distintas\u201d.<br><\/p>\n\n\n\n<p><\/p>\n","protected":false},"excerpt":{"rendered":"<p>Tras la renuncia del ahora ex CT, Mart\u00edn Gonz\u00e1lez, asumir\u00e1 Constanza Gallardo, estudiante de segundo a\u00f1o de Educaci\u00f3n Parvularia El pasado lunes 21 de abril, Isidora Auger, coordinadora pol\u00edtica de Surgencia, se dirigi\u00f3 al Consejo FEUC a trav\u00e9s de la cadena de representantes para presentar de manera oficial a la nueva consejera territorial de Educaci\u00f3n, [&hellip;]<\/p>\n","protected":false},"author":1,"featured_media":3625,"comment_status":"open","ping_status":"open","sticky":false,"template":"","format":"standard","meta":{"_eb_attr":"","_gspb_post_css":"","om_disable_all_campaigns":false,"_monsterinsights_skip_tracking":false,"_monsterinsights_sitenote_active":false,"_monsterinsights_sitenote_note":"","_monsterinsights_sitenote_category":0,"footnotes":""},"categories":[14,17],"tags":[22],"class_list":["post-3624","post","type-post","status-publish","format-standard","has-post-thumbnail","hentry","category-actualidad","category-politicauniversitaria","tag-destacado"],"blocksy_meta":[],"aioseo_notices":[],"_links":{"self":[{"href":"https:\/\/elpuclitico.cl\/index.php\/wp-json\/wp\/v2\/posts\/3624","targetHints":{"allow":["GET"]}}],"collection":[{"href":"https:\/\/elpuclitico.cl\/index.php\/wp-json\/wp\/v2\/posts"}],"about":[{"href":"https:\/\/elpuclitico.cl\/index.php\/wp-json\/wp\/v2\/types\/post"}],"author":[{"embeddable":true,"href":"https:\/\/elpuclitico.cl\/index.php\/wp-json\/wp\/v2\/users\/1"}],"replies":[{"embeddable":true,"href":"https:\/\/elpuclitico.cl\/index.php\/wp-json\/wp\/v2\/comments?post=3624"}],"version-history":[{"count":5,"href":"https:\/\/elpuclitico.cl\/index.php\/wp-json\/wp\/v2\/posts\/3624\/revisions"}],"predecessor-version":[{"id":3633,"href":"https:\/\/elpuclitico.cl\/index.php\/wp-json\/wp\/v2\/posts\/3624\/revisions\/3633"}],"wp:featuredmedia":[{"embeddable":true,"href":"https:\/\/elpuclitico.cl\/index.php\/wp-json\/wp\/v2\/media\/3625"}],"wp:attachment":[{"href":"https:\/\/elpuclitico.cl\/index.php\/wp-json\/wp\/v2\/media?parent=3624"}],"wp:term":[{"taxonomy":"category","embeddable":true,"href":"https:\/\/elpuclitico.cl\/index.php\/wp-json\/wp\/v2\/categories?post=3624"},{"taxonomy":"post_tag","embeddable":true,"href":"https:\/\/elpuclitico.cl\/index.php\/wp-json\/wp\/v2\/tags?post=3624"}],"curies":[{"name":"wp","href":"https:\/\/api.w.org\/{rel}","templated":true}]}}