{"id":3638,"date":"2025-04-24T19:29:09","date_gmt":"2025-04-24T19:29:09","guid":{"rendered":"https:\/\/elpuclitico.cl\/?p=3638"},"modified":"2026-02-25T03:53:57","modified_gmt":"2026-02-25T03:53:57","slug":"la-cancelacion-es-violencia-pura","status":"publish","type":"post","link":"https:\/\/elpuclitico.cl\/index.php\/2025\/04\/24\/la-cancelacion-es-violencia-pura\/","title":{"rendered":"\u201cLa cancelaci\u00f3n es violencia pura\u00bb"},"content":{"rendered":"\n<p><em>Tras las manifestaciones del estudiantado por una publicaci\u00f3n de la directiva de la FEUC, el rector de la UC, Juan Carlos de la Llera, declar\u00f3 tolerancia cero frente a la cancelaci\u00f3n y llam\u00f3 a preservar la universidad como un espacio de di\u00e1logo.<br><\/em><\/p>\n\n\n\n<p>El pasado mi\u00e9rcoles 23 de abril, en conversaci\u00f3n con el programa de streaming Desde la Redacci\u00f3n de La Tercera, el rector de la Pontificia Universidad Cat\u00f3lica, Juan Carlos de la Llera, se refiri\u00f3 a los hechos ocurridos el pasado 26 de marzo en las afueras de la oficina de la Federaci\u00f3n de Estudiantes de la UC (FEUC), luego de que esta publicara en sus redes sociales (@feuc.cl) un mensaje en apoyo a la \u00abdefensa de la vida\u00bb, en el marco del D\u00eda del Ni\u00f1o por Nacer.<\/p>\n\n\n\n<p><strong>\u00bfQu\u00e9 ocurri\u00f3 el 26 de marzo en el campus San Joaqu\u00edn?<\/strong><\/p>\n\n\n\n<p>Diversos estudiantes se manifestaron en contra de una publicaci\u00f3n realizada por la directiva de la FEUC, argumentando que ten\u00eda un car\u00e1cter ideol\u00f3gico que no representa al conjunto del estudiantado. Por esta raz\u00f3n, consideraron inapropiado que se difundiera desde una cuenta institucional. Las protestas incluyeron pancartas y consignas frente a la oficina de la federaci\u00f3n.<\/p>\n\n\n\n<p>En este contexto, el rector declar\u00f3 a La Tercera que \u201cel espacio que hay para la cancelaci\u00f3n en la universidad tiene que ser cero. O sea, tolerancia absolutamente cero\u201d. Adem\u00e1s, agreg\u00f3 que \u201cla cancelaci\u00f3n es verdaderamente una enfermedad hoy d\u00eda de las universidades\u201d.<\/p>\n\n\n\n<p>Respecto a las acciones que tomar\u00e1 la universidad, el rector anunci\u00f3 que se establecer\u00e1 una conversaci\u00f3n profunda sobre el fen\u00f3meno de la cancelaci\u00f3n, la cual comenzar\u00e1 \u201cmuy pronto\u201d.<\/p>\n\n\n\n<p>\u201cPara m\u00ed, la cancelaci\u00f3n es eso: violencia pura. La universidad es el espacio del uso de la raz\u00f3n, y por lo tanto, no puede ser el espacio donde se trencen disputas de este tipo, donde unas opiniones intenten imponerse sobre otras\u201d, sostuvo.<\/p>\n\n\n\n<p>Finalmente, de la Llera enfatiz\u00f3 que las universidades deben ser espacios de seguridad, en los que no puede haber personas que provoquen a otras, y donde se fomente el debate fundamentado: \u201cQue sea un espacio donde uno plantee sus posiciones con fundamentos\u201d.<\/p>\n","protected":false},"excerpt":{"rendered":"<p>Tras las manifestaciones del estudiantado por una publicaci\u00f3n de la directiva de la FEUC, el rector de la UC, Juan Carlos de la Llera, declar\u00f3 tolerancia cero frente a la cancelaci\u00f3n y llam\u00f3 a preservar la universidad como un espacio de di\u00e1logo. El pasado mi\u00e9rcoles 23 de abril, en conversaci\u00f3n con el programa de streaming [&hellip;]<\/p>\n","protected":false},"author":1,"featured_media":3639,"comment_status":"open","ping_status":"open","sticky":false,"template":"","format":"standard","meta":{"_eb_attr":"","_gspb_post_css":"","om_disable_all_campaigns":false,"_monsterinsights_skip_tracking":false,"_monsterinsights_sitenote_active":false,"_monsterinsights_sitenote_note":"","_monsterinsights_sitenote_category":0,"footnotes":""},"categories":[14,17],"tags":[22],"class_list":["post-3638","post","type-post","status-publish","format-standard","has-post-thumbnail","hentry","category-actualidad","category-politicauniversitaria","tag-destacado"],"blocksy_meta":[],"aioseo_notices":[],"_links":{"self":[{"href":"https:\/\/elpuclitico.cl\/index.php\/wp-json\/wp\/v2\/posts\/3638","targetHints":{"allow":["GET"]}}],"collection":[{"href":"https:\/\/elpuclitico.cl\/index.php\/wp-json\/wp\/v2\/posts"}],"about":[{"href":"https:\/\/elpuclitico.cl\/index.php\/wp-json\/wp\/v2\/types\/post"}],"author":[{"embeddable":true,"href":"https:\/\/elpuclitico.cl\/index.php\/wp-json\/wp\/v2\/users\/1"}],"replies":[{"embeddable":true,"href":"https:\/\/elpuclitico.cl\/index.php\/wp-json\/wp\/v2\/comments?post=3638"}],"version-history":[{"count":2,"href":"https:\/\/elpuclitico.cl\/index.php\/wp-json\/wp\/v2\/posts\/3638\/revisions"}],"predecessor-version":[{"id":3642,"href":"https:\/\/elpuclitico.cl\/index.php\/wp-json\/wp\/v2\/posts\/3638\/revisions\/3642"}],"wp:featuredmedia":[{"embeddable":true,"href":"https:\/\/elpuclitico.cl\/index.php\/wp-json\/wp\/v2\/media\/3639"}],"wp:attachment":[{"href":"https:\/\/elpuclitico.cl\/index.php\/wp-json\/wp\/v2\/media?parent=3638"}],"wp:term":[{"taxonomy":"category","embeddable":true,"href":"https:\/\/elpuclitico.cl\/index.php\/wp-json\/wp\/v2\/categories?post=3638"},{"taxonomy":"post_tag","embeddable":true,"href":"https:\/\/elpuclitico.cl\/index.php\/wp-json\/wp\/v2\/tags?post=3638"}],"curies":[{"name":"wp","href":"https:\/\/api.w.org\/{rel}","templated":true}]}}