{"id":3722,"date":"2025-05-08T11:57:53","date_gmt":"2025-05-08T11:57:53","guid":{"rendered":"https:\/\/elpuclitico.cl\/?p=3722"},"modified":"2026-02-25T03:50:09","modified_gmt":"2026-02-25T03:50:09","slug":"posturas-al-crudo-el-manejo-comunicacional-de-la-feuc-2025","status":"publish","type":"post","link":"https:\/\/elpuclitico.cl\/index.php\/2025\/05\/08\/posturas-al-crudo-el-manejo-comunicacional-de-la-feuc-2025\/","title":{"rendered":"Posturas al crudo: el manejo comunicacional de la FEUC 2025\u00a0"},"content":{"rendered":"\n<p><em><strong>FE DE ERRATAS:<\/strong> Por error de edici\u00f3n, se confundieron los Cargos de Javiera Berrocal, miembro del pacto de Amanecer el cual se organiza a trav\u00e9s de mesa pol\u00edtica y Clemente Fernandez, quien goza del puesto de segundo vicepresidente y no secretario ejecutivo.<\/em><\/p>\n\n\n\n<p><em>Entre las pol\u00e9micas que ha enfrentado la Federaci\u00f3n de Estudiantes de la Pontificia Universidad Cat\u00f3lica (FEUC) en el 2025, destacan las que conciernen a su manejo comunicacional. Muchas de sus publicaciones han causado revuelo, dejando ver quejas de estudiantes que no solo dicen no sentirse representados, sino tambi\u00e9n pasados a llevar. El dilema, originado a partir de un dr\u00e1stico recorte asignado a asesor\u00edas comunicacionales, encierra tambi\u00e9n, mensajes que nacen sin considerar receptores, alcances, y repercusiones.<\/em>&nbsp;<\/p>\n\n\n\n<p>\u201cAb\u00f3rtalo por si sale solidario\u00bb, se lee en algunos de los carteles pegados en la oficina de la FEUC; otros, exhiben un \u201cbasta de hablar por el estudiantado\u201d. Es 26 de marzo y el recinto amaneci\u00f3 completamente empapelado. Se escuchan gritos y consignas, y mientras agitan un lienzo, estudiantes protestan: no est\u00e1n de acuerdo con el post que la federaci\u00f3n public\u00f3 conmemorando el D\u00eda del Ni\u00f1o por Nacer, no han estado de acuerdo con los comunicados emitidos en ocasiones anteriores y, ciertamente, tampoco lo estar\u00e1n con aquellos que se publicar\u00e1n las pr\u00f3ximas semanas.&nbsp;<\/p>\n\n\n\n<p><strong>Los comunicados en cuesti\u00f3n<\/strong>&nbsp;<\/p>\n\n\n\n<p>El 30 de enero, a trav\u00e9s de una publicaci\u00f3n en Instagram, la directiva FEUC dio a conocer su presupuesto FEUC para el a\u00f1o 2025. En este, se anunci\u00f3 la reducci\u00f3n del presupuesto destinado a asesor\u00eda comunicacional, reduciendo este \u00edtem de $7,700,000 en 2024, a $0 en 2025.&nbsp; Antes de esto, ya hab\u00edan surgido un par de pol\u00e9micas debido a informaciones difundidas por la FEUC.&nbsp; El 22 de enero, causaron revuelo al comunicar que eliminar\u00edan vocal\u00edas creadas por federaciones anteriores, entre ellas, la de memoria \u2013dedicada a generar espacios de reflexi\u00f3n en torno a la dictadura- y la de feminismo.&nbsp;<\/p>\n\n\n\n<p>El primer incidente que suscit\u00f3 una pol\u00e9mica notoria para la FEUC lleg\u00f3 el 8 de marzo. A prop\u00f3sito del D\u00eda Internacional de la Mujer, se public\u00f3 un post con el titular \u201c\u00bfParo por el 8M?\u201d, donde la directiva FEUC expon\u00eda su postura en contra de llevar a cabo la votaci\u00f3n extraordinaria de un paro programado para el d\u00eda 7 de marzo. La situaci\u00f3n gener\u00f3 revuelo en el estudiantado. Muchos de los comentarios&nbsp;de la publicaci\u00f3n argumentaron que era posible confundir la postura publicada con los resultados oficiales de la votaci\u00f3n a paro. Aquello, no solo pod\u00eda causar desconcierto, sino tambi\u00e9n influir en los votos de los estudiantes.&nbsp;<\/p>\n\n\n\n<p>Los desacuerdos provocados por las declaraciones de la FEUC alcanzaron nuevas dimensiones a finales de marzo. La federaci\u00f3n, con motivo del D\u00eda del Ni\u00f1o por Nacer, realiz\u00f3 una publicaci\u00f3n el 25 de marzo. El comunicado dio cuenta de una postura provida respecto a la discusi\u00f3n sobre el derecho al aborto. En respuesta, Amanecer y la Nueva Acci\u00f3n Universitaria, un pacto y movimiento situados a la izquierda del espectro pol\u00edtico, acudieron a trav\u00e9s del boca a boca, a manifestarse al campus San Joaqu\u00edn. Las quejas, en aquella ocasi\u00f3n, m\u00e1s que ser o\u00eddas, fueron registradas por la federaci\u00f3n desde el interior de su oficina; las grabaciones ser\u00edan utilizadas en un video publicado el d\u00eda siguiente a modo de respuesta, registro audiovisual en que se tildar\u00eda a los movimientos de izquierda que acudieron a manifestarse como \u201cintolerantes\u201d.&nbsp;<\/p>\n\n\n\n<p>Por \u00faltimo, la m\u00e1s reciente pol\u00e9mica surgi\u00f3 a partir de un post subido el 27 de abril. La publicaci\u00f3n, que celebraba el d\u00eda del Carabinero, tuvo como resultado que la oposici\u00f3n emplazara a la FEUC acusando que el comunicado era innecesario e inoportuno. Esto, dado el gran alcance que posee la federaci\u00f3n, quienes publican contenido sin las sugerencias o recomendaciones de un asesor comunicacional. &nbsp;<\/p>\n\n\n\n<p><strong>Una respuesta de la FEUC<\/strong>&nbsp;<\/p>\n\n\n\n<p>\u201cNosotros quisimos reordenar las prioridades de la pol\u00edtica universitaria. Gastar esa plata en necesidades directas de los estudiantes como son las becas, es a lo que nosotros nos debemos\u201d, expresa Clemente Fern\u00e1ndez, secretario ejecutivo de la actual FEUC, al referirse a las razones que han motivado a la administraci\u00f3n vigente a reducir el presupuesto com\u00fanmente asignado al asesoramiento comunicacional.&nbsp;<\/p>\n\n\n\n<p>\u201cEn esa l\u00ednea creemos que gastar m\u00e1s de 7 millones en un periodista por parte de la FEUC, no se condice con las necesidades de nuestros compa\u00f1eros. La FEUC debe gastar los recursos (&#8230;) poniendo las urgencias en las mayores necesidades\u201d, a\u00f1ade Fern\u00e1ndez a su explicaci\u00f3n, dando a entender que la existencia de un filtro a la hora de emitir opiniones desde el oficialismo, no es una necesidad prioritaria para las interacciones rutinarias entre la FEUC y el estudiantado.&nbsp;<\/p>\n\n\n\n<p><strong>Comunicaci\u00f3n desde la expertiz<\/strong>&nbsp;<\/p>\n\n\n\n<p>Pese a que abundan profesionales expertos en comunicaci\u00f3n estrat\u00e9gica, lo cierto, es que muchos evitan emitir opiniones respecto a la situaci\u00f3n actual de la FEUC, argumentando cierto desconocimiento respecto a las pol\u00e9micas protagonizadas por la federaci\u00f3n. Distinto es el caso de Pablo Matus, acad\u00e9mico de la Pontificia Universidad Cat\u00f3lica de Chile dedicado al estudio de los discursos medi\u00e1ticos y de la comunicaci\u00f3n estrat\u00e9gica; quien, en conversaci\u00f3n con el equipo de El PUCl\u00edtico, ha afirmado que, incluso cuando es posible prescindir de un profesional que asesore en lo comunicacional a la FEUC, un \u00f3rgano como aquel deber\u00eda, antes de expresarse, dise\u00f1ar alg\u00fan tipo de estrategia.&nbsp;<\/p>\n\n\n\n<p>\u201cLo m\u00e1s importante en realidad es tener una suerte de pol\u00edtica o estrategia de comunicaci\u00f3n para que ciertas decisiones no sean azarosas ni accidentales, sino que en el fondo respondan a un dise\u00f1o que al menos pueda prever ciertos escenarios\u201d, explaya Matus al referirse a c\u00f3mo, aquello que se publica, tambi\u00e9n debe ser pensado desde las posibles consecuencias que se pueden generar.&nbsp;&nbsp;<\/p>\n\n\n\n<p>\u201cUn peque\u00f1o comit\u00e9 asesor de comunicaciones, alguien que no sea exacta ni exclusivamente del mismo equipo ejecutivo\u201d, a\u00f1ade Matus al mencionar que, idealmente, los mensajes emitidos por la FEUC deber\u00edan contar con alg\u00fan tipo de apreciaci\u00f3n por parte de individuos que no pertenezcan a la directiva, y que ayuden a esclarecer c\u00f3mo es que se ve el panorama desde afuera.&nbsp;&nbsp;<\/p>\n\n\n\n<p>Como tal, las declaraciones vertidas por Matus refieren a c\u00f3mo es que una federaci\u00f3n deber\u00eda operar. El experto es enf\u00e1tico en mencionar que, para una plena convivencia, es necesario tomar en cuenta las necesidades de quienes piensan distinto a la federaci\u00f3n. Sugiere, por ejemplo, llevar a cabo un \u201cmapeo permanente de actores con los cuales te vas a relacionar, desde el punto de vista de sus necesidades, sus intereses, el v\u00ednculo favorable o desfavorable que puedan tener con su propia agenda y a partir de ello empezar a construir una red de relaciones\u201d.&nbsp;&nbsp;&nbsp;<\/p>\n\n\n\n<p>Aun cuando el acad\u00e9mico sugiere que la FEUC realice ejercicios de identificaci\u00f3n respecto al resto de posturas que guarda el estudiantado; lo cierto, es que tambi\u00e9n recomienda una salida que tal vez pueda ser incluso m\u00e1s eficaz, y es que la FEUC logre \u201ctomar una decisi\u00f3n\u201d. Elegir si quiere ser una federaci\u00f3n conciliadora o contestataria, y aceptar las posibles consecuencias tras la determinaci\u00f3n; pues solo as\u00ed podr\u00eda mitigarse el desgaste medi\u00e1tico que est\u00e1 surgiendo en las interacciones con el resto de movimientos pol\u00edticos de la UC.&nbsp;<\/p>\n\n\n\n<p><strong>La mirada de la NAU<\/strong>&nbsp;<\/p>\n\n\n\n<p>La Nueva Acci\u00f3n Universitaria (NAU) ha representado una fuerte oposici\u00f3n a la actual FEUC de Solidaridad. Han sido protagonistas al momento de se\u00f1alar las controversias comunicacionales de la directiva. \u00abNo son solamente por inexperiencia, sino tambi\u00e9n por decisiones que ellos mismos han tomado (\u2026) como por ejemplo eliminar por completo el presupuesto para la asesor\u00eda comunicacional\u00bb, explaya Moira Cortez, coordinadora general de la NAU.&nbsp;&nbsp;<\/p>\n\n\n\n<p>El movimiento reconoce la elecci\u00f3n democr\u00e1tica de la FEUC, es decir, ellos estar\u00edan en su total facultad de representar las posturas de su movimiento; no obstante, precisa Moira, este supuesto de base no puede pasar a llevar la institucionalidad de la Universidad. \u00abEsta Federaci\u00f3n ha ignorado el Consejo FEUC -que es el m\u00e1ximo \u00f3rgano de representaci\u00f3n- al emitir declaraciones sin consultarlo, por ejemplo, cuando tomaron una postura pol\u00edtica antes de que se conocieran los resultados de una votaci\u00f3n universal para la paralizaci\u00f3n del 8M\u00bb, acusa Cortez.&nbsp;<\/p>\n\n\n\n<p>\u00abSi la FEUC sostiene que poseen legitimidad para expresar opiniones ideol\u00f3gicas, tambi\u00e9n deben entender que en una democracia s\u00f3lida se debe aceptar el disenso\u00bb, expresa Cortez, a su vez, al referirse a las acusaciones de \u00abcancelaci\u00f3n\u00bb y \u00abcensura\u00bb, que tanto la Directiva FEUC como el rector Juan Carlos de la Llera han expuesto en algunos de sus comunicados.&nbsp;<\/p>\n\n\n\n<p><strong>La perspectiva de Amanecer<\/strong>&nbsp;<\/p>\n\n\n\n<p>En una l\u00ednea similar, Amanecer tambi\u00e9n ha supuesto una f\u00e9rrea oposici\u00f3n a las ideas expuestas por la FEUC. Javiera Berrocal, secretaria general del pacto, es categ\u00f3rica al referirse a los comunicados emitidos por la federaci\u00f3n: \u201cEn su intento de separar los discursos del movimiento de Solidaridad, de su imagen como directiva FEUC, han ca\u00eddo en contradicciones evidentes, perdiendo credibilidad y generando una desconexi\u00f3n con el estudiantado\u201d.&nbsp;&nbsp;&nbsp;&nbsp;<\/p>\n\n\n\n<p>\u201cIgnoran decisiones previamente tomadas por estudiantes de la universidad, como lo votado en 2017 respecto al aborto, donde qued\u00f3 claro que ciertos temas ya hab\u00edan sido debatidos y definidos por el estudiantado\u201d, comenta Berrocal al referirse a c\u00f3mo la FEUC, m\u00e1s all\u00e1 de estar causando divisi\u00f3n al reabrir temas que ya parec\u00edan discutidos y zanjados, est\u00e1, sobre todo, fallando en su labor como entidad representativa del estudiantado, pues \u201chan utilizado su plataforma para reforzar una visi\u00f3n sesgada, que ha generado rechazo y ha profundizado la crisis de representaci\u00f3n en la federaci\u00f3n\u201d, manifiesta. &nbsp;<\/p>\n\n\n\n<p><strong>La postura de Avanzar<\/strong>&nbsp;<\/p>\n\n\n\n<p>Desde Avanzar, movimiento situado en la centro-derecha del espectro pol\u00edtico, tambi\u00e9n fueron emitidas declaraciones respecto al manejo comunicacional de la FEUC. Alonso Maga\u00f1a, coordinador general del movimiento, manifest\u00f3 una gran insatisfacci\u00f3n con el desempe\u00f1o comunicacional de la federaci\u00f3n. \u201cCreemos que hay temas que se pudieron haber tocado de mejor manera\u201d, se\u00f1al\u00f3.&nbsp; &nbsp;<\/p>\n\n\n\n<p>Maga\u00f1a sostuvo que la FEUC fue electa democr\u00e1ticamente, y, mientras sus opiniones se emitan con respeto, est\u00e1n en su derecho de expresarlas, aunque generen un alto disenso. No obstante, Maga\u00f1a tambi\u00e9n reflexiona respecto a las acciones de la oposici\u00f3n; se\u00f1ala, por ejemplo, que no hubo respeto en algunos carteles \u201cofensivos\u201d que los opositores de la federaci\u00f3n pegaron en las puertas de la oficina FEUC. El coordinador comenta que, en su momento, la FEUC de la Nueva Acci\u00f3n Universitaria realizaba las mismas pr\u00e1cticas, y \u201cahora ellos, muy hip\u00f3critamente, no est\u00e1n dejando a la federaci\u00f3n actual pronunciarse respecto a ciertos temas desde sus puntos de vista, m\u00e1s all\u00e1 de que estemos de acuerdo o no\u201d.&nbsp;<\/p>\n\n\n\n<p>Avanzar tambi\u00e9n se refiere a lo acontecido en torno a la oficina FEUC el 26 de marzo. Maga\u00f1a se reh\u00fasa a calificar la manifestaci\u00f3n de los carteles pegados a la oficina como un acto de \u201cintolerancia\u201d; por el contrario, considera que se trata de una expresi\u00f3n totalmente v\u00e1lida desde el punto de vista democr\u00e1tico: \u201cClaro que fueron violentos algunos carteles, claro que fueron violentos algunos dichos, algunas expresiones, acciones como tal. Pero la movilizaci\u00f3n (&#8230;) no creemos que haya sido algo violento en s\u00ed mismo, sino que cabe dentro de la libertad de expresi\u00f3n que tiene toda persona, o todo grupo de personas, de manifestarse sobre un tema\u201d.&nbsp;&nbsp;&nbsp;<\/p>\n\n\n\n<p><strong>\u00bfUna decisi\u00f3n ya tomada?<\/strong>&nbsp;<\/p>\n\n\n\n<p>Aun cuando la actual federaci\u00f3n ha afrontado diversas pol\u00e9micas, lo cierto es que gran parte del revuelo causado se origina, en parte, en lo que Pablo Matus llama el \u201cterreno gris\u201d en que operan las organizaciones del tipo federaci\u00f3n de estudiantes. \u201cEn el fondo son organizaciones intermedias que no son exactamente partidos pol\u00edticos, sino que son movimientos, en este caso estudiantiles, cuya premisa (&#8230;) es que est\u00e1n ah\u00ed para promover una visi\u00f3n de mundo estudiantil\u201d, expone Matus a la hora de se\u00f1alar que, muchas veces, los movimientos pol\u00edticos se sienten con el derecho de decir cosas que escapan al alcance que genuinamente tienen; ha pasado antes, \u201cha pasado con movimientos de todos los sectores\u201d, y supone \u201cun riesgo transversal\u201d.&nbsp;<\/p>\n\n\n\n<p>La NAU, por ejemplo, admite que en los periodos en que estuvo a cargo, tambi\u00e9n tuvo fallos comunicacionales: \u201cCreo que ninguna Federaci\u00f3n est\u00e1 exenta de cometer errores en comunicaciones (\u2026) Para nosotros la comunicaci\u00f3n es clave para poder conectar con los estudiantes, con la comunidad universitaria en general de manera clara y efectiva\u201d, expresa Moira Cortez al mencionar la importancia que tiene el asignar un presupuesto espec\u00edfico a recibir asesor\u00edas comunicacionales, declaraci\u00f3n que&nbsp; podr\u00eda tomarse como un consejo, pero que llega frente a un presupuesto que ya fue definido.&nbsp;<\/p>\n\n\n\n<p>Cierto es que, seg\u00fan Pablo Matus, mucho de la actual situaci\u00f3n de la FEUC podr\u00eda mejorar si existe una definici\u00f3n respecto a aquello que se quiere ser; es decir, el acabar de definirse como una federaci\u00f3n contestataria o una conciliadora, y actuar en consecuencia. No obstante, puede que aquella decisi\u00f3n ya haya sido tomada: \u201cAqu\u00ed el tema es que la izquierda, no est\u00e1 acostumbrada a escuchar y tolerar posiciones pol\u00edticas distintas (&#8230;) no hay un problema en lo que comunicamos, sino que hay un sector pol\u00edtico que no tolera posturas distintas, y nosotros no cederemos ante la cultura de la cancelaci\u00f3n\u201d, explaya Clemente Fern\u00e1ndez, desde la FEUC, al ser consultado sobre si sostiene el recorte en presupuesto comunicacional como un acierto.&nbsp;&nbsp;<\/p>\n\n\n\n<p>\u201cNosotros nos mantenemos firmes con nuestras convicciones y seguiremos defendiendo nuestros principios, porque nosotros s\u00ed representamos un cambio en la federaci\u00f3n\u201d, a\u00f1ade Fern\u00e1ndez a su explicaci\u00f3n, dejando claro que una decisi\u00f3n ya ha sido tomada, y que, en esta ocasi\u00f3n, como en muchas otras, las opiniones al crudo parecen primar sobre cualquier forma o deseo de conciliaci\u00f3n. &nbsp;<\/p>\n","protected":false},"excerpt":{"rendered":"<p>FE DE ERRATAS: Por error de edici\u00f3n, se confundieron los Cargos de Javiera Berrocal, miembro del pacto de Amanecer el cual se organiza a trav\u00e9s de mesa pol\u00edtica y Clemente Fernandez, quien goza del puesto de segundo vicepresidente y no secretario ejecutivo. Entre las pol\u00e9micas que ha enfrentado la Federaci\u00f3n de Estudiantes de la Pontificia [&hellip;]<\/p>\n","protected":false},"author":1,"featured_media":3723,"comment_status":"open","ping_status":"open","sticky":false,"template":"","format":"standard","meta":{"_eb_attr":"","_gspb_post_css":"","om_disable_all_campaigns":false,"_monsterinsights_skip_tracking":false,"_monsterinsights_sitenote_active":false,"_monsterinsights_sitenote_note":"","_monsterinsights_sitenote_category":0,"footnotes":""},"categories":[14,17,20],"tags":[22],"class_list":["post-3722","post","type-post","status-publish","format-standard","has-post-thumbnail","hentry","category-actualidad","category-politicauniversitaria","category-reportajes","tag-destacado"],"blocksy_meta":[],"aioseo_notices":[],"_links":{"self":[{"href":"https:\/\/elpuclitico.cl\/index.php\/wp-json\/wp\/v2\/posts\/3722","targetHints":{"allow":["GET"]}}],"collection":[{"href":"https:\/\/elpuclitico.cl\/index.php\/wp-json\/wp\/v2\/posts"}],"about":[{"href":"https:\/\/elpuclitico.cl\/index.php\/wp-json\/wp\/v2\/types\/post"}],"author":[{"embeddable":true,"href":"https:\/\/elpuclitico.cl\/index.php\/wp-json\/wp\/v2\/users\/1"}],"replies":[{"embeddable":true,"href":"https:\/\/elpuclitico.cl\/index.php\/wp-json\/wp\/v2\/comments?post=3722"}],"version-history":[{"count":2,"href":"https:\/\/elpuclitico.cl\/index.php\/wp-json\/wp\/v2\/posts\/3722\/revisions"}],"predecessor-version":[{"id":3726,"href":"https:\/\/elpuclitico.cl\/index.php\/wp-json\/wp\/v2\/posts\/3722\/revisions\/3726"}],"wp:featuredmedia":[{"embeddable":true,"href":"https:\/\/elpuclitico.cl\/index.php\/wp-json\/wp\/v2\/media\/3723"}],"wp:attachment":[{"href":"https:\/\/elpuclitico.cl\/index.php\/wp-json\/wp\/v2\/media?parent=3722"}],"wp:term":[{"taxonomy":"category","embeddable":true,"href":"https:\/\/elpuclitico.cl\/index.php\/wp-json\/wp\/v2\/categories?post=3722"},{"taxonomy":"post_tag","embeddable":true,"href":"https:\/\/elpuclitico.cl\/index.php\/wp-json\/wp\/v2\/tags?post=3722"}],"curies":[{"name":"wp","href":"https:\/\/api.w.org\/{rel}","templated":true}]}}