{"id":3737,"date":"2025-05-13T18:52:34","date_gmt":"2025-05-13T18:52:34","guid":{"rendered":"https:\/\/elpuclitico.cl\/?p=3737"},"modified":"2025-05-13T18:52:34","modified_gmt":"2025-05-13T18:52:34","slug":"quien-es-leon-xiv-y-como-lo-recibio-la-uc","status":"publish","type":"post","link":"https:\/\/elpuclitico.cl\/index.php\/2025\/05\/13\/quien-es-leon-xiv-y-como-lo-recibio-la-uc\/","title":{"rendered":"\u00bfQui\u00e9n es Le\u00f3n XIV y c\u00f3mo lo recibi\u00f3 la UC?\u00a0"},"content":{"rendered":"\n<p><em>El pasado 8 de mayo se anunci\u00f3 la elecci\u00f3n del nuevo papa, Le\u00f3n XIV, nombre papal de Robert Prevost, ciudadano estadounidense con nacionalidad peruana. \u00a0<\/em><\/p>\n\n\n\n<p>El pasado jueves 8 de mayo se confirm\u00f3 a Robert Francis Prevost, de 69 a\u00f1os, como el 267\u00b0 Sumo Pont\u00edfice encargado de ocupar el Trono de San Pedro. Quien ser\u00e1 conocido de nombre papal como Le\u00f3n XIV.&nbsp;<\/p>\n\n\n\n<p>Nacido en Chicago el 14 de septiembre de 1955. Tan solo tres a\u00f1os despu\u00e9s de ordenarse sacerdote, en 1985, emprendi\u00f3 su viaje a Per\u00fa, donde dirigi\u00f3 el seminario agustiniano de la ciudad de Trujillo durante diez a\u00f1os. En 2014 volver\u00eda a Per\u00fa como administrador apost\u00f3lico de la Di\u00f3cesis de Chiclayo, convirti\u00e9ndose en obispo de esa localidad tiempo despu\u00e9s. Tras su nombramiento en estos cargos, se nacionaliz\u00f3 peruano para cumplir con los concordatos entre la Santa Sede y Per\u00fa.&nbsp;<\/p>\n\n\n\n<p>De igual manera, form\u00f3 parte de la Conferencia Episcopal Peruana entre 2018 y 2023 con el puesto de vicepresidente segundo, y fue administrador apost\u00f3lico del Callao, provincia portuaria anexa a Lima.&nbsp;&nbsp;<\/p>\n\n\n\n<p>Licenciado en Ciencias Matem\u00e1ticas por la Universidad de Villanova, magister en Divinidad por la Catholic Theological Union de Chicago, y doctor en Derecho Can\u00f3nico por la Pontificia Universidad de Santo Tom\u00e1s de Aquino en Roma, Prevost permaneci\u00f3 en Per\u00fa hasta 2023, cuando el papa Francisco lo llam\u00f3 a Roma para asumir como prefecto del Dicasterio para los Obispos y presidente de la Pontificia Comisi\u00f3n para Am\u00e9rica Latina, encargada de prestar asistencia y examinar todos los asuntos relacionados a la Iglesia Cat\u00f3lica en Am\u00e9rica Latina.&nbsp;<\/p>\n\n\n\n<p>La elecci\u00f3n del nombre papal Le\u00f3n XIV se interpreta como un homenaje a Le\u00f3n XIII, recordado por su enc\u00edclica <em>Rerum Novarum<\/em>, primera enc\u00edclica social de la Iglesia Cat\u00f3lica que abord\u00f3 las condiciones laborales y los derechos de los trabajadores. Adem\u00e1s, sent\u00f3 las bases de la Doctrina Social de la Iglesia. Le\u00f3n XIV, al elegir este nombre, busca reflejar un compromiso con la justicia social, el di\u00e1logo y la inclusi\u00f3n.&nbsp;&nbsp;<\/p>\n\n\n\n<p><strong>Acusaciones de encubrir casos de abuso sexual<\/strong>&nbsp;<\/p>\n\n\n\n<p>A ra\u00edz de su elecci\u00f3n como el papa 267\u00b0, se evoc\u00f3 una nota publicada por el medio Infovaticana, el d\u00eda dos de abril del presente a\u00f1o, donde se indica que en el a\u00f1o 2022 la organizaci\u00f3n Survivors Network of those Abused By Priest (SNAP) present\u00f3 una denuncia formal al Vaticano. En este&nbsp;se se\u00f1ala a Prevost -quien en ese entonces desempe\u00f1aba su papel de Prefecto Dicasterio para los Obispos y presidente de la Pontificia Comisi\u00f3n para Am\u00e9rica Latina-, por encubrir casos de abuso sexual de parte los sacerdotes peruanos: Eleuterio V\u00e1squez Gonz\u00e1les y Ricardo Yesquen. Ambos acumulaban diversas denuncias desde 1997.&nbsp;<\/p>\n\n\n\n<p>Las v\u00edctimas acusaron a Robert Francis de no haber iniciado una investigaci\u00f3n formal ni haber notificado a las autoridades civiles competentes, lo que deriv\u00f3 al cierre del caso por parte del Dicasterio de la Fe en agosto de 2023, tras la prescripci\u00f3n de los delitos ante la justicia peruana.&nbsp;&nbsp;<\/p>\n\n\n\n<p><strong>La reacci\u00f3n de la UC<\/strong>&nbsp;<\/p>\n\n\n\n<p>La lluvia no fue impedimento para una serie de abrazos, campanas y estudiantes agolpados en los distintos televisores dispuestos por la universidad. As\u00ed recibi\u00f3 parte de la comunidad UC al nuevo papa. En ese sentido, el rector Juan Carlos de la Llera, en una carta al Mercurio, destac\u00f3 que: \u201cComo Pontifica Universidad Cat\u00f3lica de Chile vemos en esta elecci\u00f3n la reafirmaci\u00f3n de algo fundamental: la armon\u00eda entre la fe, ciencia y raz\u00f3n. En un mundo marcado por la superficialidad, polarizaci\u00f3n, inmediatez y el descr\u00e9dito del uso de la raz\u00f3n, la figura de un Papa con tan s\u00f3lida formaci\u00f3n intelectual nos anima y recuerda que la fe no limita de modo alguno al conocimiento humano, sino que, por el contrario, amplia nuestra conciencia\u201d.&nbsp;&nbsp;<\/p>\n\n\n\n<p>La actual FEUC tambi\u00e9n reaccion\u00f3 a la elecci\u00f3n. Emilia Cifuentes, primera vicepresidenta de la federaci\u00f3n, manifest\u00f3 al medio que recib\u00edan al nuevo papa con \u201cmuch\u00edsima esperanza\u201d. &nbsp;Destac\u00f3 que asumen su labor en un momento desafiante, pero lleno de oportunidades para expandir su mensaje y convertirse, seg\u00fan sus palabras: \u201cuna gu\u00eda en vivir una solidaridad aut\u00e9ntica\u201d hac\u00eda los j\u00f3venes.&nbsp;<\/p>\n\n\n\n<p>Asimismo, y sobre el nombre escogido por el ahora papa le\u00f3n XIV manifest\u00f3 que fue \u201cUna muy linda sorpresa. Nuestra l\u00ednea de pensamiento est\u00e1 basada en la Doctrina Social de la Iglesia, que parte con la Enc\u00edclica Rerum Novarun, del papa Le\u00f3n XIII\u201d. Cifuentes cerr\u00f3 comentando que: \u201cconfiamos en que se fortalezca una mirada de compromiso social, en que los m\u00e1s pobres y los menos escuchados est\u00e9n siempre en el centro\u201d. &nbsp;<\/p>\n","protected":false},"excerpt":{"rendered":"<p>El pasado 8 de mayo se anunci\u00f3 la elecci\u00f3n del nuevo papa, Le\u00f3n XIV, nombre papal de Robert Prevost, ciudadano estadounidense con nacionalidad peruana. \u00a0 El pasado jueves 8 de mayo se confirm\u00f3 a Robert Francis Prevost, de 69 a\u00f1os, como el 267\u00b0 Sumo Pont\u00edfice encargado de ocupar el Trono de San Pedro. Quien ser\u00e1 [&hellip;]<\/p>\n","protected":false},"author":1,"featured_media":3738,"comment_status":"open","ping_status":"open","sticky":false,"template":"","format":"standard","meta":{"_eb_attr":"","_gspb_post_css":"","om_disable_all_campaigns":false,"_monsterinsights_skip_tracking":false,"_monsterinsights_sitenote_active":false,"_monsterinsights_sitenote_note":"","_monsterinsights_sitenote_category":0,"footnotes":""},"categories":[14],"tags":[22],"class_list":["post-3737","post","type-post","status-publish","format-standard","has-post-thumbnail","hentry","category-actualidad","tag-destacado"],"blocksy_meta":[],"aioseo_notices":[],"_links":{"self":[{"href":"https:\/\/elpuclitico.cl\/index.php\/wp-json\/wp\/v2\/posts\/3737","targetHints":{"allow":["GET"]}}],"collection":[{"href":"https:\/\/elpuclitico.cl\/index.php\/wp-json\/wp\/v2\/posts"}],"about":[{"href":"https:\/\/elpuclitico.cl\/index.php\/wp-json\/wp\/v2\/types\/post"}],"author":[{"embeddable":true,"href":"https:\/\/elpuclitico.cl\/index.php\/wp-json\/wp\/v2\/users\/1"}],"replies":[{"embeddable":true,"href":"https:\/\/elpuclitico.cl\/index.php\/wp-json\/wp\/v2\/comments?post=3737"}],"version-history":[{"count":2,"href":"https:\/\/elpuclitico.cl\/index.php\/wp-json\/wp\/v2\/posts\/3737\/revisions"}],"predecessor-version":[{"id":3740,"href":"https:\/\/elpuclitico.cl\/index.php\/wp-json\/wp\/v2\/posts\/3737\/revisions\/3740"}],"wp:featuredmedia":[{"embeddable":true,"href":"https:\/\/elpuclitico.cl\/index.php\/wp-json\/wp\/v2\/media\/3738"}],"wp:attachment":[{"href":"https:\/\/elpuclitico.cl\/index.php\/wp-json\/wp\/v2\/media?parent=3737"}],"wp:term":[{"taxonomy":"category","embeddable":true,"href":"https:\/\/elpuclitico.cl\/index.php\/wp-json\/wp\/v2\/categories?post=3737"},{"taxonomy":"post_tag","embeddable":true,"href":"https:\/\/elpuclitico.cl\/index.php\/wp-json\/wp\/v2\/tags?post=3737"}],"curies":[{"name":"wp","href":"https:\/\/api.w.org\/{rel}","templated":true}]}}