{"id":3807,"date":"2025-06-06T22:17:55","date_gmt":"2025-06-06T22:17:55","guid":{"rendered":"https:\/\/elpuclitico.cl\/?p=3807"},"modified":"2026-02-25T03:52:04","modified_gmt":"2026-02-25T03:52:04","slug":"cuando-las-cartas-abren-debate-la-discusion-del-aborto-en-la-uc","status":"publish","type":"post","link":"https:\/\/elpuclitico.cl\/index.php\/2025\/06\/06\/cuando-las-cartas-abren-debate-la-discusion-del-aborto-en-la-uc\/","title":{"rendered":"Cuando las cartas abren debate: La discusi\u00f3n del aborto en la UC"},"content":{"rendered":"\n<p><em>Tras el anuncio del proyecto de ley sobre el aborto legal, el rector de la UC, Juan Carlos de la Llera, emiti\u00f3 una carta que, una vez publicada, gener\u00f3 discusi\u00f3n entre mujeres que han representado y representan a la universidad, en torno a la idea de legislar sobre el tema.\u00a0<\/em><\/p>\n\n\n\n<p>El pasado mi\u00e9rcoles 28 de mayo, previo a la cuenta p\u00fablica, el Gobierno present\u00f3 un proyecto de ley de aborto legal hasta las catorce semanas de embarazo. Dicho proyecto, constituye una de principales promesas de campa\u00f1a que, en su momento, realiz\u00f3 el presidente Gabriel Boric.&nbsp;&nbsp;<\/p>\n\n\n\n<p>En este contexto, el rector de la universidad, Juan Carlos de la Llera, a trav\u00e9s de una carta publicada en E<em>l Mercurio<\/em> manifest\u00f3 su preocupaci\u00f3n por \u201cla forma en que se busca reinstalar en el debate p\u00fablico la ley de aborto libre\u00bb. Se\u00f1al\u00f3 que, m\u00e1s all\u00e1 de las leg\u00edtimas posiciones personales, considera \u201cun verdadero desprop\u00f3sito y provocaci\u00f3n a la inteligencia humana politizar un tema tan sensible y profundo como este\u201d el cual -afirm\u00f3- se inscriben en el marco de una tremenda herida social. Por ello, calific\u00f3 como imprudente \u201cimponer temas en la discusi\u00f3n p\u00fablica que vuelvan a dividirnos como compatriotas\u201d. Finalmente, concluy\u00f3 su carta recordando <em>laudato s\u00ed, <\/em>enc\u00edclica<em> <\/em>del Papa Francisco con la cual aludi\u00f3 a que en esta conversaci\u00f3n \u201cnadie sobra\u201d.&nbsp;<\/p>\n\n\n\n<p>Tras esto, la respuesta no tard\u00f3 en llegar: expresidentas de la FEUC \u2014Naschla Aburman, Sof\u00eda Barahona, Bel\u00e9n Larrondo, Ignacia Henr\u00edquez, Maite Estay, Sabina Orellana y Catalina Jofr\u00e9\u2014 respondieron al rector se\u00f1alando que \u201cllamar a eso \u00b4despolitizaci\u00f3n\u00b4 es desconocer que los marcos legales son, por naturaleza, producto de deliberaciones pol\u00edticas, y que lo verdaderamente peligroso es pretender que una sola visi\u00f3n puede imponerse a toda la sociedad sin discusi\u00f3n\u201d. Destacaron, adem\u00e1s, que la democracia se fortalece \u201ccon apertura y con voluntad de construir soluciones colectivas\u201d. Finalmente, manifestaron que \u201cdiscutir temas dif\u00edciles no es una provocaci\u00f3n. Es un acto de confianza en la democracia\u201d.&nbsp;<\/p>\n\n\n\n<p>Sobre la carta, una de las expresidentas que particip\u00f3 en su redacci\u00f3n, Catalina Jofr\u00e9 manifest\u00f3 que \u201cnuestra cr\u00edtica m\u00e1s grande en la carta del rector es creer que esta discusi\u00f3n divide la sociedad\u201d.&nbsp;<\/p>\n\n\n\n<p>Con todo, la \u00faltima replica provino por parte de Emilia Cifuentes, Mar\u00eda Jes\u00fas Ebner, Carolina Mingo \u2014actual Directiva FEUC \u2014 y Matilda Aldunate, consejera superior, quienes, en un escrito titulado <em>\u201cQue tengan voz\u201d<\/em>, afirmaron estar de acuerdo en que discutir el aborto no es provocar, pero a\u00f1adieron que, en ese caso \u201cdejemos que los est\u00e1n por nacer tengan voz en otros que los hagan parte del debate\u201d.&nbsp;&nbsp;<\/p>\n\n\n\n<p>En esta l\u00ednea, y al ser consultada por El PUCl\u00edtico sobre los alcances de la carta, Matilda Aldunate, consejera superior, indic\u00f3 que con su escrito se refer\u00edan a que \u201csiempre estamos dispuestas a hablar de lo que sea necesario, con respeto y tolerancia. La discusi\u00f3n de un tema no deber\u00eda ser interpretada como una provocaci\u00f3n\u201d. A esto agreg\u00f3 que \u201cpodemos tener principios distintos pero la discusi\u00f3n siempre es posible y es uno de los valores primordiales de la democracia\u201d.&nbsp;<\/p>\n\n\n\n<p>Finalmente, concluy\u00f3 afirmando que, como consejer\u00eda superior, han trabajado durante todo el a\u00f1o por el estudiantado, indicando que \u201csi el estudiantado ve necesario abrir el espacio, seguiremos haci\u00e9ndolo como ha sido la t\u00f3nica del a\u00f1o con los debates en el patio\u201d.&nbsp;<\/p>\n\n\n\n<p>Desde la contraparte, Catalina Jofr\u00e9, expresidenta de la FEUC y firmante de la carta publicada en&nbsp;<em>El Mercurio<\/em>&nbsp;titulada \u201cDiscutir no es provocar\u201d, agradece a la directiva FEUC por estar \u201cde acuerdo con nosotras. Y que, por tanto, est\u00e9n en desacuerdo con lo que dice el rector\u201d.&nbsp;<\/p>\n\n\n\n<p>Agrega tambi\u00e9n: \u201cTengo toda la fe en que el rector De la Llera abra espacios de conversaci\u00f3n democr\u00e1tica, no solo sobre temas contingentes, sino que tambi\u00e9n atingen a la universidad. Hasta ahora, no creo que eso haya ocurrido, ya que los cambios no han sido visibles para los estudiantes (&#8230;) Esa promesa de cambio a\u00fan no es visible, y creo que ya es hora\u201d.&nbsp;<\/p>\n","protected":false},"excerpt":{"rendered":"<p>Tras el anuncio del proyecto de ley sobre el aborto legal, el rector de la UC, Juan Carlos de la Llera, emiti\u00f3 una carta que, una vez publicada, gener\u00f3 discusi\u00f3n entre mujeres que han representado y representan a la universidad, en torno a la idea de legislar sobre el tema.\u00a0 El pasado mi\u00e9rcoles 28 de [&hellip;]<\/p>\n","protected":false},"author":1,"featured_media":3809,"comment_status":"open","ping_status":"open","sticky":false,"template":"","format":"standard","meta":{"_eb_attr":"","_gspb_post_css":"","om_disable_all_campaigns":false,"_monsterinsights_skip_tracking":false,"_monsterinsights_sitenote_active":false,"_monsterinsights_sitenote_note":"","_monsterinsights_sitenote_category":0,"footnotes":""},"categories":[14,17],"tags":[22],"class_list":["post-3807","post","type-post","status-publish","format-standard","has-post-thumbnail","hentry","category-actualidad","category-politicauniversitaria","tag-destacado"],"blocksy_meta":[],"aioseo_notices":[],"_links":{"self":[{"href":"https:\/\/elpuclitico.cl\/index.php\/wp-json\/wp\/v2\/posts\/3807","targetHints":{"allow":["GET"]}}],"collection":[{"href":"https:\/\/elpuclitico.cl\/index.php\/wp-json\/wp\/v2\/posts"}],"about":[{"href":"https:\/\/elpuclitico.cl\/index.php\/wp-json\/wp\/v2\/types\/post"}],"author":[{"embeddable":true,"href":"https:\/\/elpuclitico.cl\/index.php\/wp-json\/wp\/v2\/users\/1"}],"replies":[{"embeddable":true,"href":"https:\/\/elpuclitico.cl\/index.php\/wp-json\/wp\/v2\/comments?post=3807"}],"version-history":[{"count":1,"href":"https:\/\/elpuclitico.cl\/index.php\/wp-json\/wp\/v2\/posts\/3807\/revisions"}],"predecessor-version":[{"id":3810,"href":"https:\/\/elpuclitico.cl\/index.php\/wp-json\/wp\/v2\/posts\/3807\/revisions\/3810"}],"wp:featuredmedia":[{"embeddable":true,"href":"https:\/\/elpuclitico.cl\/index.php\/wp-json\/wp\/v2\/media\/3809"}],"wp:attachment":[{"href":"https:\/\/elpuclitico.cl\/index.php\/wp-json\/wp\/v2\/media?parent=3807"}],"wp:term":[{"taxonomy":"category","embeddable":true,"href":"https:\/\/elpuclitico.cl\/index.php\/wp-json\/wp\/v2\/categories?post=3807"},{"taxonomy":"post_tag","embeddable":true,"href":"https:\/\/elpuclitico.cl\/index.php\/wp-json\/wp\/v2\/tags?post=3807"}],"curies":[{"name":"wp","href":"https:\/\/api.w.org\/{rel}","templated":true}]}}